{"id":281941,"date":"2025-07-29T13:05:10","date_gmt":"2025-07-29T13:05:10","guid":{"rendered":"https:\/\/www.europesays.com\/fr\/281941\/"},"modified":"2025-07-29T13:05:10","modified_gmt":"2025-07-29T13:05:10","slug":"ce-phenomene-de-pullulation-na-plus-eu-lieu-en-bretagne-depuis-plus-de-dix-ans-les-communes-du-pays-dauray-envahies-par-des-chenilles","status":"publish","type":"post","link":"https:\/\/www.europesays.com\/fr\/281941\/","title":{"rendered":"\u00ab\u00a0Ce ph\u00e9nom\u00e8ne de pullulation n\u2019a plus eu lieu en Bretagne depuis plus de dix ans\u00a0\u00bb\u00a0: les communes du pays d\u2019Auray envahies par des chenilles"},"content":{"rendered":"<p>En ce mois de juillet, nombreux sont les appels t\u00e9l\u00e9phoniques \u00e0 la mairie de Ploemel au sujet d\u2019un ph\u00e9nom\u00e8ne de pullulation de chenilles. Un ph\u00e9nom\u00e8ne peu courant qui touche apparemment tout le D\u00e9partement. La mairie a re\u00e7u, lundi 28 juillet, un courriel de la F\u00e9d\u00e9ration d\u00e9partementale des groupements de d\u00e9fense contre les organismes nuisibles du Morbihan (<a href=\"https:\/\/fredon.fr\/bretagne\/fdgdon-du-morbihan\" title=\"fredon.fr\" rel=\"nofollow noopener\" target=\"_blank\">FDGDON56<\/a>). Ces petites chenilles de couleur sombre, qui semblent \u00eatre partout en grand nombre actuellement, sont une esp\u00e8ce bien particuli\u00e8re de papillon nocturne, la lithosie quadrille, un papillon nocturne appel\u00e9 \u00ab\u00a0\u00e9caille\u00a0\u00bb.<\/p>\n<p>Pas une esp\u00e8ce dangereuse pour l\u2019homme<\/p>\n<p>Selon l\u2019information de la FDGDON56, \u00ab\u00a0ce ph\u00e9nom\u00e8ne de pullulation n\u2019a plus eu lieu en r\u00e9gion Bretagne depuis plus de dix ans pour cette esp\u00e8ce\u00a0\u00bb. Informations rassurantes, \u00ab\u00a0il ne s\u2019agit pas d\u2019une esp\u00e8ce dangereuse pour l\u2019homme\u00a0\u00bb et \u00ab\u00a0ne fait pas partie des esp\u00e8ces les plus urticantes comme peuvent \u00eatre les chenilles processionnaires du pin ou les chenilles processionnaires du ch\u00eane\u00a0\u00bb. La chenille en question \u00ab\u00a0se nourrit de feuilles d\u2019arbres et d\u2019arbustes assez vari\u00e9s, pouvant provoquer des d\u00e9foliations\u00a0\u00bb. N\u00e9anmoins, la consigne \u00e0 appliquer est de ne pas les toucher. Toujours selon la FDGDON56, il est probable que ce ph\u00e9nom\u00e8ne dure encore plusieurs jours.<\/p>\n","protected":false},"excerpt":{"rendered":"En ce mois de juillet, nombreux sont les appels t\u00e9l\u00e9phoniques \u00e0 la mairie de Ploemel au sujet d\u2019un&hellip;\n","protected":false},"author":2,"featured_media":281942,"comment_status":"","ping_status":"","sticky":false,"template":"","format":"standard","meta":{"footnotes":""},"categories":[1586],"tags":[11,7507,1777,674,1779,1011,27,3729,12,42128,25,1778,364],"class_list":{"0":"post-281941","1":"post","2":"type-post","3":"status-publish","4":"format-standard","5":"has-post-thumbnail","7":"category-europe","8":"tag-actualites","9":"tag-auray","10":"tag-eu","11":"tag-europe","12":"tag-european-union","13":"tag-fr","14":"tag-france","15":"tag-morbihan","16":"tag-news","17":"tag-ploemel","18":"tag-republique-francaise","19":"tag-ue","20":"tag-union-europeenne"},"share_on_mastodon":{"url":"https:\/\/pubeurope.com\/@fr\/114936671400105356","error":""},"_links":{"self":[{"href":"https:\/\/www.europesays.com\/fr\/wp-json\/wp\/v2\/posts\/281941","targetHints":{"allow":["GET"]}}],"collection":[{"href":"https:\/\/www.europesays.com\/fr\/wp-json\/wp\/v2\/posts"}],"about":[{"href":"https:\/\/www.europesays.com\/fr\/wp-json\/wp\/v2\/types\/post"}],"author":[{"embeddable":true,"href":"https:\/\/www.europesays.com\/fr\/wp-json\/wp\/v2\/users\/2"}],"replies":[{"embeddable":true,"href":"https:\/\/www.europesays.com\/fr\/wp-json\/wp\/v2\/comments?post=281941"}],"version-history":[{"count":0,"href":"https:\/\/www.europesays.com\/fr\/wp-json\/wp\/v2\/posts\/281941\/revisions"}],"wp:featuredmedia":[{"embeddable":true,"href":"https:\/\/www.europesays.com\/fr\/wp-json\/wp\/v2\/media\/281942"}],"wp:attachment":[{"href":"https:\/\/www.europesays.com\/fr\/wp-json\/wp\/v2\/media?parent=281941"}],"wp:term":[{"taxonomy":"category","embeddable":true,"href":"https:\/\/www.europesays.com\/fr\/wp-json\/wp\/v2\/categories?post=281941"},{"taxonomy":"post_tag","embeddable":true,"href":"https:\/\/www.europesays.com\/fr\/wp-json\/wp\/v2\/tags?post=281941"}],"curies":[{"name":"wp","href":"https:\/\/api.w.org\/{rel}","templated":true}]}}