{"id":281949,"date":"2025-07-29T13:11:11","date_gmt":"2025-07-29T13:11:11","guid":{"rendered":"https:\/\/www.europesays.com\/fr\/281949\/"},"modified":"2025-07-29T13:11:11","modified_gmt":"2025-07-29T13:11:11","slug":"collazo-met-en-avant-lattitude-de-woki-et-explique-les-raisons-derrieres-son-depart","status":"publish","type":"post","link":"https:\/\/www.europesays.com\/fr\/281949\/","title":{"rendered":"Collazo met en avant l\u2019attitude de Woki et explique les raisons derri\u00e8res son d\u00e9part"},"content":{"rendered":"<p>Cameron Woki s\u2019est refait une sant\u00e9 ces derniers mois. En grande difficult\u00e9 depuis la sortie de la Coupe du monde 2023, le troisi\u00e8me-ligne avait du mal \u00e0 s\u2019affirmer du c\u00f4t\u00e9 du Racing 92. L\u2019arriv\u00e9e de Patrice Collazo en cours de saison pour maintenir le club a port\u00e9 ses fruits et l\u2019international fran\u00e7ais a hauss\u00e9 son niveau de jeu.<\/p>\n<p>\u00ab \u00c7a a match\u00e9 entre nous\u00a0\u00bb<\/p>\n<p>Seulement, \u00e0 un an de la fin de son contrat, Woki a \u00e9mis le souhait de quitter la r\u00e9gion parisienne pour revenir \u00e0 Bordeaux, o\u00f9 il s\u2019\u00e9tait r\u00e9v\u00e9l\u00e9. Un choix compris par son club, qui a accept\u00e9 de le lib\u00e9rer. Pour <a href=\"https:\/\/www.rugbyrama.fr\/2025\/07\/29\/top-14-nouveaux-visages-gros-defis-le-racing-92-lance-la-machine-12847254.php\" rel=\"nofollow noopener\" target=\"_blank\">Midi Olympique<\/a>, Patrice Collazo a rendu hommage \u00e0 son ancien joueur.<\/p>\n<blockquote>\n<p>\u00ab\u00a0Cameron, c\u2019est quelqu\u2019un que j\u2019ai d\u00e9couvert \u00e0 mon arriv\u00e9e ici. Il avait besoin de se recentrer sur des choses qu\u2019il aime faire et qu\u2019il ma\u00eetrise. C\u2019est ce qu\u2019on a fait. Ce d\u00e9part \u00e0 Bordeaux, c\u2019est un souhait de sa part mais on n\u2019est pas sur un probl\u00e8me de personnes ou de comportement. Ces derniers mois, \u00e7a a match\u00e9 entre nous, je ne voulais pas qu\u2019on se f\u00e2che et on s\u2019est quitt\u00e9 en bons termes : pour tout vous dire, il est m\u00eame venu nous voir au club lundi dernier\u00a0\u00bb<\/p>\n<\/blockquote>\n<p>Partagez cette info avec vos amis et vos proches en cliquant ici<br \/>Pour r\u00e9sumer<\/p>\n<p>Patrice Collazo est revenu pour Midi Olympique sur les circonstances autours du d\u00e9part de Cameron Woki \u00e0 l\u2019Union Bordeaux-B\u00e8gles, \u00e0 un an de la fin de son contrat. Le manager du Racing 92 a mis en avant son attitude.<\/p>\n<p> <img decoding=\"async\" width=\"76\" height=\"76\" loading=\"lazy\" src=\"https:\/\/www.europesays.com\/fr\/wp-content\/uploads\/2025\/04\/avatar-quinze.png\" alt=\"Arnaud D\u00e9chelotte\"\/><\/p>\n","protected":false},"excerpt":{"rendered":"Cameron Woki s\u2019est refait une sant\u00e9 ces derniers mois. En grande difficult\u00e9 depuis la sortie de la Coupe&hellip;\n","protected":false},"author":2,"featured_media":281950,"comment_status":"","ping_status":"","sticky":false,"template":"","format":"standard","meta":{"footnotes":""},"categories":[1416],"tags":[1011,27,479,1468,60],"class_list":{"0":"post-281949","1":"post","2":"type-post","3":"status-publish","4":"format-standard","5":"has-post-thumbnail","7":"category-rugby","8":"tag-fr","9":"tag-france","10":"tag-rugby","11":"tag-rugby-football","12":"tag-sports"},"share_on_mastodon":{"url":"https:\/\/pubeurope.com\/@fr\/114936694978774098","error":""},"_links":{"self":[{"href":"https:\/\/www.europesays.com\/fr\/wp-json\/wp\/v2\/posts\/281949","targetHints":{"allow":["GET"]}}],"collection":[{"href":"https:\/\/www.europesays.com\/fr\/wp-json\/wp\/v2\/posts"}],"about":[{"href":"https:\/\/www.europesays.com\/fr\/wp-json\/wp\/v2\/types\/post"}],"author":[{"embeddable":true,"href":"https:\/\/www.europesays.com\/fr\/wp-json\/wp\/v2\/users\/2"}],"replies":[{"embeddable":true,"href":"https:\/\/www.europesays.com\/fr\/wp-json\/wp\/v2\/comments?post=281949"}],"version-history":[{"count":0,"href":"https:\/\/www.europesays.com\/fr\/wp-json\/wp\/v2\/posts\/281949\/revisions"}],"wp:featuredmedia":[{"embeddable":true,"href":"https:\/\/www.europesays.com\/fr\/wp-json\/wp\/v2\/media\/281950"}],"wp:attachment":[{"href":"https:\/\/www.europesays.com\/fr\/wp-json\/wp\/v2\/media?parent=281949"}],"wp:term":[{"taxonomy":"category","embeddable":true,"href":"https:\/\/www.europesays.com\/fr\/wp-json\/wp\/v2\/categories?post=281949"},{"taxonomy":"post_tag","embeddable":true,"href":"https:\/\/www.europesays.com\/fr\/wp-json\/wp\/v2\/tags?post=281949"}],"curies":[{"name":"wp","href":"https:\/\/api.w.org\/{rel}","templated":true}]}}