{"id":281951,"date":"2025-07-29T13:12:14","date_gmt":"2025-07-29T13:12:14","guid":{"rendered":"https:\/\/www.europesays.com\/fr\/281951\/"},"modified":"2025-07-29T13:12:14","modified_gmt":"2025-07-29T13:12:14","slug":"atp-safina-doute-des-intentions-de-zverev-je-ne-sais-pas-dans-quelle-mesure-sasha-est-pret-a-changer-car-toni-nadal-est-quelquun-de-tres-direct","status":"publish","type":"post","link":"https:\/\/www.europesays.com\/fr\/281951\/","title":{"rendered":"ATP > Safina doute des intentions de Zverev : \u00ab\u00a0Je ne sais pas dans quelle mesure Sasha est pr\u00eat \u00e0 changer car Toni Nadal est quelqu&rsquo;un de tr\u00e8s direct\u00a0\u00bb"},"content":{"rendered":"<p>S\u2019exprimant dans un podcast russe, Safina a \u00e9mis des doutes concer\u00adnant la future colla\u00adbo\u00adra\u00adtion entre Toni Nadal et Alexandre Zverev.<\/p>\n<p><strong>\u00ab\u202fCe sera vrai\u00adment int\u00e9\u00adres\u00adsant \u00e0 regarder. Tony est tr\u00e8s direct. Je ne sais pas dans quelle mesure Sasha est pr\u00eat \u00e0 changer et \u00e0 int\u00e9\u00adgrer quel\u00adqu\u2019un d\u2019autre dans son \u00e9quipe. On verra bien. Il me semble que beau\u00adcoup d\u00e9pendra de Sasha dans cette union. De son envie de changer, de l\u2019\u00e9couter et d\u2019es\u00adsayer de nouvelles choses. Bien s\u00fbr, je lui souhaite bonne chance\u202f\u00bb<\/strong><\/p>\n<p class=\"post-published-date\" style=\"color: silver; font-size: 75%; text-align: left;\">Publi\u00e9 le mardi 29 juillet 2025 \u00e0 13:45<\/p>\n","protected":false},"excerpt":{"rendered":"S\u2019exprimant dans un podcast russe, Safina a \u00e9mis des doutes concer\u00adnant la future colla\u00adbo\u00adra\u00adtion entre Toni Nadal et&hellip;\n","protected":false},"author":2,"featured_media":281952,"comment_status":"","ping_status":"","sticky":false,"template":"","format":"standard","meta":{"footnotes":""},"categories":[1415],"tags":[1011,27,1960,60,1467,4542],"class_list":{"0":"post-281951","1":"post","2":"type-post","3":"status-publish","4":"format-standard","5":"has-post-thumbnail","7":"category-tennis","8":"tag-fr","9":"tag-france","10":"tag-nadal","11":"tag-sports","12":"tag-tennis","13":"tag-zverev"},"share_on_mastodon":{"url":"https:\/\/pubeurope.com\/@fr\/114936698803443689","error":""},"_links":{"self":[{"href":"https:\/\/www.europesays.com\/fr\/wp-json\/wp\/v2\/posts\/281951","targetHints":{"allow":["GET"]}}],"collection":[{"href":"https:\/\/www.europesays.com\/fr\/wp-json\/wp\/v2\/posts"}],"about":[{"href":"https:\/\/www.europesays.com\/fr\/wp-json\/wp\/v2\/types\/post"}],"author":[{"embeddable":true,"href":"https:\/\/www.europesays.com\/fr\/wp-json\/wp\/v2\/users\/2"}],"replies":[{"embeddable":true,"href":"https:\/\/www.europesays.com\/fr\/wp-json\/wp\/v2\/comments?post=281951"}],"version-history":[{"count":0,"href":"https:\/\/www.europesays.com\/fr\/wp-json\/wp\/v2\/posts\/281951\/revisions"}],"wp:featuredmedia":[{"embeddable":true,"href":"https:\/\/www.europesays.com\/fr\/wp-json\/wp\/v2\/media\/281952"}],"wp:attachment":[{"href":"https:\/\/www.europesays.com\/fr\/wp-json\/wp\/v2\/media?parent=281951"}],"wp:term":[{"taxonomy":"category","embeddable":true,"href":"https:\/\/www.europesays.com\/fr\/wp-json\/wp\/v2\/categories?post=281951"},{"taxonomy":"post_tag","embeddable":true,"href":"https:\/\/www.europesays.com\/fr\/wp-json\/wp\/v2\/tags?post=281951"}],"curies":[{"name":"wp","href":"https:\/\/api.w.org\/{rel}","templated":true}]}}