{"id":281953,"date":"2025-07-29T13:13:10","date_gmt":"2025-07-29T13:13:10","guid":{"rendered":"https:\/\/www.europesays.com\/fr\/281953\/"},"modified":"2025-07-29T13:13:10","modified_gmt":"2025-07-29T13:13:10","slug":"le-tgb-nest-pas-retenu-en-ligue-2-feminine-de-basket-la-retrogradation-en-regionale-se-confirme","status":"publish","type":"post","link":"https:\/\/www.europesays.com\/fr\/281953\/","title":{"rendered":"Le TGB n\u2019est pas retenu en Ligue 2 f\u00e9minine de basket, la r\u00e9trogradation en r\u00e9gionale se confirme"},"content":{"rendered":"<p>\n                                                                La f\u00e9d\u00e9ration fran\u00e7aise de basket (FFBB) vient de publier la composition de la Ligue 2 de basket f\u00e9minine. Le Tarbes Gespe Bigorre (TGB) n\u2019est pas retenu pour disputer ce championnat qui d\u00e9marre le 27\u00a0septembre prochain. Cela confirme la r\u00e9trogradation du TGB en r\u00e9gionale.\n                            <\/p>\n<p>Le TGB ne jouera pas en Ligue 2 f\u00e9minine de basket lors de la saison 2025\/2026. Le nom du club tarbais, finaliste du championnat de premi\u00e8re\u00a0division, La Boulang\u00e8re Wonderligue (LBWL), n\u2019appara\u00eet pas dans la liste des clubs engag\u00e9s rendue public par la f\u00e9d\u00e9ration fran\u00e7aise de basket-ball (FFBB).<\/p>\n<p>\u00ab\u00a0Faisant suite \u00e0 la r\u00e9trogradation administrative du club d\u2019Alen\u00e7on par les organismes de gestion, et apr\u00e8s le rep\u00eachage du club de Chartres dans le championnat de 1\u00e8re division, La Boulang\u00e8re Wonderligue (LBWL), le Bureau F\u00e9d\u00e9ral a d\u00e9cid\u00e9 de proposer \u00e0 deux clubs (SI Graffenstaden Basket * et\u00a0GCO Bihorel *), en respectant le ranking de Nationale F\u00e9minine 1 (NF1 \u2013 3e division f\u00e9minine) de postuler au championnat de Ligue F\u00e9minine 2 (LF2) sous r\u00e9serve de l\u2019avis favorable de leur engagement en LF2 par la Commission de Contr\u00f4le de Gestion (CCG)\u00a0\u00bb note <a href=\"https:\/\/www.ffbb.com\/actualites\/composition-de-la-ligue-feminine-2-saison-2025-2026?fbclid=IwY2xjawL1gOpleHRuA2FlbQIxMABicmlkETF2N3VGdWd0RWxjNFhKTnMzAR4Ro7Zb39N6NffjzFz3xZu85W_X0uljPcYjzbZ3B3vVn22PkcKhQdCe2fBQOw_aem_v4_3zG6Sm2sWQd2yAtR-kw\" target=\"_self\" rel=\"nofollow noopener\">la f\u00e9d\u00e9ration fran\u00e7aise de basket-ball dans un communiqu\u00e9<\/a>.<\/p>\n<p>La Ligue F\u00e9minine 2 sera compos\u00e9e des 14 clubs suivants pour la saison 2025-2026 (les 12 premiers clubs ayant d\u00e9j\u00e0 obtenu un avis favorable de la CCG), pr\u00e9cise la FFBB dans sa communication.<\/p>\n<p>\u00ab\u00a0Si la Commission de Contr\u00f4le de Gestion (CCG) venait \u00e0 invalider l\u2019un ou les deux dossiers en LF2, alors la LF2 comprendrait un ou deux exempts dans la conception de son calendrier pour la saison 2025-2026\u00a0\u00bb d\u00e9taille la F\u00e9d\u00e9ration.<\/p>\n<p>La ligue 2 f\u00e9minine de basket verra s\u2019affronter en championnat\u00a0:<\/p>\n<p>Aulnoye AS<br \/>Feytiat Basket 87<br \/>Aplemont Le\u00a0Havre Basket<br \/>USO Mondeville Basket<br \/>Montbrison F\u00e9minines BC<br \/>Cavigal Nice Basket 06<br \/>Pays Voironnais Basket Club<br \/>Saint-Amand Hainaut Basket<br \/>BC La Tronche Meylan<br \/>Monaco Basket Association<br \/>Champagne Basket F\u00e9minin<br \/>P\u00f4le France BasketBall (Centre F\u00e9d\u00e9ral BB)<br \/>SI Graffenstaden Basket *<br \/>GCO Bihorel *<\/p>\n<p>\u00ab\u00a0La premi\u00e8re journ\u00e9e de la saison 2025-2026 de Ligue F\u00e9minine 2 aura lieu le samedi 27\u00a0septembre 2025\u00a0\u00bb ajoute la FFBB.<\/p>\n<p>La FFBB a confirm\u00e9\u00a0\u00ab\u00a0la r\u00e9trogradation administrative du club de Tarbes au niveau r\u00e9gional \u00a0\u00bb lors de la publication de la composition du championnat de Ligue 1 f\u00e9minine de basket.<\/p>\n<p>Saisi par le TGB, le CNOSF a rendu, le\u00a07\u00a0juillet dernier, une r\u00e9ponse n\u00e9gative \u00e0 la demande de conciliation \u00e9mise par le club tarbais.<\/p>\n","protected":false},"excerpt":{"rendered":"La f\u00e9d\u00e9ration fran\u00e7aise de basket (FFBB) vient de publier la composition de la Ligue 2 de basket f\u00e9minine.&hellip;\n","protected":false},"author":2,"featured_media":281954,"comment_status":"","ping_status":"","sticky":false,"template":"","format":"standard","meta":{"footnotes":""},"categories":[1414],"tags":[1465,1464,1011,27,60],"class_list":{"0":"post-281953","1":"post","2":"type-post","3":"status-publish","4":"format-standard","5":"has-post-thumbnail","7":"category-basket","8":"tag-basket","9":"tag-basketball","10":"tag-fr","11":"tag-france","12":"tag-sports"},"share_on_mastodon":{"url":"https:\/\/pubeurope.com\/@fr\/114936702777714382","error":""},"_links":{"self":[{"href":"https:\/\/www.europesays.com\/fr\/wp-json\/wp\/v2\/posts\/281953","targetHints":{"allow":["GET"]}}],"collection":[{"href":"https:\/\/www.europesays.com\/fr\/wp-json\/wp\/v2\/posts"}],"about":[{"href":"https:\/\/www.europesays.com\/fr\/wp-json\/wp\/v2\/types\/post"}],"author":[{"embeddable":true,"href":"https:\/\/www.europesays.com\/fr\/wp-json\/wp\/v2\/users\/2"}],"replies":[{"embeddable":true,"href":"https:\/\/www.europesays.com\/fr\/wp-json\/wp\/v2\/comments?post=281953"}],"version-history":[{"count":0,"href":"https:\/\/www.europesays.com\/fr\/wp-json\/wp\/v2\/posts\/281953\/revisions"}],"wp:featuredmedia":[{"embeddable":true,"href":"https:\/\/www.europesays.com\/fr\/wp-json\/wp\/v2\/media\/281954"}],"wp:attachment":[{"href":"https:\/\/www.europesays.com\/fr\/wp-json\/wp\/v2\/media?parent=281953"}],"wp:term":[{"taxonomy":"category","embeddable":true,"href":"https:\/\/www.europesays.com\/fr\/wp-json\/wp\/v2\/categories?post=281953"},{"taxonomy":"post_tag","embeddable":true,"href":"https:\/\/www.europesays.com\/fr\/wp-json\/wp\/v2\/tags?post=281953"}],"curies":[{"name":"wp","href":"https:\/\/api.w.org\/{rel}","templated":true}]}}