{"id":281955,"date":"2025-07-29T13:14:11","date_gmt":"2025-07-29T13:14:11","guid":{"rendered":"https:\/\/www.europesays.com\/fr\/281955\/"},"modified":"2025-07-29T13:14:11","modified_gmt":"2025-07-29T13:14:11","slug":"deux-equipes-ont-deja-clairement-annonce-la-couleur-avec-ducati-en-vue-de-2027","status":"publish","type":"post","link":"https:\/\/www.europesays.com\/fr\/281955\/","title":{"rendered":"deux \u00e9quipes ont d\u00e9j\u00e0 clairement annonc\u00e9 la couleur avec Ducati en vue de 2027"},"content":{"rendered":"<p>En 2027, un changement de r\u00e8glement va avoir lieu en MotoGP. Il s&rsquo;av\u00e8re que dans deux ans, le MotoGP va adopter un nouveau r\u00e8glement technique. Et qui dit changement de r\u00e8glement dit possibilit\u00e9 de sceller de nouveaux accords ou renouveler les investissements en cours. Et cela pourrait changer beaucoup de choses pour Ducati, qui r\u00e8gne sur l&rsquo;\u00e8re actuelle. Mais alors que ce changement aura lieu dans deux ans, les deux \u00e9quipes satellites li\u00e9es \u00e0 Borgo Panigale ont d\u00e9j\u00e0 fait savoir la couleur en vue de leur futur. Il se trouve que VR46 et Gresini veulent prolonger leur union avec Ducati afin de vivre le challenge du renouvellement des motos aux c\u00f4t\u00e9s de la marque italienne.<\/p>\n<p>Gresini et VR46 veulent continuer avec Ducati<\/p>\n<p>\u00ab\u00a0Honn\u00eatement, je souhaite poursuivre notre formidable histoire avec Ducati\u00a0\u00bb, a d&rsquo;ailleurs d\u00e9clar\u00e9 Michele Masini, directeur sportif de Gresini Racing, avant de poursuivre : \u00ab\u00a0Notre relation est tr\u00e8s bonne et forte. Et je crois que quand on entre dans une nouvelle \u00e8re, il est tr\u00e8s important d&rsquo;avoir une sorte d&rsquo;\u00e9l\u00e9ment constant et solide.\u00a0\u00bb Aucune discussion n&rsquo;a \u00e9t\u00e9 entam\u00e9e \u00e0 l&rsquo;heure actuelle.<\/p>\n<p>Et c&rsquo;est un m\u00eame son de cloche qui a \u00e9t\u00e9 observ\u00e9 du c\u00f4t\u00e9 de VR46. Pablo Nieto, team manager pour l&rsquo;\u00e9quipe italienne, a confi\u00e9 : \u00ab\u00a0C&rsquo;est tr\u00e8s important de continuer dans ce projet. Nous avons b\u00e2ti quelque chose ensemble, que nous pouvons faire grandir. Il est tr\u00e8s important que nous continuions avec tout [ce que nous avons]. Nous allons entrer dans cette nouvelle \u00e8re, avec un nouveau manufacturier pneumatique qui arrive et \u00e7a va \u00eatre l&rsquo;un des points les plus importants. Je pense qu&rsquo;il est tr\u00e8s important que Ducati, Gresini et nous-m\u00eames travaillions ensemble pour essayer de faire quelque chose d&rsquo;important ensemble.\u00a0\u00bb Voil\u00e0 qui permet \u00e0 Ducati d&rsquo;avancer vers 2027 avec plus de s\u00e9r\u00e9nit\u00e9.<\/p>\n<p>    Partagez cette info avec vos amis et vos proches en cliquant ici  <\/p>\n<p> Podcasts \u00e0 la une MEN LIFE <\/p>\n<p>    Pour r\u00e9sumer<\/p>\n<p>En 2027, un changement de r\u00e8glement va avoir lieu en MotoGP. Il s&rsquo;av\u00e8re que dans deux ans, le MotoGP va adopter un nouveau r\u00e8glement technique. Et qui dit changement de r\u00e8glement dit possibilit\u00e9 de sceller de nouveaux accords ou renouveler les investissements en cours.<\/p>\n<p>R\u00e9dacteur<\/p>\n<p><img decoding=\"async\" width=\"76\" height=\"76\" loading=\"lazy\" src=\"https:\/\/www.europesays.com\/fr\/wp-content\/uploads\/2025\/04\/logo-victor-willems.jpg\" alt=\"Victor Willems\"\/><\/p>\n","protected":false},"excerpt":{"rendered":"En 2027, un changement de r\u00e8glement va avoir lieu en MotoGP. Il s&rsquo;av\u00e8re que dans deux ans, le&hellip;\n","protected":false},"author":2,"featured_media":281956,"comment_status":"","ping_status":"","sticky":false,"template":"","format":"standard","meta":{"footnotes":""},"categories":[1413],"tags":[1011,27,1457,1456,60],"class_list":{"0":"post-281955","1":"post","2":"type-post","3":"status-publish","4":"format-standard","5":"has-post-thumbnail","7":"category-moto","8":"tag-fr","9":"tag-france","10":"tag-moto","11":"tag-motocycle","12":"tag-sports"},"share_on_mastodon":{"url":"https:\/\/pubeurope.com\/@fr\/114936707108505222","error":""},"_links":{"self":[{"href":"https:\/\/www.europesays.com\/fr\/wp-json\/wp\/v2\/posts\/281955","targetHints":{"allow":["GET"]}}],"collection":[{"href":"https:\/\/www.europesays.com\/fr\/wp-json\/wp\/v2\/posts"}],"about":[{"href":"https:\/\/www.europesays.com\/fr\/wp-json\/wp\/v2\/types\/post"}],"author":[{"embeddable":true,"href":"https:\/\/www.europesays.com\/fr\/wp-json\/wp\/v2\/users\/2"}],"replies":[{"embeddable":true,"href":"https:\/\/www.europesays.com\/fr\/wp-json\/wp\/v2\/comments?post=281955"}],"version-history":[{"count":0,"href":"https:\/\/www.europesays.com\/fr\/wp-json\/wp\/v2\/posts\/281955\/revisions"}],"wp:featuredmedia":[{"embeddable":true,"href":"https:\/\/www.europesays.com\/fr\/wp-json\/wp\/v2\/media\/281956"}],"wp:attachment":[{"href":"https:\/\/www.europesays.com\/fr\/wp-json\/wp\/v2\/media?parent=281955"}],"wp:term":[{"taxonomy":"category","embeddable":true,"href":"https:\/\/www.europesays.com\/fr\/wp-json\/wp\/v2\/categories?post=281955"},{"taxonomy":"post_tag","embeddable":true,"href":"https:\/\/www.europesays.com\/fr\/wp-json\/wp\/v2\/tags?post=281955"}],"curies":[{"name":"wp","href":"https:\/\/api.w.org\/{rel}","templated":true}]}}