{"id":281961,"date":"2025-07-29T13:17:12","date_gmt":"2025-07-29T13:17:12","guid":{"rendered":"https:\/\/www.europesays.com\/fr\/281961\/"},"modified":"2025-07-29T13:17:12","modified_gmt":"2025-07-29T13:17:12","slug":"ibrahima-konate-au-real-madrid-le-psg-joue-les-trouble-fetes-al-khelaifi-simplique","status":"publish","type":"post","link":"https:\/\/www.europesays.com\/fr\/281961\/","title":{"rendered":"Ibrahima Konat\u00e9 au Real Madrid : Le PSG joue les trouble-f\u00eates, Al-Khela\u00effi s\u2019implique"},"content":{"rendered":"<p data-testid=\"article-teaser\">Le Real avance ses pions, mais Paris s\u2019active en coulisses. Un duel d\u2019influence br\u00fblant pour un d\u00e9fenseur que tout le monde s\u2019arrache\u2026<\/p>\n<p>Le march\u00e9 des transferts est souvent le th\u00e9\u00e2tre de bras de fer discrets, de n\u00e9gociations tendues et de coups de th\u00e9\u00e2tre de derni\u00e8re minute. Et cette fois, un nom revient avec insistance sur les l\u00e8vres des recruteurs les plus influents d\u2019Europe : Ibrahima Konat\u00e9. Alors que son avenir chez les Reds reste incertain, deux g\u00e9ants du football europ\u00e9en se livrent une guerre feutr\u00e9e pour rafler la mise. En premi\u00e8re ligne, le Real Madrid et le Paris Saint-Germain. Avec une d\u00e9termination rare, Nasser Al-Khela\u00effi entend bien faire pencher la balance.<\/p>\n<p>L&rsquo;article continue ci-dessous<\/p>\n","protected":false},"excerpt":{"rendered":"Le Real avance ses pions, mais Paris s\u2019active en coulisses. Un duel d\u2019influence br\u00fblant pour un d\u00e9fenseur que&hellip;\n","protected":false},"author":2,"featured_media":281962,"comment_status":"","ping_status":"","sticky":false,"template":"","format":"standard","meta":{"footnotes":""},"categories":[1410],"tags":[63,1011,27,15820,19317,66,3490,1434,91,4790,60,28401],"class_list":{"0":"post-281961","1":"post","2":"type-post","3":"status-publish","4":"format-standard","5":"has-post-thumbnail","7":"category-football","8":"tag-football","9":"tag-fr","10":"tag-france","11":"tag-i-konate","12":"tag-laliga","13":"tag-ligue-1","14":"tag-liverpool","15":"tag-mercato","16":"tag-paris-saint-germain","17":"tag-real-madrid","18":"tag-sports","19":"tag-transfers"},"share_on_mastodon":{"url":"https:\/\/pubeurope.com\/@fr\/114936718614456073","error":""},"_links":{"self":[{"href":"https:\/\/www.europesays.com\/fr\/wp-json\/wp\/v2\/posts\/281961","targetHints":{"allow":["GET"]}}],"collection":[{"href":"https:\/\/www.europesays.com\/fr\/wp-json\/wp\/v2\/posts"}],"about":[{"href":"https:\/\/www.europesays.com\/fr\/wp-json\/wp\/v2\/types\/post"}],"author":[{"embeddable":true,"href":"https:\/\/www.europesays.com\/fr\/wp-json\/wp\/v2\/users\/2"}],"replies":[{"embeddable":true,"href":"https:\/\/www.europesays.com\/fr\/wp-json\/wp\/v2\/comments?post=281961"}],"version-history":[{"count":0,"href":"https:\/\/www.europesays.com\/fr\/wp-json\/wp\/v2\/posts\/281961\/revisions"}],"wp:featuredmedia":[{"embeddable":true,"href":"https:\/\/www.europesays.com\/fr\/wp-json\/wp\/v2\/media\/281962"}],"wp:attachment":[{"href":"https:\/\/www.europesays.com\/fr\/wp-json\/wp\/v2\/media?parent=281961"}],"wp:term":[{"taxonomy":"category","embeddable":true,"href":"https:\/\/www.europesays.com\/fr\/wp-json\/wp\/v2\/categories?post=281961"},{"taxonomy":"post_tag","embeddable":true,"href":"https:\/\/www.europesays.com\/fr\/wp-json\/wp\/v2\/tags?post=281961"}],"curies":[{"name":"wp","href":"https:\/\/api.w.org\/{rel}","templated":true}]}}