{"id":281965,"date":"2025-07-29T13:19:14","date_gmt":"2025-07-29T13:19:14","guid":{"rendered":"https:\/\/www.europesays.com\/fr\/281965\/"},"modified":"2025-07-29T13:19:14","modified_gmt":"2025-07-29T13:19:14","slug":"loeil-du-photographe-dans-le-pays-de-concarneau-un-joli-soir-dete-a-trevignon","status":"publish","type":"post","link":"https:\/\/www.europesays.com\/fr\/281965\/","title":{"rendered":"L\u2019\u0152il du photographe\u00a0dans le pays de Concarneau : un joli soir d\u2019\u00e9t\u00e9 \u00e0 Tr\u00e9vignon"},"content":{"rendered":"<p>Il y a quelques semaines, Ga\u00ebl Nicolas nous a adress\u00e9 cette photo, d\u2019un joli soir d\u2019\u00e9t\u00e9 \u00e0 Tr\u00e9vignon avec, en arri\u00e8re-plan, le port et la station SNSM. Pour \u00eatre publi\u00e9 dans cette rubrique r\u00e9serv\u00e9e aux photographes amateurs du pays de Concarneau, adressez-nous vos clich\u00e9s, r\u00e9cents de pr\u00e9f\u00e9rence et d\u2019une r\u00e9solution d\u2019au moins 1 Mo, \u00e0 concarneau@letelegramme.fr. L\u2019envoi des images vaut autorisation de publication gratuite dans nos colonnes et sur le site internet du T\u00e9l\u00e9gramme.<\/p>\n","protected":false},"excerpt":{"rendered":"Il y a quelques semaines, Ga\u00ebl Nicolas nous a adress\u00e9 cette photo, d\u2019un joli soir d\u2019\u00e9t\u00e9 \u00e0 Tr\u00e9vignon&hellip;\n","protected":false},"author":2,"featured_media":281966,"comment_status":"","ping_status":"","sticky":false,"template":"","format":"standard","meta":{"footnotes":""},"categories":[1358],"tags":[1348,1384,1385,3322,1386,58,59,1011,27,32053,2742,1756,19529],"class_list":{"0":"post-281965","1":"post","2":"type-post","3":"status-publish","4":"format-standard","5":"has-post-thumbnail","7":"category-arts-et-design","8":"tag-arts","9":"tag-arts-and-design","10":"tag-arts-et-design","11":"tag-concarneau","12":"tag-design","13":"tag-divertissement","14":"tag-entertainment","15":"tag-fr","16":"tag-france","17":"tag-loeil-du-photographe","18":"tag-nature","19":"tag-photographie","20":"tag-tregunc"},"share_on_mastodon":{"url":"https:\/\/pubeurope.com\/@fr\/114936726428288055","error":""},"_links":{"self":[{"href":"https:\/\/www.europesays.com\/fr\/wp-json\/wp\/v2\/posts\/281965","targetHints":{"allow":["GET"]}}],"collection":[{"href":"https:\/\/www.europesays.com\/fr\/wp-json\/wp\/v2\/posts"}],"about":[{"href":"https:\/\/www.europesays.com\/fr\/wp-json\/wp\/v2\/types\/post"}],"author":[{"embeddable":true,"href":"https:\/\/www.europesays.com\/fr\/wp-json\/wp\/v2\/users\/2"}],"replies":[{"embeddable":true,"href":"https:\/\/www.europesays.com\/fr\/wp-json\/wp\/v2\/comments?post=281965"}],"version-history":[{"count":0,"href":"https:\/\/www.europesays.com\/fr\/wp-json\/wp\/v2\/posts\/281965\/revisions"}],"wp:featuredmedia":[{"embeddable":true,"href":"https:\/\/www.europesays.com\/fr\/wp-json\/wp\/v2\/media\/281966"}],"wp:attachment":[{"href":"https:\/\/www.europesays.com\/fr\/wp-json\/wp\/v2\/media?parent=281965"}],"wp:term":[{"taxonomy":"category","embeddable":true,"href":"https:\/\/www.europesays.com\/fr\/wp-json\/wp\/v2\/categories?post=281965"},{"taxonomy":"post_tag","embeddable":true,"href":"https:\/\/www.europesays.com\/fr\/wp-json\/wp\/v2\/tags?post=281965"}],"curies":[{"name":"wp","href":"https:\/\/api.w.org\/{rel}","templated":true}]}}