{"id":281967,"date":"2025-07-29T13:20:21","date_gmt":"2025-07-29T13:20:21","guid":{"rendered":"https:\/\/www.europesays.com\/fr\/281967\/"},"modified":"2025-07-29T13:20:21","modified_gmt":"2025-07-29T13:20:21","slug":"livre-iconographe-des-grands-bals-parisiens-andre-ostier-revit-enfin","status":"publish","type":"post","link":"https:\/\/www.europesays.com\/fr\/281967\/","title":{"rendered":"Livre: Iconographe des grands bals parisiens, Andr\u00e9 Ostier revit enfin"},"content":{"rendered":"<p>Opinion<\/p>\n<p>Livre \u2013 <\/p>\n<p>Iconographe des grands bals parisiens, Andr\u00e9 Ostier revit enfin<\/p>\n<p class=\"ContentHead_lead____SsS link_regular__O0hk0 link_externalicon-big__ZdPgo link_externalicon__qcwXs\">Un gros ouvrage montre son travail en marge des soir\u00e9es mondaines d\u00e9guis\u00e9es des ann\u00e9es 1949 \u00e0 1969. La fin d\u2019un monde.<\/p>\n<p><img loading=\"lazy\" decoding=\"async\" src=\"https:\/\/www.europesays.com\/fr\/wp-content\/uploads\/2025\/05\/1747515490_877_0vm_Wn-r4ds9DQ79vQYMO8.jpg\"  width=\"100\" height=\"100\"  alt=\"Etienne Dumont\" class=\"AuthorImage_root__WCxj_ ContentMetaInfo_authorimage__Mp4LD AuthorImage_-content-head__3qDob\" style=\"background-color:#808080\"\/> Publi\u00e9 aujourd\u2019hui \u00e0 14h32<img decoding=\"async\" loading=\"eager\" fetchpriority=\"high\" src=\"https:\/\/www.europesays.com\/fr\/wp-content\/uploads\/2025\/07\/97WAtcA7KTiBPgegWQlEM2.jpg\" alt=\"Couverture du livre \u2019Le Monde d\u2019Andr\u00e9 Ostier\u2019 montrant des personnes \u00e9l\u00e9gantes, souriantes, avec une femme portant un grand chapeau noir.\" title=\"Couverture du livre \u2019Le Monde d\u2019Andr\u00e9 Ostier\u2019 montrant des personnes \u00e9l\u00e9gantes, souriantes, avec une femme portant un grand chapeau noir.\" class=\"ResponsiveImage_root__ZDz10 responsive-image\" style=\"background-color:#363123\"\/><\/p>\n<p>La couverture, avec un essayage de Paulette Goddard chez Jacques Fath.<\/p>\n<p>Editions Gourcuff Gradenigo<\/p>\n<p>Abonnez-vous d\u00e8s maintenant et profitez de la fonction de lecture audio.<a href=\"https:\/\/bottalk.io\/\" class=\"BottalkPaywall_bottalklink__KDtuf\" target=\"_blank\" rel=\"noreferrer nofollow noopener\">BotTalk<\/a><\/p>\n<p class=\"ArticleParagraph_root__lhFZo ArticleContainer_content-width__FRl7F link_focus__0ZMwx link_externalicon-big__ZdPgo link_externalicon__qcwXs ArticleElement_article-element__q93eL\">Il existait nagu\u00e8re diff\u00e9rentes mani\u00e8res de passer ses grandes soir\u00e9es. Certains faisaient la f\u00eate, avec ce que cela supposait de cigarettes, d\u2019alcool et de lunettes noires dans une bo\u00eete de nuit enfum\u00e9e. Si vous pensez \u00e0 Serge Gainsbourg ou \u00e0 Bernard Henry-L\u00e9vy, ce ne sera pas tout \u00e0 fait un hasard. Et puis il y avait les gens qui organisaient des f\u00eates, ce qui n\u2019est pas du tout la m\u00eame chose. L\u2019entreprise exigeait des mois de pr\u00e9paratifs et entra\u00eenait de lourdes d\u00e9penses pour les invit\u00e9s. Ils devaient se commander un costume adapt\u00e9 au th\u00e8me choisi, si possible chez un grand couturier comme Jacques Fath ou Christian Dior. Se retrouver convi\u00e9 chez Charles de Beistegui au ch\u00e2teau de Groussay, chez les Rothschild \u00e0 Ferri\u00e8res ou chez Lily Volpi \u00e0 Venise n\u2019avait cependant pas de prix. C\u2019\u00e9tait la nouvelle version de \u00abPlaisirs de l\u2019\u00eele enchant\u00e9e\u00bb de Louis\u00a0XIV \u00e0 Versailles. On en parlerait des mois avant et des semaines apr\u00e8s. Il y aura alors les images des photographes charg\u00e9s d\u2019immortaliser ces flonflons renvoyant \u00e0 des si\u00e8cles anciens, et donc glorieux.<\/p>\n<p>Cafe Society<\/p>\n<p class=\"ArticleParagraph_root__lhFZo ArticleContainer_content-width__FRl7F link_focus__0ZMwx link_externalicon-big__ZdPgo link_externalicon__qcwXs ArticleElement_article-element__q93eL\">Un gros livre c\u00e9l\u00e8bre aujourd\u2019hui ces bals d\u2019antan. Intitul\u00e9 \u00abLe monde d\u2019Andr\u00e9 Ostier\u00bb, il se voit d\u00e9di\u00e9 \u00e0 l\u2019un de ces iconographes du Rolleiflex. Mort en 1994, l\u2019homme a mis en bo\u00eetes les principales soir\u00e9es parisiennes d\u2019apr\u00e8s-guerre. Une p\u00e9riode un peu \u00e9trange dans la mesure o\u00f9 chacun faisait comme si celle de 1939-1945 n\u2019avait jamais eu lieu, alors m\u00eame que certains des h\u00f4tes y avaient jou\u00e9 un r\u00f4le trouble. Mieux valait se rattacher aux ann\u00e9es 1930 chez les Beaumont ou les Noailles. Le tout avec une soci\u00e9t\u00e9 d\u00e9sormais assez m\u00eal\u00e9e, que l\u2019on appelait la \u00abCafe Society\u00bb. Dans cet anc\u00eatre nettement plus distingu\u00e9 de la \u00abjet-set\u00bb se retrouvaient autour du duc et de la duchesse de Windsor quelques nobles tr\u00e8s titr\u00e9s, mais un peu d\u00e9cav\u00e9s, des milliardaires, en g\u00e9n\u00e9ral sud-am\u00e9ricains, un ou deux  acteurs de Hollywood ou de la Com\u00e9die fran\u00e7aise. Plus des comparses, dont les in\u00e9vitables \u00abcomm\u00e8res\u00bb qui allaient potiner autour de l\u2019\u00e9v\u00e8nement. Le plus m\u00e9morable \u00e9v\u00e9nement du genre restera en 1951 le \u00abbal du si\u00e8cle\u00bb donn\u00e9 par Beistegui au Palazzo Labia de Venise.<\/p>\n<p><img decoding=\"async\" loading=\"lazy\" src=\"https:\/\/www.europesays.com\/fr\/wp-content\/uploads\/2025\/07\/9hOrmPvIqp9B6ZE8kYDjsy.jpg\" alt=\"Trois personnes en tenue de soir\u00e9e discutant lors d\u2019un \u00e9v\u00e9nement, dont une femme portant une coiffe \u00e9labor\u00e9e \u00e0 plumes.\" title=\"Trois personnes en tenue de soir\u00e9e discutant lors d\u2019un \u00e9v\u00e9nement, dont une femme portant une coiffe \u00e9labor\u00e9e \u00e0 plumes.\" class=\"ResponsiveImage_root__ZDz10 responsive-image\" style=\"background-color:#7E7E7E\"\/><\/p>\n<p>Raymundo de Larrain et Jacqueline de Ribes. A droite, je ne sais pas\u2026<\/p>\n<p>Andr\u00e9 Ostier., \u00e9ditions Gourcuff Gradenigo.<\/p>\n<p class=\"ArticleParagraph_root__lhFZo ArticleContainer_content-width__FRl7F link_focus__0ZMwx link_externalicon-big__ZdPgo link_externalicon__qcwXs ArticleElement_article-element__q93eL\">De f\u00eate en f\u00eate, l\u2019amateur retrouvera dans ce gros ouvrage les m\u00eames gens de soir\u00e9e en soir\u00e9e. Il y a le baron Alexis de R\u00e9d\u00e9, Patricia Lopez-Willshaw, l\u2019une de \u00abdix femmes les mieux habill\u00e9es du monde\u00bb, Paulette Goddard, ex-Mrs Charles Chaplin, la vicomtesse Jacqueline de Ribes, elle aussi \u00abune des dix femmes les mieux habill\u00e9e du monde\u00bb, l\u2019\u00e9crivain Marcel Achard, le danseur Jacques Chazot, Mona Bismarck ou le jeune Yves Saint Laurent. Tous font la roue devant l\u2019artiste convi\u00e9 \u00e0 les faire poser sous leur meilleur jour. Le d\u00e9fil\u00e9 temporel s\u2019arr\u00eate en 1969. Le monde a alors chang\u00e9, aussi bien \u00e0 cause de l\u2019irruption des danses modernes que du vieillissement de nombre de protagonistes. Louise de Vilmorin est morte d\u00e8s 1969. Marie-Laure de Noailles l\u2019ann\u00e9e suivante. Il n\u2019y avait plus de renouvellement dans ce monde se voulant \u00e9l\u00e9gant. Il est consid\u00e9r\u00e9 que le \u00abBal Proust\u00bb des Rothschild aura \u00e9t\u00e9 le dernier du genre en 1971.<\/p>\n<p><img decoding=\"async\" loading=\"lazy\" src=\"https:\/\/www.europesays.com\/fr\/wp-content\/uploads\/2025\/07\/3q0n4ZxwKjpBtZjj5npf3u.jpg\" alt=\"Un groupe de personnes \u00e9l\u00e9gamment v\u00eatues assises autour d\u2019une table lors d\u2019un \u00e9v\u00e9nement, avec des d\u00e9corations florales.\" title=\"Un groupe de personnes \u00e9l\u00e9gamment v\u00eatues assises autour d\u2019une table lors d\u2019un \u00e9v\u00e9nement, avec des d\u00e9corations florales.\" class=\"ResponsiveImage_root__ZDz10 responsive-image\" style=\"background-color:#808080\"\/><\/p>\n<p>Yves Saint Lurent, vingt ans\u2026<\/p>\n<p>Andr\u00e9 Ostier, \u00e9ditions Gourcuff Gradenigo.<\/p>\n<p class=\"ArticleParagraph_root__lhFZo ArticleContainer_content-width__FRl7F link_focus__0ZMwx link_externalicon-big__ZdPgo link_externalicon__qcwXs ArticleElement_article-element__q93eL\">Les photos d\u2019Andr\u00e9 Ostier aujourd\u2019hui publi\u00e9es refl\u00e8tent donc un monde aussi perdu que l\u2019Empire romain ou la Cour des Tuileries. Elles prennent du coup valeur de document. Une soci\u00e9t\u00e9 au bord de l\u2019ab\u00eeme accomplit son dernier tour de piste sous l\u2019\u0153il de la cam\u00e9ra. Ostier n\u2019a cependant pas photographi\u00e9 toutes ces mondanit\u00e9s. Il y a en a eu d\u2019autres, du tr\u00e8s distingu\u00e9 Cecil Beaton ou r\u00e9solument populaire Robert Doisneau. Dans un autre ouvrage, ce dernier racontait d\u2019ailleurs une jolie anecdote. Il \u00e9tait arriv\u00e9 un soir tire-bouchonn\u00e9 dans un smoking de location \u00e0 un grand raout d\u2019Etienne de Beaumont, et s\u2019en \u00e9tait excus\u00e9. \u00abAucune importance\u00bb, lui avait r\u00e9pondu son h\u00f4te. \u00abDe toute mani\u00e8re, en tant que photographe, vous serez le roi de la soir\u00e9e.\u00bb<\/p>\n<p>Pratique<\/p>\n<p class=\"ArticleParagraph_root__lhFZo ArticleContainer_content-width__FRl7F link_focus__0ZMwx link_externalicon-big__ZdPgo link_externalicon__qcwXs ArticleElement_article-element__q93eL\">\u00abLe Monde d\u2019Andr\u00e9 Ostier, Photographe du Tout-Paris\u00bb, de Thierry Coudert aux Editions Gourcuff-Gradenigo, 217 pages.<\/p>\n<p>N\u00e9 en 1948, <strong>Etienne Dumont<\/strong> a fait \u00e0 Gen\u00e8ve des \u00e9tudes qui lui ont \u00e9t\u00e9 peu utiles. Latin, grec, droit. Juriste rat\u00e9, il a bifurqu\u00e9 vers le journalisme. Le plus souvent aux rubriques culturelles, il a travaill\u00e9 de mars 1974 \u00e0 mai 2013 \u00e0 la \u00abTribune de Gen\u00e8ve\u00bb, en commen\u00e7ant par parler de cin\u00e9ma. Sont ensuite venus les beaux-arts et les livres. A part \u00e7a, comme vous pouvez le voir, rien \u00e0 signaler.<a class=\"ArticleAuthorBio_moreinfo__cqyvz link_underlinelink__K5Zr0\" rel=\"author nofollow noopener\" href=\"https:\/\/www.bilan.ch\/author\/61126069\/etienne-dumont\" target=\"_blank\">Plus d&rsquo;infos<\/a><\/p>\n<p class=\"Feedback_root__fr_Mi ArticleContainer_content-width__FRl7F\">Vous avez trouv\u00e9 une erreur?<a href=\"mailto:tes_correction@tamedia.ch?subject=Avis%20d'erreur%20%7C%20Etienne%20Dumont%20%7C%20Iconographe%20des%20grands%20bals%20parisiens%2C%20Andr%C3%A9%20Ostier%20revit%20enfin&amp;body=J'ai%20trouv%C3%A9%20une%20erreur%20dans%20cet%20article%3A%20https%3A%2F%2Fwww.bilan.ch%2Fstory%2Ficonographe-des-grands-bals-parisiens-andre-ostier-revit-enfin-704144816600\" class=\"Feedback_feedbacklink__VyDCi link_underlinelink__K5Zr0\">Merci de nous la signaler.<\/a><\/p>\n","protected":false},"excerpt":{"rendered":"Opinion Livre \u2013 Iconographe des grands bals parisiens, Andr\u00e9 Ostier revit enfin Un gros ouvrage montre son travail&hellip;\n","protected":false},"author":2,"featured_media":281968,"comment_status":"","ping_status":"","sticky":false,"template":"","format":"standard","meta":{"footnotes":""},"categories":[1357],"tags":[1379,58,59,1011,27,1380],"class_list":{"0":"post-281967","1":"post","2":"type-post","3":"status-publish","4":"format-standard","5":"has-post-thumbnail","7":"category-livres","8":"tag-books","9":"tag-divertissement","10":"tag-entertainment","11":"tag-fr","12":"tag-france","13":"tag-livres"},"share_on_mastodon":{"url":"https:\/\/pubeurope.com\/@fr\/114936730640547493","error":""},"_links":{"self":[{"href":"https:\/\/www.europesays.com\/fr\/wp-json\/wp\/v2\/posts\/281967","targetHints":{"allow":["GET"]}}],"collection":[{"href":"https:\/\/www.europesays.com\/fr\/wp-json\/wp\/v2\/posts"}],"about":[{"href":"https:\/\/www.europesays.com\/fr\/wp-json\/wp\/v2\/types\/post"}],"author":[{"embeddable":true,"href":"https:\/\/www.europesays.com\/fr\/wp-json\/wp\/v2\/users\/2"}],"replies":[{"embeddable":true,"href":"https:\/\/www.europesays.com\/fr\/wp-json\/wp\/v2\/comments?post=281967"}],"version-history":[{"count":0,"href":"https:\/\/www.europesays.com\/fr\/wp-json\/wp\/v2\/posts\/281967\/revisions"}],"wp:featuredmedia":[{"embeddable":true,"href":"https:\/\/www.europesays.com\/fr\/wp-json\/wp\/v2\/media\/281968"}],"wp:attachment":[{"href":"https:\/\/www.europesays.com\/fr\/wp-json\/wp\/v2\/media?parent=281967"}],"wp:term":[{"taxonomy":"category","embeddable":true,"href":"https:\/\/www.europesays.com\/fr\/wp-json\/wp\/v2\/categories?post=281967"},{"taxonomy":"post_tag","embeddable":true,"href":"https:\/\/www.europesays.com\/fr\/wp-json\/wp\/v2\/tags?post=281967"}],"curies":[{"name":"wp","href":"https:\/\/api.w.org\/{rel}","templated":true}]}}