{"id":281974,"date":"2025-07-29T13:24:18","date_gmt":"2025-07-29T13:24:18","guid":{"rendered":"https:\/\/www.europesays.com\/fr\/281974\/"},"modified":"2025-07-29T13:24:18","modified_gmt":"2025-07-29T13:24:18","slug":"le-diabete-pourrait-reveler-un-cancer-du-pancreas","status":"publish","type":"post","link":"https:\/\/www.europesays.com\/fr\/281974\/","title":{"rendered":"Le diab\u00e8te pourrait r\u00e9v\u00e9ler un cancer du pancr\u00e9as"},"content":{"rendered":"<p>             <a href=\"https:\/\/ma-sante.news\/wp-content\/uploads\/2025\/07\/premier-signe-cancer-du-pancreas-diabete-type-2-Ma-Sante.jpeg\" data-caption=\"Le cancer du pancr\u00e9as pourrait provoquer un diab\u00e8te en d\u00e9truisant les cellules productrices d\u2019insuline. \u00a9 Adobe Stock\" target=\"_blank\" rel=\"noopener\"><img loading=\"lazy\" decoding=\"async\" width=\"696\" height=\"465\" class=\"entry-thumb td-modal-image\" src=\"data:image\/svg+xml,%3Csvg%20xmlns=\" http:=\"\" data-lazy- data-lazy- alt=\"Une femme atteinte du diab\u00e8te qui a peur d'avoir un cancer du pancr\u00e9as.\" title=\"premier signe cancer du pancre\u0301as diabe\u0300te type 2 Ma Sante\u0301\" data-lazy-src=\"https:\/\/www.europesays.com\/fr\/wp-content\/uploads\/2025\/07\/premier-signe-cancer-du-pancreas-diabete-type-2-Ma-Sante-696x465.jpeg\"\/><\/a>Le cancer du pancr\u00e9as pourrait provoquer un diab\u00e8te en d\u00e9truisant les cellules productrices d\u2019insuline. \u00a9 Adobe Stock                                    \t\t\t             <a class=\"gofollow\" data-track=\"MjgsMCwxLDYw\" href=\"https:\/\/ma-sante.news\/inscrivez-vous-a-notre-newsletter\/\" target=\"_blank\" rel=\"noopener\"><img loading=\"lazy\" decoding=\"async\" width=\"1068\" height=\"131\" src=\"data:image\/svg+xml,%3Csvg%20xmlns=\" http:=\"\" data-lazy-src=\"https:\/\/www.europesays.com\/fr\/wp-content\/uploads\/2025\/03\/banniere-newsletter.png\"\/><\/a> <\/p>\n<p>Dans l\u2019imaginaire collectif, le <a href=\"https:\/\/ma-sante.news\/cancer-du-pancreas-quelles-sont-les-causes-et-les-symptomes\/\" target=\"_blank\" rel=\"noopener\">cancer du pancr\u00e9as<\/a> est souvent per\u00e7u comme un \u201ccancer silencieux\u201d. Et pour cause, plus de 80\u202f% des cas sont d\u00e9couverts \u00e0 un stade avanc\u00e9, souvent inop\u00e9rable. En France, on compte pr\u00e8s de 16 000 nouveaux cas par an, avec un taux de survie \u00e0 5 ans qui plafonne tristement \u00e0 11\u202f% selon Sant\u00e9 publique France.<\/p>\n<p>Mais une s\u00e9rie d\u2019\u00e9tudes internationales, relay\u00e9es notamment par le National Cancer Institute am\u00e9ricain et l\u2019universit\u00e9 de Yale, commence \u00e0 dessiner une piste pr\u00e9cieuse : <a href=\"https:\/\/ma-sante.news\/diabete-la-genetique-est-elle-reellement-un-facteur-de-risque\/\" target=\"_blank\" rel=\"noopener\">le diab\u00e8te de type 2 <\/a>d\u2019apparition r\u00e9cente pourrait \u00eatre un signe d\u2019alerte pr\u00e9coce. En clair, chez certains patients, le diab\u00e8te ne serait pas une simple co\u00efncidence\u2026 mais un effet secondaire direct de la tumeur pancr\u00e9atique en d\u00e9veloppement.<\/p>\n<p>        Diab\u00e8te et cancer du pancr\u00e9as : ce que montrent les \u00e9tudes\u00a0    <strong>1 personne sur 4 atteinte d\u2019un cancer du pancr\u00e9as avait un diab\u00e8te r\u00e9cent<\/strong>    <\/p>\n<p>Une m\u00e9ta-analyse publi\u00e9e dans Gastroenterology en 2020 r\u00e9v\u00e8le que pr\u00e8s de 25\u202f% des personnes diagnostiqu\u00e9es d\u2019un cancer du pancr\u00e9as avaient d\u00e9velopp\u00e9 un diab\u00e8te dans les 6 \u00e0 36 mois pr\u00e9c\u00e9dents. Mais attention, cela ne signifie pas que tous les diab\u00e9tiques risquent un cancer.<\/p>\n<p>En r\u00e9alit\u00e9, moins de 1\u202f% des personnes diagnostiqu\u00e9es d\u2019un diab\u00e8te apr\u00e8s 50 ans <a href=\"https:\/\/ma-sante.news\/alcool-et-cancer-du-pancreas-alerte-de-oms-sur-un-lien-desormais-prouve\/\" target=\"_blank\" rel=\"noopener\">d\u00e9velopperont un cancer du pancr\u00e9as<\/a>. Le risque absolu reste donc faible, m\u00eame si le risque relatif est, lui, multipli\u00e9 par 6 \u00e0 8 dans les deux premi\u00e8res ann\u00e9es apr\u00e8s l\u2019apparition du diab\u00e8te selon le Journal of the National Cancer Institute.\u00a0<\/p>\n<p>        <strong>Trois signes cliniques qui doivent alerter<\/strong>    <\/p>\n<p>Tous les diab\u00e8tes ne sont pas suspects, loin de l\u00e0. Mais certains profils cliniques doivent inciter \u00e0 creuser :<\/p>\n<ul class=\"wp-block-list\">\n<li>Un diab\u00e8te qui appara\u00eet soudainement apr\u00e8s 50 ans. Si vous n\u2019aviez aucun ant\u00e9c\u00e9dent, pas de surpoids majeur, et que vous d\u00e9clarez un diab\u00e8te apr\u00e8s 50 ans, c\u2019est d\u00e9j\u00e0 un petit signal.<\/li>\n<li><a href=\"https:\/\/ma-sante.news\/mesure-de-la-glycemie-pourquoi-faut-il-se-mefier-des-appareils-connectes\/\" target=\"_blank\" rel=\"noopener\">Une glyc\u00e9mie<\/a> qui grimpe tr\u00e8s vite. Un taux de sucre dans le sang anormalement \u00e9lev\u00e9, qui se d\u00e9grade rapidement en quelques mois, est atypique pour un diab\u00e8te classique.<\/li>\n<li>Une perte de poids inexpliqu\u00e9e. Et surtout, si vous perdez du poids sans r\u00e9gime, tout en ayant une glyc\u00e9mie haute, c\u2019est paradoxal. Cela peut indiquer que le pancr\u00e9as souffre bien plus qu\u2019on ne le pense.<\/li>\n<\/ul>\n<p>Ces trois crit\u00e8res sont r\u00e9unis dans un score clinique utilis\u00e9 en recherche, le score ENDPAC, pour aider \u00e0 rep\u00e9rer les cas suspects.<\/p>\n<p>        Vers un d\u00e9pistage cibl\u00e9, mais pas g\u00e9n\u00e9ralis\u00e9    <strong>Le d\u00e9pistage syst\u00e9matique : pas pour tout de suite<\/strong>    <\/p>\n<p>Aujourd\u2019hui, aucun pays ne recommande de faire <a href=\"https:\/\/ma-sante.news\/radiologie-scanner-irm-echo-radio-difference\/\" target=\"_blank\" rel=\"noopener\">une IRM ou un scanner <\/a>pancr\u00e9atique \u00e0 tous les diab\u00e9tiques de plus de 50 ans. Pourquoi ? Parce que le cancer reste rare, et que les examens co\u00fbtent cher, exposent \u00e0 des risques inutiles, et peuvent g\u00e9n\u00e9rer de l\u2019angoisse.<\/p>\n<p>Mais chez les patients \u00e0 risque \u00e9lev\u00e9, la situation \u00e9volue.<\/p>\n<p>        <strong>Des projets pilotes en cours<\/strong>    <\/p>\n<p>Des centres de recherche am\u00e9ricains et europ\u00e9ens testent des approches cibl\u00e9es, avec des IRM propos\u00e9es uniquement aux diab\u00e9tiques pr\u00e9sentant plusieurs facteurs de risque \u00e0 la fois.<\/p>\n<p>Une \u00e9tude men\u00e9e \u00e0 Yale sur 109 patients a permis de d\u00e9tecter un cancer du pancr\u00e9as au stade 1 chez une patiente, gr\u00e2ce \u00e0 ce d\u00e9pistage s\u00e9lectif.<\/p>\n<p>        <strong>Et les tests sanguins alors ?<\/strong>    <\/p>\n<p>Un test sanguin appel\u00e9 Avantect est en cours de validation au Royaume-Uni. Il cible les diab\u00e9tiques de plus de 50 ans r\u00e9cemment diagnostiqu\u00e9s.<br \/>Il affiche des performances int\u00e9ressantes :<\/p>\n<ul class=\"wp-block-list\">\n<li>68\u202f% de sensibilit\u00e9 (d\u00e9tecte les cancers pr\u00e9sents),<\/li>\n<li>97\u202f% de sp\u00e9cificit\u00e9 (\u00e9vite les faux positifs).<\/li>\n<\/ul>\n<p>S\u2019il est valid\u00e9, ce test pourrait devenir une solution simple et accessible pour filtrer les personnes vraiment \u00e0 risque avant d\u2019envisager un scanner.<\/p>\n<p>        Et en France, que fait-on ?    <\/p>\n<p>En France, des projets comme PRISM ou les recherches du centre Gustave Roussy visent \u00e0 identifier les profils \u00e0 haut risque. Pour l\u2019instant, la priorit\u00e9 reste de sensibiliser les professionnels de sant\u00e9.<\/p>\n<p>Le r\u00e9flexe est encore trop rare. Dans de nombreux cas, le diab\u00e8te est trait\u00e9 sans creuser davantage\u2026 alors qu\u2019un petit examen pourrait sauver une vie.<\/p>\n<blockquote class=\"wp-block-quote is-layout-flow wp-block-quote-is-layout-flow\">\n<p><strong>\u00c0 SAVOIR<\/strong><\/p>\n<p>Chez certaines personnes, le diab\u00e8te n\u2019est pas une co\u00efncidence mais un effet direct du cancer : on parle alors de diab\u00e8te de type 3c, li\u00e9 \u00e0 une atteinte du pancr\u00e9as. Selon une \u00e9tude publi\u00e9e dans Pancreas (2021), jusqu\u2019\u00e0 38\u202f% des diab\u00e8tes r\u00e9cents chez les patients atteints d\u2019un cancer du pancr\u00e9as rel\u00e8veraient de ce type particulier, souvent confondu avec un type 2 classique.<\/p>\n<\/blockquote>\n<p>  <a class=\"gofollow\" data-track=\"MTIsMCwxLDYw\" href=\"https:\/\/ma-sante.news\/annonceurs\/\" target=\"_blank\" rel=\"noopener\"><img loading=\"lazy\" decoding=\"async\" width=\"2560\" height=\"2133\" src=\"data:image\/svg+xml,%3Csvg%20xmlns=\" http:=\"\" data-lazy-src=\"https:\/\/www.europesays.com\/fr\/wp-content\/uploads\/2025\/03\/pub-annonceurs-4-scaled.jpg\"\/><\/a>    <img loading=\"lazy\" decoding=\"async\" width=\"755\" height=\"495\" src=\"data:image\/svg+xml,%3Csvg%20xmlns=\" http:=\"\" data-lazy-src=\"https:\/\/www.europesays.com\/fr\/wp-content\/uploads\/2025\/03\/Image1.jpg\"\/>Inscrivez-vous \u00e0 notre newsletter <br \/>Ma Sant\u00e9                      <\/p>\n","protected":false},"excerpt":{"rendered":"Le cancer du pancr\u00e9as pourrait provoquer un diab\u00e8te en d\u00e9truisant les cellules productrices d\u2019insuline. \u00a9 Adobe Stock Dans&hellip;\n","protected":false},"author":2,"featured_media":281975,"comment_status":"","ping_status":"","sticky":false,"template":"","format":"standard","meta":{"footnotes":""},"categories":[10],"tags":[20249,1011,27,72,42129,71],"class_list":{"0":"post-281974","1":"post","2":"type-post","3":"status-publish","4":"format-standard","5":"has-post-thumbnail","7":"category-sante","8":"tag-du00e9pistage-cancer","9":"tag-fr","10":"tag-france","11":"tag-health","12":"tag-pancru00e9as","13":"tag-sante"},"share_on_mastodon":{"url":"https:\/\/pubeurope.com\/@fr\/114936746098069432","error":""},"_links":{"self":[{"href":"https:\/\/www.europesays.com\/fr\/wp-json\/wp\/v2\/posts\/281974","targetHints":{"allow":["GET"]}}],"collection":[{"href":"https:\/\/www.europesays.com\/fr\/wp-json\/wp\/v2\/posts"}],"about":[{"href":"https:\/\/www.europesays.com\/fr\/wp-json\/wp\/v2\/types\/post"}],"author":[{"embeddable":true,"href":"https:\/\/www.europesays.com\/fr\/wp-json\/wp\/v2\/users\/2"}],"replies":[{"embeddable":true,"href":"https:\/\/www.europesays.com\/fr\/wp-json\/wp\/v2\/comments?post=281974"}],"version-history":[{"count":0,"href":"https:\/\/www.europesays.com\/fr\/wp-json\/wp\/v2\/posts\/281974\/revisions"}],"wp:featuredmedia":[{"embeddable":true,"href":"https:\/\/www.europesays.com\/fr\/wp-json\/wp\/v2\/media\/281975"}],"wp:attachment":[{"href":"https:\/\/www.europesays.com\/fr\/wp-json\/wp\/v2\/media?parent=281974"}],"wp:term":[{"taxonomy":"category","embeddable":true,"href":"https:\/\/www.europesays.com\/fr\/wp-json\/wp\/v2\/categories?post=281974"},{"taxonomy":"post_tag","embeddable":true,"href":"https:\/\/www.europesays.com\/fr\/wp-json\/wp\/v2\/tags?post=281974"}],"curies":[{"name":"wp","href":"https:\/\/api.w.org\/{rel}","templated":true}]}}