{"id":28198,"date":"2025-04-16T02:35:07","date_gmt":"2025-04-16T02:35:07","guid":{"rendered":"https:\/\/www.europesays.com\/fr\/28198\/"},"modified":"2025-04-16T02:35:07","modified_gmt":"2025-04-16T02:35:07","slug":"le-conducteur-perd-la-vie-au-volant","status":"publish","type":"post","link":"https:\/\/www.europesays.com\/fr\/28198\/","title":{"rendered":"le conducteur perd la vie au volant"},"content":{"rendered":"<p>            Par<br \/>\n        <strong><br \/>\n            <a href=\"https:\/\/actu.fr\/auteur\/mareva-laville-actu-fr\" title=\"Consulter tous les articles de Mar\u00e9va Laville\" rel=\"nofollow noopener\" target=\"_blank\">Mar\u00e9va Laville<\/a><br \/>\n        <\/strong><\/p>\n<p>        Publi\u00e9 le<\/p>\n<p>            15 avr. 2025 \u00e0 19h31        <\/p>\n<p>Un drame est survenu au sud de <a href=\"http:\/\/www.actu.fr\/toulouse\" rel=\"nofollow noopener\" target=\"_blank\">Toulouse<\/a>, \u00e0 quelques kilom\u00e8tres de Muret. En fin d\u2019apr\u00e8s-midi, vers 17h15, les pompiers sont intervenus pour un accident de la route, avenue de Toulouse dans la commune de <strong>Lherm<\/strong>.<\/p>\n<p>    <a href=\"https:\/\/www.google.com\/maps\/embed?pb=!1m18!1m12!1m3!1d411471.54554129776!2d0.9025821736137558!3d43.42809527034659!2m3!1f0!2f0!3f0!3m2!1i1024!2i768!4f13.1!3m3!1m2!1s0x12aecb25d2902c31%3A0x325b231f3d58e061!2s35%20Av.%20de%20Toulouse%2C%2031600%20Lherm!5e1!3m2!1sfr!2sfr!4v1744737389827!5m2!1sfr!2sfr\" title=\"Ouvrie le lien\" rel=\"nofollow noopener\" target=\"_blank\">Cliquez ici pour visualiser le contenu<\/a><\/p>\n<p>Le c\u0153ur du conducteur s\u2019arr\u00eate<\/p>\n<p class=\" wall-content\">L\u2019accident impliquait une voiture. Au volant, le conducteur avait subi un <strong>arr\u00eat cardiaque<\/strong> avant l\u2019arriv\u00e9e des secours. \u00ab\u2009Il a perdu le contr\u00f4le et a percut\u00e9 le mur d\u2019une habitation\u2009\u00bb, indique la compagnie de gendarmerie de Muret, appel\u00e9e sur les lieux.<\/p>\n<p class=\" wall-content\">Les dix sapeurs-pompiers engag\u00e9s ont pratiqu\u00e9 \u00ab\u2009une <strong>r\u00e9animation cardio-pulmonaire,<\/strong> assist\u00e9s d\u2019une \u00e9quipe m\u00e9dicale du Samu 31\u2009\u00bb, d\u00e9taille le Sdis 31. En vain.<\/p>\n<p>Un homme de 59\u00a0ans d\u00e9c\u00e9d\u00e9<\/p>\n<p class=\" wall-content\">Malheureusement, le massage cardiaque et les soins apport\u00e9s n\u2019ont pas suffi \u00e0 sauver la victime\u2009: un homme \u00e2g\u00e9 de 59\u00a0ans.<\/p>\n<p>Vid\u00e9os : en ce moment sur Actu<\/p>\n<p class=\" wall-content\">Il est d\u00e9clar\u00e9 <strong>d\u00e9c\u00e9d\u00e9 sur place<\/strong> par le m\u00e9decin.<\/p>\n<p class=\" wall-content\">Suivez toute l\u2019actualit\u00e9 de vos villes et m\u00e9dias favoris en vous inscrivant \u00e0 <a href=\"https:\/\/moncompte.actu.fr\" title=\"D\u00e9couvez Mon Actu\" rel=\"nofollow noopener\" data-trk=\"{&quot;cta&quot;:{&quot;action&quot;:&quot;https:\\\/\\\/moncompte.actu.fr&quot;,&quot;category&quot;:&quot;mon compte&quot;,&quot;from&quot;:&quot;article footer&quot;,&quot;name&quot;:&quot;Mon actu&quot;,&quot;type&quot;:&quot;cta&quot;}}\" target=\"_blank\">Mon Actu<\/a>.<\/p>\n","protected":false},"excerpt":{"rendered":"Par Mar\u00e9va Laville Publi\u00e9 le 15 avr. 2025 \u00e0 19h31 Un drame est survenu au sud de Toulouse,&hellip;\n","protected":false},"author":2,"featured_media":28199,"comment_status":"","ping_status":"","sticky":false,"template":"","format":"standard","meta":{"footnotes":""},"categories":[2816],"tags":[119,1111,11,1777,674,118,1011,27,3381,12,2680,1311,25,2312],"class_list":{"0":"post-28198","1":"post","2":"type-post","3":"status-publish","4":"format-standard","5":"has-post-thumbnail","7":"category-toulouse","8":"tag-accident","9":"tag-actu","10":"tag-actualites","11":"tag-eu","12":"tag-europe","13":"tag-faits-divers","14":"tag-fr","15":"tag-france","16":"tag-gendarmerie","17":"tag-news","18":"tag-occitanie","19":"tag-pompiers","20":"tag-republique-francaise","21":"tag-toulouse"},"share_on_mastodon":{"url":"https:\/\/pubeurope.com\/@fr\/114345313869276276","error":""},"_links":{"self":[{"href":"https:\/\/www.europesays.com\/fr\/wp-json\/wp\/v2\/posts\/28198","targetHints":{"allow":["GET"]}}],"collection":[{"href":"https:\/\/www.europesays.com\/fr\/wp-json\/wp\/v2\/posts"}],"about":[{"href":"https:\/\/www.europesays.com\/fr\/wp-json\/wp\/v2\/types\/post"}],"author":[{"embeddable":true,"href":"https:\/\/www.europesays.com\/fr\/wp-json\/wp\/v2\/users\/2"}],"replies":[{"embeddable":true,"href":"https:\/\/www.europesays.com\/fr\/wp-json\/wp\/v2\/comments?post=28198"}],"version-history":[{"count":0,"href":"https:\/\/www.europesays.com\/fr\/wp-json\/wp\/v2\/posts\/28198\/revisions"}],"wp:featuredmedia":[{"embeddable":true,"href":"https:\/\/www.europesays.com\/fr\/wp-json\/wp\/v2\/media\/28199"}],"wp:attachment":[{"href":"https:\/\/www.europesays.com\/fr\/wp-json\/wp\/v2\/media?parent=28198"}],"wp:term":[{"taxonomy":"category","embeddable":true,"href":"https:\/\/www.europesays.com\/fr\/wp-json\/wp\/v2\/categories?post=28198"},{"taxonomy":"post_tag","embeddable":true,"href":"https:\/\/www.europesays.com\/fr\/wp-json\/wp\/v2\/tags?post=28198"}],"curies":[{"name":"wp","href":"https:\/\/api.w.org\/{rel}","templated":true}]}}