{"id":281992,"date":"2025-07-29T13:34:10","date_gmt":"2025-07-29T13:34:10","guid":{"rendered":"https:\/\/www.europesays.com\/fr\/281992\/"},"modified":"2025-07-29T13:34:10","modified_gmt":"2025-07-29T13:34:10","slug":"tres-empruntee-pour-sortir-de-nancy-cette-rue-est-en-partie-coupee-a-la-circulation-jusqua-jeudi","status":"publish","type":"post","link":"https:\/\/www.europesays.com\/fr\/281992\/","title":{"rendered":"Tr\u00e8s emprunt\u00e9e pour sortir de Nancy, cette rue est en partie coup\u00e9e \u00e0 la circulation jusqu&rsquo;\u00e0 jeudi"},"content":{"rendered":"<p>            Par<br \/>\n        <strong><br \/>\n            <a href=\"https:\/\/actu.fr\/auteur\/amandine-mehl\" title=\"Consulter tous les articles de Amandine Mehl\" rel=\"nofollow noopener\" target=\"_blank\">Amandine Mehl<\/a><br \/>\n        <\/strong><\/p>\n<p>        Publi\u00e9 le<\/p>\n<p>            29 juil. 2025 \u00e0 15h19        <\/p>\n<p>En raison des <strong>fortes pluies<\/strong> de ces derniers jours, mais aussi des <strong>travaux d\u2019extension du r\u00e9seau de chauffage urbain<\/strong> en cours rue Vaucouleurs et rue Oudinot, des <strong>fissures<\/strong> sont apparues en bordure des fouilles dans le secteur.<\/p>\n<p class=\" wall-content\">Ainsi, pour \u00e9viter tout risque d\u2019effondrement et garantir la s\u00e9curit\u00e9 des usagers, <strong>une partie de la rue Jeanne d\u2019Arc<\/strong>, axe tr\u00e8s emprunt\u00e9 pour sortir de <a href=\"https:\/\/actu.fr\/grand-est\/nancy_54395\" rel=\"nofollow noopener\" target=\"_blank\">Nancy<\/a>, est ferm\u00e9e \u00e0 la <a href=\"https:\/\/actu.fr\/tag\/circulation\" rel=\"nofollow noopener\" target=\"_blank\">circulation<\/a>.<\/p>\n<p>La r\u00e9ouverture de la rue Jeanne d\u2019Arc attendue jeudi en fin de journ\u00e9e<\/p>\n<p class=\" wall-content\">La fermeture se situe entre l\u2019avenue du G\u00e9n\u00e9ral Leclerc et le d\u00e9but de la rue de Vaucouleurs. Par cons\u00e9quent, une <strong>d\u00e9viation<\/strong> vers le boulevard Barthou, via les rues G\u00e9n\u00e9ral Leclerc, Duroc et Aristide Briand a \u00e9t\u00e9 mise en place.<\/p>\n<p class=\" wall-content\">Le retour \u00e0 la normale est attendu en fin de journ\u00e9e, <strong>jeudi 31\u00a0juillet<\/strong>.<\/p>\n<p class=\" wall-content\">Suivez toute l\u2019actualit\u00e9 de vos villes et m\u00e9dias favoris en vous inscrivant \u00e0 <a href=\"https:\/\/moncompte.actu.fr\" title=\"D\u00e9couvez Mon Actu\" rel=\"nofollow noopener\" data-trk=\"{&quot;cta&quot;:{&quot;action&quot;:&quot;https:\\\/\\\/moncompte.actu.fr&quot;,&quot;category&quot;:&quot;mon compte&quot;,&quot;from&quot;:&quot;article footer&quot;,&quot;name&quot;:&quot;Mon actu&quot;,&quot;type&quot;:&quot;cta&quot;}}\" target=\"_blank\">Mon Actu<\/a>.<\/p>\n","protected":false},"excerpt":{"rendered":"Par Amandine Mehl Publi\u00e9 le 29 juil. 2025 \u00e0 15h19 En raison des fortes pluies de ces derniers&hellip;\n","protected":false},"author":2,"featured_media":281993,"comment_status":"","ping_status":"","sticky":false,"template":"","format":"standard","meta":{"footnotes":""},"categories":[9635],"tags":[1111,11,3542,1777,674,1011,27,775,1702,12,25,104],"class_list":{"0":"post-281992","1":"post","2":"type-post","3":"status-publish","4":"format-standard","5":"has-post-thumbnail","7":"category-nancy","8":"tag-actu","9":"tag-actualites","10":"tag-circulation","11":"tag-eu","12":"tag-europe","13":"tag-fr","14":"tag-france","15":"tag-grand-est","16":"tag-nancy","17":"tag-news","18":"tag-republique-francaise","19":"tag-societe"},"share_on_mastodon":{"url":"https:\/\/pubeurope.com\/@fr\/114936785406904901","error":""},"_links":{"self":[{"href":"https:\/\/www.europesays.com\/fr\/wp-json\/wp\/v2\/posts\/281992","targetHints":{"allow":["GET"]}}],"collection":[{"href":"https:\/\/www.europesays.com\/fr\/wp-json\/wp\/v2\/posts"}],"about":[{"href":"https:\/\/www.europesays.com\/fr\/wp-json\/wp\/v2\/types\/post"}],"author":[{"embeddable":true,"href":"https:\/\/www.europesays.com\/fr\/wp-json\/wp\/v2\/users\/2"}],"replies":[{"embeddable":true,"href":"https:\/\/www.europesays.com\/fr\/wp-json\/wp\/v2\/comments?post=281992"}],"version-history":[{"count":0,"href":"https:\/\/www.europesays.com\/fr\/wp-json\/wp\/v2\/posts\/281992\/revisions"}],"wp:featuredmedia":[{"embeddable":true,"href":"https:\/\/www.europesays.com\/fr\/wp-json\/wp\/v2\/media\/281993"}],"wp:attachment":[{"href":"https:\/\/www.europesays.com\/fr\/wp-json\/wp\/v2\/media?parent=281992"}],"wp:term":[{"taxonomy":"category","embeddable":true,"href":"https:\/\/www.europesays.com\/fr\/wp-json\/wp\/v2\/categories?post=281992"},{"taxonomy":"post_tag","embeddable":true,"href":"https:\/\/www.europesays.com\/fr\/wp-json\/wp\/v2\/tags?post=281992"}],"curies":[{"name":"wp","href":"https:\/\/api.w.org\/{rel}","templated":true}]}}