{"id":281996,"date":"2025-07-29T13:36:17","date_gmt":"2025-07-29T13:36:17","guid":{"rendered":"https:\/\/www.europesays.com\/fr\/281996\/"},"modified":"2025-07-29T13:36:17","modified_gmt":"2025-07-29T13:36:17","slug":"pourquoi-le-real-martin-dans-le-var-est-une-vigie-pour-la-secheresse","status":"publish","type":"post","link":"https:\/\/www.europesays.com\/fr\/281996\/","title":{"rendered":"Pourquoi le R\u00e9al-Martin dans le Var est une vigie pour la s\u00e9cheresse"},"content":{"rendered":"<p>C\u2019est par ici que se montre la s\u00e9cheresse. Sous des abords verdoyants, \u00e0 l\u2019ombre des aulnes, le R\u00e9al-Martin est une rivi\u00e8re fragile. Apr\u00e8s des semaines de chaleur, elle coule, fluette, sur les pentes du massif des Maures. Son d\u00e9bit est m\u00e9thodiquement surveill\u00e9. \u00ab\u00a075 litres par seconde, c\u2019est quand m\u00eame bas pour un milieu d\u2019\u00e9t\u00e9. D\u2019habitude, nous avons plut\u00f4t cette valeur \u00e0 la fin du mois d\u2019ao\u00fbt\u00a0\u00bb, observe Aur\u00e9lien Boeri, animateur au syndicat mixte du Bassin-versant du Gapeau.<\/p>\n<p>La rivi\u00e8re \u00e9merge \u00e0 Pignans et re\u00e7oit l\u2019eau d\u2019une multitude de ruisseaux dans les vallons bois\u00e9s. \u00c0 mi-chemin vers sa confluence avec le Gapeau, les rives encore naturelles offrent un bon point d\u2019observation. Fix\u00e9 \u00e0 un pont, un capteur dirig\u00e9 vers la surface mesure la hauteur de l\u2019eau. Tout pr\u00e8s, une centrale de t\u00e9l\u00e9transmission envoie les donn\u00e9es, quasiment en temps r\u00e9el.<\/p>\n<p>Du risque d\u2019inondation\u2026 au diagnostic de s\u00e9cheresse<\/p>\n<p>Pens\u00e9 pour alerter sur l\u2019imminence d\u2019une inondation en aval, pour des quartiers de Pierrefeu, le dispositif est un pr\u00e9cieux barom\u00e8tre s\u00e9cheresse. Il permet aux autorit\u00e9s d\u00e9partementales de jauger de la n\u00e9cessit\u00e9 de d\u00e9clencher une alerte, quand la ressource s\u2019amenuise durablement.<\/p>\n<p>\u00ab\u00a0Les sources du R\u00e9al-Martin s\u2019\u00e9puisent depuis d\u00e9but juillet, m\u00eame s\u2019il a bien plu au printemps, d\u00e9crit Aur\u00e9lien Boeri. Nous approchons de ce qu\u2019on appelle le d\u00e9bit biologique, qui est \u00e0 65 litres par seconde.\u00a0\u00bb Ce volume d\u2019eau repr\u00e9sente \u00ab\u00a0la quantit\u00e9 minimale n\u00e9cessaire pour que les \u00e9cosyst\u00e8mes puissent vivre sans tension\u00a0\u00bb.<\/p>\n<p>Rester au-dessus de ce seuil n\u2019est pas toujours possible. Sur le R\u00e9al-Martin, il a \u00e9t\u00e9 franchi \u00e0 huit reprises depuis 2015. Sur le Gapeau, c\u2019est encore plus. Le fleuve c\u00f4tier s\u2019est retrouv\u00e9 en dessous du seuil biologique chaque ann\u00e9e depuis une d\u00e9cennie. Le plus souvent cela se produit en ao\u00fbt ou septembre, mais aussi en novembre (en 2016), ou en mai (lors de la terrible s\u00e9cheresse de 2022).<\/p>\n<p>M\u00eame si l\u2019ann\u00e9e 2025 a \u00e9t\u00e9 g\u00e9n\u00e9reusement arros\u00e9e, le R\u00e9al-Martin ne cesse de fr\u00f4ler le seuil d\u2019alerte depuis plusieurs semaines. Avec un effet sur notre approvisionnement en eau douce. \u00ab\u00a0Les cours d\u2019eau du R\u00e9al-Martin et du Gapeau sont directement en lien avec la nappe souterraine, qui est exploit\u00e9e pour l\u2019eau potable. Tout ce qui coule ici a une influence.\u00a0\u00bb<\/p>\n<p>              <img ci-src=\"https:\/\/www.nicematin.com\/climat\/protec\/DATA_ART_15982170-3NYFxE5L.jpg?vh=f013cc&amp;ci_seal=580cec31be\" alt=\"\"\/><br \/>\n        Une trentaine de canaux sont r\u00e9pertori\u00e9s dans le secteur du Gapeau, jadis pour un usage agricole.&#13;<br \/>\nPhoto Camille Dodet <strong>Photo Camille Dodet.<\/strong> <\/p>\n<p>                                Un quart de l\u2019eau potable<\/p>\n<p>Qui puise dans cette eau? Chaque ann\u00e9e, 26 millions de m\u00e8tres cubes sont pr\u00e9lev\u00e9s dans le bassin-versant du Gapeau. Sur ces terres encore largement cultiv\u00e9es (mara\u00eechage, fleur coup\u00e9e, vignes), une grande part va \u00e0 l\u2019agriculture, avec de grandes variations saisonni\u00e8res. Pendant la p\u00e9riode estivale, l\u2019irrigation devient \u00ab\u00a0pr\u00e9pond\u00e9rante\u00a0\u00bb \u2013 via des canaux qui ont \u00e9t\u00e9 creus\u00e9s et construits aux si\u00e8cles pass\u00e9s. Le plus gros des pr\u00e9l\u00e8vements se fait par les canaux (lire par ailleurs).<\/p>\n<p>La consommation humaine elle, repr\u00e9sente un quart de ce qui est pomp\u00e9 dans le milieu nature. Selon le syndicat mixte du Bassin-versant du Gapeau, l\u2019eau potable consomm\u00e9e localement provient \u00e0 65% des captages dans la nappe alluviale. Tous les affluents du Gapeau, dont le R\u00e9al-Martin, alimentent ces eaux souterraines.<\/p>\n<p>Les rivi\u00e8res sont absolument indispensables \u00e0 l\u2019eau qui coule dans nos tuyaux et \u00e0 nos robinets.<\/p>\n<p>\u00c9conomies d\u2019eau, pourquoi les canaux sont concern\u00e9s<\/p>\n<p>D\u00e9river de l\u2019eau gr\u00e2ce \u00e0 un canal est une pratique historique le long des rivi\u00e8res. Dans le bassin-versant du Gapeau, ces prises d\u2019eau repr\u00e9sentent 19 millions de m\u00e8tres cubes, soit 73% des pr\u00e9l\u00e8vements. \u00ab\u00a0Ces ouvrages sont n\u00e9cessaires, on en a besoin, mais on conna\u00eet mal la r\u00e9partition des usages\u00a0\u00bb, analyse Aur\u00e9lien Boeri. L\u2019urbanisation a beaucoup gagn\u00e9. On estime que seulement 30% de cette eau est utilis\u00e9e dans le cadre d\u2019une activit\u00e9 agricole.<\/p>\n<p>Le reste serait \u00e0 chercher du c\u00f4t\u00e9 des usages plus r\u00e9cr\u00e9atifs, arrosage des jardins, remplissage des piscines et autres. \u00ab\u00a0La marge de man\u0153uvre est l\u00e0, car certains droits d\u2019eau anciens sont sup\u00e9rieurs au d\u00e9bit des cours d\u2019eau. En p\u00e9riode de s\u00e9cheresse, nous devons faire des choix.\u00a0\u00bb<\/p>\n<p>Un travail de r\u00e9gulation a \u00e9t\u00e9 entam\u00e9 en 2020, pour que les utilisateurs des canaux se rassemblent dans des structures associatives. C\u2019est le pr\u00e9alable \u00e0 toute gestion concert\u00e9e de la ressource.<\/p>\n<p>\u00ab\u00a0Notre objectif, en tant que syndicat mixte du bassin-versant est d\u2019arriver \u00e0 trouver les \u00e9quilibres.\u00a0\u00bb En laissant la priorit\u00e9 aux usages vraiment prioritaires.<\/p>\n","protected":false},"excerpt":{"rendered":"C\u2019est par ici que se montre la s\u00e9cheresse. Sous des abords verdoyants, \u00e0 l\u2019ombre des aulnes, le R\u00e9al-Martin&hellip;\n","protected":false},"author":2,"featured_media":281997,"comment_status":"","ping_status":"","sticky":false,"template":"","format":"standard","meta":{"footnotes":""},"categories":[9619],"tags":[1111,11,1129,436,1777,674,1011,27,12,882,25,656,2310],"class_list":{"0":"post-281996","1":"post","2":"type-post","3":"status-publish","4":"format-standard","5":"has-post-thumbnail","7":"category-toulon","8":"tag-actu","9":"tag-actualites","10":"tag-climat","11":"tag-environnement","12":"tag-eu","13":"tag-europe","14":"tag-fr","15":"tag-france","16":"tag-news","17":"tag-provence-alpes-cote-dazur","18":"tag-republique-francaise","19":"tag-securite","20":"tag-toulon"},"share_on_mastodon":{"url":"https:\/\/pubeurope.com\/@fr\/114936793419653786","error":""},"_links":{"self":[{"href":"https:\/\/www.europesays.com\/fr\/wp-json\/wp\/v2\/posts\/281996","targetHints":{"allow":["GET"]}}],"collection":[{"href":"https:\/\/www.europesays.com\/fr\/wp-json\/wp\/v2\/posts"}],"about":[{"href":"https:\/\/www.europesays.com\/fr\/wp-json\/wp\/v2\/types\/post"}],"author":[{"embeddable":true,"href":"https:\/\/www.europesays.com\/fr\/wp-json\/wp\/v2\/users\/2"}],"replies":[{"embeddable":true,"href":"https:\/\/www.europesays.com\/fr\/wp-json\/wp\/v2\/comments?post=281996"}],"version-history":[{"count":0,"href":"https:\/\/www.europesays.com\/fr\/wp-json\/wp\/v2\/posts\/281996\/revisions"}],"wp:featuredmedia":[{"embeddable":true,"href":"https:\/\/www.europesays.com\/fr\/wp-json\/wp\/v2\/media\/281997"}],"wp:attachment":[{"href":"https:\/\/www.europesays.com\/fr\/wp-json\/wp\/v2\/media?parent=281996"}],"wp:term":[{"taxonomy":"category","embeddable":true,"href":"https:\/\/www.europesays.com\/fr\/wp-json\/wp\/v2\/categories?post=281996"},{"taxonomy":"post_tag","embeddable":true,"href":"https:\/\/www.europesays.com\/fr\/wp-json\/wp\/v2\/tags?post=281996"}],"curies":[{"name":"wp","href":"https:\/\/api.w.org\/{rel}","templated":true}]}}