{"id":28200,"date":"2025-04-16T02:36:17","date_gmt":"2025-04-16T02:36:17","guid":{"rendered":"https:\/\/www.europesays.com\/fr\/28200\/"},"modified":"2025-04-16T02:36:17","modified_gmt":"2025-04-16T02:36:17","slug":"un-bus-seme-la-pagaille-et-cree-un-gros-bouchon-a-lentree-de-lille","status":"publish","type":"post","link":"https:\/\/www.europesays.com\/fr\/28200\/","title":{"rendered":"un bus s\u00e8me la pagaille et cr\u00e9e un gros bouchon \u00e0 l&rsquo;entr\u00e9e de Lille"},"content":{"rendered":"<p>            Par<br \/>\n        <strong><br \/>\n            <a href=\"https:\/\/actu.fr\/auteur\/nicolas-demollien\" title=\"Consulter tous les articles de Nicolas Demollien\" target=\"_blank\" rel=\"noopener\">Nicolas Demollien<\/a><br \/>\n        <\/strong><\/p>\n<p>        Publi\u00e9 le<\/p>\n<p>            15 avr. 2025 \u00e0 13h11        <\/p>\n<p>Il fallait prendre son <b>mal en patience <\/b>pour ceux qui empruntaient l\u2019<a href=\"https:\/\/actu.fr\/tag\/autoroute-1-a1\" target=\"_blank\" rel=\"noopener\">autoroute A1<\/a> ce mardi 15 avril 2025. A l\u2019entr\u00e9e de <a href=\"https:\/\/actu.fr\/hauts-de-france\/lille_59350\" target=\"_blank\" rel=\"noopener\">Lille<\/a> (Nord), un <b>bus a cr\u00e9\u00e9 de grosses difficult\u00e9s<\/b> de <a href=\"https:\/\/actu.fr\/tag\/circulation\" target=\"_blank\" rel=\"noopener\">circulation<\/a> en <b>\u00e9tant arr\u00eat\u00e9<\/b> \u00e0 hauteur de Ronchin.<\/p>\n<p>Un bus cr\u00e9e plusieurs kilom\u00e8tres de bouchon sur l\u2019A1 \u00e0 l\u2019entr\u00e9e de Lille\u00a0<\/p>\n<p class=\" wall-content\">Et pour cause, l\u2019engin ne pouvait plus avancer en raison d\u2019une <b>crevaison<\/b> dans le <b>sens Paris \u2013 Lille<\/b>. Cons\u00e9quence : \u00ab\u00a0la voie de droite est neutralis\u00e9e et un <b>bouchon de 6 kilom\u00e8tres s\u2019est form\u00e9 en amont<\/b> de cet incident\u00a0\u00bb, expliquait-on du c\u00f4t\u00e9 de la pr\u00e9fecture aux alentours de 13h.<\/p>\n<p class=\" wall-content\">Peu avant 16h, la voie de droite a pu \u00eatre lib\u00e9r\u00e9e, mettant fin aux perturbations.<\/p>\n<p class=\" wall-content\">Suivez toute l\u2019actualit\u00e9 de vos villes et m\u00e9dias favoris en vous inscrivant \u00e0 <a href=\"https:\/\/moncompte.actu.fr\" title=\"D\u00e9couvez Mon Actu\" rel=\"nofollow noopener\" data-trk=\"{&quot;cta&quot;:{&quot;action&quot;:&quot;https:\\\/\\\/moncompte.actu.fr&quot;,&quot;category&quot;:&quot;mon compte&quot;,&quot;from&quot;:&quot;article footer&quot;,&quot;name&quot;:&quot;Mon actu&quot;,&quot;type&quot;:&quot;cta&quot;}}\" target=\"_blank\">Mon Actu<\/a>.<\/p>\n<ul class=\"ac-article-tag wall-content\">\n<li><a href=\"https:\/\/actu.fr\/tag\/accident\" data-trk=\"{&quot;cta&quot;:{&quot;action&quot;:&quot;Accident&quot;,&quot;category&quot;:&quot;tag&quot;,&quot;from&quot;:&quot;article footer&quot;,&quot;name&quot;:&quot;Accident&quot;,&quot;type&quot;:&quot;cta&quot;}}\" target=\"_blank\" rel=\"noopener\">#Accident<\/a><\/li>\n<li><a href=\"https:\/\/actu.fr\/tag\/autoroute-1-a1\" data-trk=\"{&quot;cta&quot;:{&quot;action&quot;:&quot;Autoroute 1 (A1)&quot;,&quot;category&quot;:&quot;tag&quot;,&quot;from&quot;:&quot;article footer&quot;,&quot;name&quot;:&quot;Autoroute 1 (A1)&quot;,&quot;type&quot;:&quot;cta&quot;}}\" target=\"_blank\" rel=\"noopener\">#Autoroute 1 (A1)<\/a><\/li>\n<\/ul>\n","protected":false},"excerpt":{"rendered":"Par Nicolas Demollien Publi\u00e9 le 15 avr. 2025 \u00e0 13h11 Il fallait prendre son mal en patience pour&hellip;\n","protected":false},"author":2,"featured_media":28201,"comment_status":"","ping_status":"","sticky":false,"template":"","format":"standard","meta":{"footnotes":""},"categories":[2815],"tags":[119,1111,11,9904,1777,674,1011,27,811,1307,12,25,104],"class_list":{"0":"post-28200","1":"post","2":"type-post","3":"status-publish","4":"format-standard","5":"has-post-thumbnail","7":"category-lille","8":"tag-accident","9":"tag-actu","10":"tag-actualites","11":"tag-autoroute-1-a1","12":"tag-eu","13":"tag-europe","14":"tag-fr","15":"tag-france","16":"tag-hauts-de-france","17":"tag-lille","18":"tag-news","19":"tag-republique-francaise","20":"tag-societe"},"share_on_mastodon":{"url":"https:\/\/pubeurope.com\/@fr\/114345318760006358","error":""},"_links":{"self":[{"href":"https:\/\/www.europesays.com\/fr\/wp-json\/wp\/v2\/posts\/28200","targetHints":{"allow":["GET"]}}],"collection":[{"href":"https:\/\/www.europesays.com\/fr\/wp-json\/wp\/v2\/posts"}],"about":[{"href":"https:\/\/www.europesays.com\/fr\/wp-json\/wp\/v2\/types\/post"}],"author":[{"embeddable":true,"href":"https:\/\/www.europesays.com\/fr\/wp-json\/wp\/v2\/users\/2"}],"replies":[{"embeddable":true,"href":"https:\/\/www.europesays.com\/fr\/wp-json\/wp\/v2\/comments?post=28200"}],"version-history":[{"count":0,"href":"https:\/\/www.europesays.com\/fr\/wp-json\/wp\/v2\/posts\/28200\/revisions"}],"wp:featuredmedia":[{"embeddable":true,"href":"https:\/\/www.europesays.com\/fr\/wp-json\/wp\/v2\/media\/28201"}],"wp:attachment":[{"href":"https:\/\/www.europesays.com\/fr\/wp-json\/wp\/v2\/media?parent=28200"}],"wp:term":[{"taxonomy":"category","embeddable":true,"href":"https:\/\/www.europesays.com\/fr\/wp-json\/wp\/v2\/categories?post=28200"},{"taxonomy":"post_tag","embeddable":true,"href":"https:\/\/www.europesays.com\/fr\/wp-json\/wp\/v2\/tags?post=28200"}],"curies":[{"name":"wp","href":"https:\/\/api.w.org\/{rel}","templated":true}]}}