{"id":282019,"date":"2025-07-29T13:56:12","date_gmt":"2025-07-29T13:56:12","guid":{"rendered":"https:\/\/www.europesays.com\/fr\/282019\/"},"modified":"2025-07-29T13:56:12","modified_gmt":"2025-07-29T13:56:12","slug":"lachepaillet-un-site-de-formation-unique-et-innovant","status":"publish","type":"post","link":"https:\/\/www.europesays.com\/fr\/282019\/","title":{"rendered":"Lachepaillet, un site de formation unique et innovant"},"content":{"rendered":"<p>Le GRETA-CFA Aquitaine poss\u00e8de des connexions importantes avec l\u2019ensemble du tissu \u00e9conomique local, afin de faciliter l\u2019insertion professionnelle de ses apprenants et la mont\u00e9e en comp\u00e9tence des salari\u00e9s.\u00a0<\/p>\n<p>Form\u00e9s aux derni\u00e8res pratiques et r\u00e9glementations du secteur, les apprenants garantissent un apport de connaissances actualis\u00e9es et une aide pr\u00e9cieuse dans la mise en \u0153uvre de projets p\u00e9dagogiques au sein des entreprises locales.<\/p>\n<p>\u00ab L&rsquo;accueil de stagiaires est une contribution active au d\u00e9veloppement de la fili\u00e8re petite enfance. En ouvrant les portes de votre structure, vous participez directement \u00e0 la formation de la prochaine g\u00e9n\u00e9ration de professionnels, assurant la p\u00e9rennit\u00e9 et la qualit\u00e9 des services dans un secteur en constante \u00e9volution et en forte demande \u00bb, souligne le GRETA-CFA Aquitaine.<\/p>\n<p>Ces p\u00e9riodes d\u2019apprentissage constituent \u00e9galement une opportunit\u00e9 de pr\u00e9-recrutement et de fid\u00e9lisation des talents. Elles repr\u00e9sentent une p\u00e9riode d&rsquo;\u00e9valuation mutuelle id\u00e9ale, permettant d&rsquo;observer les apprenants en situation r\u00e9elle, d&rsquo;\u00e9valuer leur potentiel, leur savoir-\u00eatre (notamment l&#8217;empathie, l&rsquo;\u00e9coute active et la patience) et leur ad\u00e9quation avec la culture de l\u2019entreprise, avant m\u00eame d&rsquo;envisager une embauche.<\/p>\n<p>C\u2019est le cas pour les \u00e9l\u00e8ves du <a target=\"_blank\" rel=\"noopener noreferrer nofollow\" href=\"https:\/\/greta-cfa-aquitaine.fr\/fiches\/hsp-cap-aepe-accompagnant-educatif-petite-enfance-4\/\">CAP Accompagnant \u00c9ducatif Petite Enfance<\/a> (AEPE), une formation dispens\u00e9e sur le site de Lachepaillet. Celle-ci est m\u00e9ticuleusement \u00e9labor\u00e9e pour doter les futurs professionnels des comp\u00e9tences essentielles \u00e0 l&rsquo;accueil et \u00e0 la garde de jeunes enfants, de la naissance jusqu\u2019\u00e0 six ans.<\/p>\n<p>Les stagiaires du CAP AEPE d\u00e9veloppent un ensemble de comp\u00e9tences fondamentales, telles que la compr\u00e9hension approfondie du d\u00e9veloppement de l&rsquo;enfant, la ma\u00eetrise des soins du quotidien et des normes d&rsquo;hygi\u00e8ne\/s\u00e9curit\u00e9, la gestion et l\u2019animation d&rsquo;activit\u00e9s \u00e9ducatives et d&rsquo;\u00e9veil, la communication et le relationnel, le travail en \u00e9quipe et collaboration professionnelle, la connaissance du cadre r\u00e9glementaire\u2026<\/p>\n<p>No\u00e9mie Besnard<\/p>\n","protected":false},"excerpt":{"rendered":"Le GRETA-CFA Aquitaine poss\u00e8de des connexions importantes avec l\u2019ensemble du tissu \u00e9conomique local, afin de faciliter l\u2019insertion professionnelle&hellip;\n","protected":false},"author":2,"featured_media":282020,"comment_status":"","ping_status":"","sticky":false,"template":"","format":"standard","meta":{"footnotes":""},"categories":[2817],"tags":[1111,11,1997,39797,341,1777,674,1119,1011,27,12,2219,9203,25],"class_list":{"0":"post-282019","1":"post","2":"type-post","3":"status-publish","4":"format-standard","5":"has-post-thumbnail","7":"category-bordeaux","8":"tag-actu","9":"tag-actualites","10":"tag-bordeaux","11":"tag-eco-locale","12":"tag-emploi","13":"tag-eu","14":"tag-europe","15":"tag-formation","16":"tag-fr","17":"tag-france","18":"tag-news","19":"tag-nouvelle-aquitaine","20":"tag-pays-basque","21":"tag-republique-francaise"},"share_on_mastodon":{"url":"https:\/\/pubeurope.com\/@fr\/114936871900133754","error":""},"_links":{"self":[{"href":"https:\/\/www.europesays.com\/fr\/wp-json\/wp\/v2\/posts\/282019","targetHints":{"allow":["GET"]}}],"collection":[{"href":"https:\/\/www.europesays.com\/fr\/wp-json\/wp\/v2\/posts"}],"about":[{"href":"https:\/\/www.europesays.com\/fr\/wp-json\/wp\/v2\/types\/post"}],"author":[{"embeddable":true,"href":"https:\/\/www.europesays.com\/fr\/wp-json\/wp\/v2\/users\/2"}],"replies":[{"embeddable":true,"href":"https:\/\/www.europesays.com\/fr\/wp-json\/wp\/v2\/comments?post=282019"}],"version-history":[{"count":0,"href":"https:\/\/www.europesays.com\/fr\/wp-json\/wp\/v2\/posts\/282019\/revisions"}],"wp:featuredmedia":[{"embeddable":true,"href":"https:\/\/www.europesays.com\/fr\/wp-json\/wp\/v2\/media\/282020"}],"wp:attachment":[{"href":"https:\/\/www.europesays.com\/fr\/wp-json\/wp\/v2\/media?parent=282019"}],"wp:term":[{"taxonomy":"category","embeddable":true,"href":"https:\/\/www.europesays.com\/fr\/wp-json\/wp\/v2\/categories?post=282019"},{"taxonomy":"post_tag","embeddable":true,"href":"https:\/\/www.europesays.com\/fr\/wp-json\/wp\/v2\/tags?post=282019"}],"curies":[{"name":"wp","href":"https:\/\/api.w.org\/{rel}","templated":true}]}}