{"id":282021,"date":"2025-07-29T13:57:10","date_gmt":"2025-07-29T13:57:10","guid":{"rendered":"https:\/\/www.europesays.com\/fr\/282021\/"},"modified":"2025-07-29T13:57:10","modified_gmt":"2025-07-29T13:57:10","slug":"a-bordeaux-les-bassins-des-lumieres-proposent-bientot-une-exposition-pour-voyager-au-fond-des-oceans","status":"publish","type":"post","link":"https:\/\/www.europesays.com\/fr\/282021\/","title":{"rendered":"\u00c0 Bordeaux, les Bassins des lumi\u00e8res proposent bient\u00f4t une exposition pour voyager au fond des oc\u00e9ans"},"content":{"rendered":"<p>            Par<br \/>\n        <strong><br \/>\n            <a href=\"https:\/\/actu.fr\/auteur\/redaction-bordeaux\" title=\"Consulter tous les articles de R\u00e9daction Bordeaux\" rel=\"nofollow noopener\" target=\"_blank\">R\u00e9daction Bordeaux<\/a><br \/>\n        <\/strong><\/p>\n<p>        Publi\u00e9 le<\/p>\n<p>            29 juil. 2025 \u00e0 15h02        <\/p>\n<p>Les<strong> fonds marins<\/strong> vont s\u2019inviter dans le d\u00e9cor des <a href=\"https:\/\/actu.fr\/nouvelle-aquitaine\/bordeaux_33063\/une-exposition-sur-l-egypte-et-les-pharaons-va-bientot-etre-projetee-aux-bassins-des-lumieres-a-bordeaux_62012210.html\" rel=\"nofollow noopener\" target=\"_blank\">Bassins des lumi\u00e8res<\/a> \u00e0 Bordeaux. \u00c0 partir du samedi 18\u00a0octobre 2025, une nouvelle exposition intitul\u00e9e \u00ab\u2009Oc\u00e9an, une plong\u00e9e immersive\u2009\u00bb va \u00eatre propos\u00e9e.<\/p>\n<p class=\" wall-content\">Cette <a href=\"https:\/\/actu.fr\/nouvelle-aquitaine\/bordeaux_33063\/video-immersion-dans-l-univers-du-petit-prince-aux-bassins-des-lumieres-de-bordeaux_61742750.html\" rel=\"nofollow noopener\" target=\"_blank\">cr\u00e9ation<\/a> va c\u00e9l\u00e9brer la beaut\u00e9 des <strong>oc\u00e9ans<\/strong> ainsi que la richesse de la vie marine. Dans cet univers, les murs seront investis par des poissons color\u00e9s, des r\u00e9cifs, des tortues, orques, requins et plus de cent autres esp\u00e8ces du milieu marin.<\/p>\n<p class=\" wall-content\">\u00ab\u2009Au-del\u00e0 de la simple contemplation, l\u2019exposition invite \u00e0 une prise de conscience\u2009: l\u2019influence de l\u2019Homme sur les oc\u00e9ans \u2014 et notamment sur les esp\u00e8ces des grandes profondeurs \u2014 y est aussi \u00e9voqu\u00e9e. L\u2019exp\u00e9rience met en lumi\u00e8re<strong> la beaut\u00e9 fragile<\/strong> d\u2019un monde souvent invisible, mais essentiel\u2009\u00bb, d\u00e9taille les Bassins des lumi\u00e8res dans un communiqu\u00e9.<\/p>\n<p>Un spectacle visuel et sonore<\/p>\n<p class=\" wall-content\">En plus de sa dimension visuelle, l\u2019exposition est enrichie par des <strong>effets sonores<\/strong> plongeant le visiteur dans l\u2019oc\u00e9an. \u00ab\u00a0Les sons naturels de l\u2019oc\u00e9an : le cliquetis des <strong>dauphins<\/strong>, le cri des <strong>mouettes<\/strong>, le ressac des vagues ou encore le souffle du vent accompagnent les sc\u00e8nes, amplifiant leur intensit\u00e9 \u00e9motionnelle.\u00a0\u00bb La bande originale de Goldfinger\u00a0 s\u2019invitera dans la programmation.<\/p>\n<p class=\" wall-content\">Cette cr\u00e9ation, pr\u00e9sent\u00e9e pour la premi\u00e8re fois en France, est le fruit d\u2019un an de travail avec plus de <strong>800<\/strong> s\u00e9quences vid\u00e9o.\u00a0<\/p>\n<p class=\" wall-content\">En attendant son arriv\u00e9e aux Bassin des lumi\u00e8res, l\u2019exposition sur <strong>l\u2019\u00c9gypte Antique<\/strong> est toujours \u00e0 l\u2019affiche. Celle sur le <strong>Petit Prince<\/strong> se terminera le 27 ao\u00fbt.\u00a0<\/p>\n<p class=\" wall-content\">Suivez toute l\u2019actualit\u00e9 de vos villes et m\u00e9dias favoris en vous inscrivant \u00e0 <a href=\"https:\/\/moncompte.actu.fr\" title=\"D\u00e9couvez Mon Actu\" rel=\"nofollow noopener\" data-trk=\"{&quot;cta&quot;:{&quot;action&quot;:&quot;https:\\\/\\\/moncompte.actu.fr&quot;,&quot;category&quot;:&quot;mon compte&quot;,&quot;from&quot;:&quot;article footer&quot;,&quot;name&quot;:&quot;Mon actu&quot;,&quot;type&quot;:&quot;cta&quot;}}\" target=\"_blank\">Mon Actu<\/a>.<\/p>\n","protected":false},"excerpt":{"rendered":"Par R\u00e9daction Bordeaux Publi\u00e9 le 29 juil. 2025 \u00e0 15h02 Les fonds marins vont s\u2019inviter dans le d\u00e9cor&hellip;\n","protected":false},"author":2,"featured_media":282022,"comment_status":"","ping_status":"","sticky":false,"template":"","format":"standard","meta":{"footnotes":""},"categories":[2817],"tags":[1111,11,1997,1777,674,1349,1011,27,1652,12,2219,25,853],"class_list":{"0":"post-282021","1":"post","2":"type-post","3":"status-publish","4":"format-standard","5":"has-post-thumbnail","7":"category-bordeaux","8":"tag-actu","9":"tag-actualites","10":"tag-bordeaux","11":"tag-eu","12":"tag-europe","13":"tag-expositions","14":"tag-fr","15":"tag-france","16":"tag-loisirs-culture","17":"tag-news","18":"tag-nouvelle-aquitaine","19":"tag-republique-francaise","20":"tag-spectacles"},"share_on_mastodon":{"url":"https:\/\/pubeurope.com\/@fr\/114936875863366638","error":""},"_links":{"self":[{"href":"https:\/\/www.europesays.com\/fr\/wp-json\/wp\/v2\/posts\/282021","targetHints":{"allow":["GET"]}}],"collection":[{"href":"https:\/\/www.europesays.com\/fr\/wp-json\/wp\/v2\/posts"}],"about":[{"href":"https:\/\/www.europesays.com\/fr\/wp-json\/wp\/v2\/types\/post"}],"author":[{"embeddable":true,"href":"https:\/\/www.europesays.com\/fr\/wp-json\/wp\/v2\/users\/2"}],"replies":[{"embeddable":true,"href":"https:\/\/www.europesays.com\/fr\/wp-json\/wp\/v2\/comments?post=282021"}],"version-history":[{"count":0,"href":"https:\/\/www.europesays.com\/fr\/wp-json\/wp\/v2\/posts\/282021\/revisions"}],"wp:featuredmedia":[{"embeddable":true,"href":"https:\/\/www.europesays.com\/fr\/wp-json\/wp\/v2\/media\/282022"}],"wp:attachment":[{"href":"https:\/\/www.europesays.com\/fr\/wp-json\/wp\/v2\/media?parent=282021"}],"wp:term":[{"taxonomy":"category","embeddable":true,"href":"https:\/\/www.europesays.com\/fr\/wp-json\/wp\/v2\/categories?post=282021"},{"taxonomy":"post_tag","embeddable":true,"href":"https:\/\/www.europesays.com\/fr\/wp-json\/wp\/v2\/tags?post=282021"}],"curies":[{"name":"wp","href":"https:\/\/api.w.org\/{rel}","templated":true}]}}