{"id":282032,"date":"2025-07-29T14:03:11","date_gmt":"2025-07-29T14:03:11","guid":{"rendered":"https:\/\/www.europesays.com\/fr\/282032\/"},"modified":"2025-07-29T14:03:11","modified_gmt":"2025-07-29T14:03:11","slug":"cest-archi-bidon-marseille-a-tenu-a-vite-dementir-letrange-rumeur-neymar","status":"publish","type":"post","link":"https:\/\/www.europesays.com\/fr\/282032\/","title":{"rendered":"\u00ab C\u2019est archi bidon \u00bb\u2026 Marseille a tenu \u00e0 vite d\u00e9mentir l\u2019\u00e9trange rumeur Neymar"},"content":{"rendered":"<p><strong>From Paixao to Neymar\u00a0? &#8211; Alors qu\u2019un m\u00e9dia argentin a \u00e9voqu\u00e9 lundi la possible arriv\u00e9e de l\u2019ancienne star br\u00e9silienne du PSG \u00e0 l\u2019Olympique de Marseille, un responsable olympien a sans surprise \u00e9teint l\u2019emballement m\u00e9diatique ce mardi<\/strong><\/p>\n<p>L\u2019histoire du football s\u2019accompagne de tant de transferts WTF qu\u2019on s\u2019est pris \u00e0 sourire en d\u00e9couvrant lundi soir une suppos\u00e9e information de TyC Sports. Ce m\u00e9dia argentin indiquait <a href=\"https:\/\/x.com\/TyCSports\/status\/1949910695996510383?at_medium=RSS%20feed&amp;at_campaign=ynews&amp;utm_source=yahoo&amp;utm_medium=rss&amp;utm_campaign=news_feed&amp;utm_content=in_article_link\" rel=\"nofollow noopener\" target=\"_blank\" data-ylk=\"slk:dans un article mercato;elm:context_link;itc:0;sec:content-canvas\" class=\"link \">dans un article mercato<\/a> que l\u2019<a href=\"https:\/\/www.20minutes.fr\/sport\/om\/?at_medium=RSS%20feed&amp;at_campaign=ynews&amp;utm_source=yahoo&amp;utm_medium=rss&amp;utm_campaign=news_feed&amp;utm_content=in_article_link\" rel=\"nofollow noopener\" target=\"_blank\" data-ylk=\"slk:OM;elm:context_link;itc:0;sec:content-canvas\" class=\"link \">OM<\/a> serait le club \u00ab\u00a0le mieux plac\u00e9\u00a0\u00bb pour accueillir <a href=\"https:\/\/www.20minutes.fr\/sport\/neymar\/?at_medium=RSS%20feed&amp;at_campaign=ynews&amp;utm_source=yahoo&amp;utm_medium=rss&amp;utm_campaign=news_feed&amp;utm_content=in_article_link\" rel=\"nofollow noopener\" target=\"_blank\" data-ylk=\"slk:Neymar;elm:context_link;itc:0;sec:content-canvas\" class=\"link \">Neymar<\/a>. Oui oui, l\u2019ancienne star du rival parisien (de\u00a02017 \u00e0\u00a02023), qui vient pourtant de prolonger r\u00e9cemment son contrat avec Santos (Br\u00e9sil) jusqu\u2019en d\u00e9cembre.<\/p>\n<p>Face \u00e0 la mar\u00e9e m\u00e9diatique accompagnant cette rumeur, ainsi qu\u2019aux nombreux commentaires de supporteurs olympiens qui l\u2019ont accompagn\u00e9e sur les r\u00e9seaux sociaux, l\u2019Olympique de Marseille a vite tenu \u00e0 r\u00e9agir. Aupr\u00e8s du <a href=\"https:\/\/www.leparisien.fr\/sports\/football\/mercato-archi-bidon-lom-dement-limprobable-rumeur-dun-transfert-de-neymar-29-07-2025-GITNR7ZQZJDZHOBKYYVJI3CYZY.php?at_medium=RSS%20feed&amp;at_campaign=ynews&amp;utm_source=yahoo&amp;utm_medium=rss&amp;utm_campaign=news_feed&amp;utm_content=in_article_link\" rel=\"nofollow noopener\" target=\"_blank\" data-ylk=\"slk:Parisien;elm:context_link;itc:0;sec:content-canvas\" class=\"link \">Parisien<\/a>, un responsable du club phoc\u00e9en assure ainsi ce mardi\u00a0: \u00ab\u00a0C\u2019est archi bidon.\u00a0\u00bb<\/p>\n<p>Igor Paixao attendu pour pr\u00e8s de 35\u00a0millions d\u2019euros<\/p>\n<p>On avait beau s\u2019en douter, surtout en raison de l\u2019absence de toute br\u00e8ve \u00e0 ce sujet dans la presse br\u00e9silienne, \u00e7a nous aurait fait marrer que le sujet Neymar-OM prenne de l\u2019ampleur pour dynamiter ce <a href=\"https:\/\/www.20minutes.fr\/sport\/mercato\/?at_medium=RSS%20feed&amp;at_campaign=ynews&amp;utm_source=yahoo&amp;utm_medium=rss&amp;utm_campaign=news_feed&amp;utm_content=in_article_link\" rel=\"nofollow noopener\" target=\"_blank\" data-ylk=\"slk:mercato;elm:context_link;itc:0;sec:content-canvas\" class=\"link \">mercato<\/a> estival.<\/p>\n<p><a href=\"https:\/\/www.20minutes.fr\/sport\/mercato-om\/\" rel=\"nofollow noopener\" target=\"_blank\" data-ylk=\"slk:Notre dossier sur le mercato de l&#039;OM;elm:context_link;itc:0;sec:content-canvas\" class=\"link \">Notre dossier sur le mercato de l&rsquo;OM<\/a><\/p>\n<p>Mais non, \u00e0 d\u00e9faut d\u2019un Neymar de 33 ans qui n\u2019est plus que l\u2019ombre de l\u2019artiste du Bar\u00e7a (<a href=\"https:\/\/www.20minutes.fr\/sport\/football\/4156429-20250602-bresil-pardonnez-neymar-expulse-apres-avoir-inscrit-but-main-coutant-tres-cher-santos?at_medium=RSS%20feed&amp;at_campaign=ynews&amp;utm_source=yahoo&amp;utm_medium=rss&amp;utm_campaign=news_feed&amp;utm_content=in_article_link\" rel=\"nofollow noopener\" target=\"_blank\" data-ylk=\"slk:m\u00e9forme;elm:context_link;itc:0;sec:content-canvas\" class=\"link \">m\u00e9forme<\/a>, blessures, <a href=\"https:\/\/www.20minutes.fr\/sport\/football\/4165082-20250724-bresil-but-refuse-embrouille-supporteur-neymar-temps-durs-santos?at_medium=RSS%20feed&amp;at_campaign=ynews&amp;utm_source=yahoo&amp;utm_medium=rss&amp;utm_campaign=news_feed&amp;utm_content=in_article_link\" rel=\"nofollow noopener\" target=\"_blank\" data-ylk=\"slk:embrouille avec un supporteur;elm:context_link;itc:0;sec:content-canvas\" class=\"link \">embrouille avec un supporteur<\/a>\u2026), Marseille est en train de boucler l\u2019arriv\u00e9e d\u2019un autre ailier br\u00e9silien, Igor Paixao (<a href=\"https:\/\/www.20minutes.fr\/sport\/feyenoord\/?at_medium=RSS%20feed&amp;at_campaign=ynews&amp;utm_source=yahoo&amp;utm_medium=rss&amp;utm_campaign=news_feed&amp;utm_content=in_article_link\" rel=\"nofollow noopener\" target=\"_blank\" data-ylk=\"slk:Feyenoord;elm:context_link;itc:0;sec:content-canvas\" class=\"link \">Feyenoord<\/a>, 25 ans), pour <a href=\"https:\/\/www.lequipe.fr\/Football\/Actualites\/Igor-paixao-recrue-la-plus-chere-de-l-om-en-attendant-le-depart-de-mason-greenwood\/1581561?at_medium=RSS%20feed&amp;at_campaign=ynews&amp;utm_source=yahoo&amp;utm_medium=rss&amp;utm_campaign=news_feed&amp;utm_content=in_article_link\" rel=\"nofollow noopener\" target=\"_blank\" data-ylk=\"slk:un montant record;elm:context_link;itc:0;sec:content-canvas\" class=\"link \">un montant record<\/a> approchant les 35\u00a0millions d\u2019euros.<\/p>\n<p><a href=\"https:\/\/www.20minutes.fr\/sport\/football\/mercato\/4165798-20250729-mercato-om-archi-bidon-marseille-tenu-vite-dementir-etrange-rumeur-neymar?at_medium=RSS%20feed&amp;at_campaign=ynews&amp;utm_source=yahoo&amp;utm_medium=rss&amp;utm_campaign=news_feed&amp;utm_content=read_more_link&quot;\" rel=\"nofollow noopener\" target=\"_blank\" data-ylk=\"slk:Lire la suite sur 20minutes;elm:context_link;itc:0;sec:content-canvas\" class=\"link \">Lire la suite sur 20minutes<\/a><\/p>\n<p>\u00c0 lire aussi :<br \/><a href=\"https:\/\/www.20minutes.fr\/sport\/football\/4165082-20250724-bresil-but-refuse-embrouille-supporteur-neymar-temps-durs-santos?at_medium=RSS%20feed&amp;at_campaign=ynews&amp;utm_source=yahoo&amp;utm_medium=rss&amp;utm_campaign=news_feed&amp;utm_content=related_content_link\" rel=\"nofollow noopener\" target=\"_blank\" data-ylk=\"slk:Br\u00e9sil\u00a0: But refus\u00e9 et embrouille avec un supporteur\u2026 Pour Neymar, les temps sont durs avec Santos;elm:context_link;itc:0;sec:content-canvas\" class=\"link \">Br\u00e9sil\u00a0: But refus\u00e9 et embrouille avec un supporteur\u2026 Pour Neymar, les temps sont durs avec Santos<\/a><br \/><a href=\"https:\/\/www.20minutes.fr\/sport\/football\/4156429-20250602-bresil-pardonnez-neymar-expulse-apres-avoir-inscrit-but-main-coutant-tres-cher-santos?at_medium=RSS%20feed&amp;at_campaign=ynews&amp;utm_source=yahoo&amp;utm_medium=rss&amp;utm_campaign=news_feed&amp;utm_content=related_content_link\" rel=\"nofollow noopener\" target=\"_blank\" data-ylk=\"slk:Br\u00e9sil\u00a0: \u00ab\u00a0Pardonnez-moi\u00a0\u00bb\u2026 Neymar expuls\u00e9 apr\u00e8s avoir inscrit un but de la main co\u00fbtant tr\u00e8s cher \u00e0 Santos;elm:context_link;itc:0;sec:content-canvas\" class=\"link \">Br\u00e9sil\u00a0: \u00ab\u00a0Pardonnez-moi\u00a0\u00bb\u2026 Neymar expuls\u00e9 apr\u00e8s avoir inscrit un but de la main co\u00fbtant tr\u00e8s cher \u00e0 Santos<\/a><\/p>\n","protected":false},"excerpt":{"rendered":"From Paixao to Neymar\u00a0? &#8211; Alors qu\u2019un m\u00e9dia argentin a \u00e9voqu\u00e9 lundi la possible arriv\u00e9e de l\u2019ancienne star&hellip;\n","protected":false},"author":2,"featured_media":282033,"comment_status":"","ping_status":"","sticky":false,"template":"","format":"standard","meta":{"footnotes":""},"categories":[2814],"tags":[1111,11,1777,674,1011,27,42133,17090,884,12,23921,42135,42134,882,93,25],"class_list":{"0":"post-282032","1":"post","2":"type-post","3":"status-publish","4":"format-standard","5":"has-post-thumbnail","7":"category-marseille","8":"tag-actu","9":"tag-actualites","10":"tag-eu","11":"tag-europe","12":"tag-fr","13":"tag-france","14":"tag-lhistoire-du-football","15":"tag-lolympique-de-marseille","16":"tag-marseille","17":"tag-news","18":"tag-neymar","19":"tag-paixao","20":"tag-presse-bresilienne","21":"tag-provence-alpes-cote-dazur","22":"tag-psg","23":"tag-republique-francaise"},"share_on_mastodon":{"url":"https:\/\/pubeurope.com\/@fr\/114936899375295445","error":""},"_links":{"self":[{"href":"https:\/\/www.europesays.com\/fr\/wp-json\/wp\/v2\/posts\/282032","targetHints":{"allow":["GET"]}}],"collection":[{"href":"https:\/\/www.europesays.com\/fr\/wp-json\/wp\/v2\/posts"}],"about":[{"href":"https:\/\/www.europesays.com\/fr\/wp-json\/wp\/v2\/types\/post"}],"author":[{"embeddable":true,"href":"https:\/\/www.europesays.com\/fr\/wp-json\/wp\/v2\/users\/2"}],"replies":[{"embeddable":true,"href":"https:\/\/www.europesays.com\/fr\/wp-json\/wp\/v2\/comments?post=282032"}],"version-history":[{"count":0,"href":"https:\/\/www.europesays.com\/fr\/wp-json\/wp\/v2\/posts\/282032\/revisions"}],"wp:featuredmedia":[{"embeddable":true,"href":"https:\/\/www.europesays.com\/fr\/wp-json\/wp\/v2\/media\/282033"}],"wp:attachment":[{"href":"https:\/\/www.europesays.com\/fr\/wp-json\/wp\/v2\/media?parent=282032"}],"wp:term":[{"taxonomy":"category","embeddable":true,"href":"https:\/\/www.europesays.com\/fr\/wp-json\/wp\/v2\/categories?post=282032"},{"taxonomy":"post_tag","embeddable":true,"href":"https:\/\/www.europesays.com\/fr\/wp-json\/wp\/v2\/tags?post=282032"}],"curies":[{"name":"wp","href":"https:\/\/api.w.org\/{rel}","templated":true}]}}