{"id":282034,"date":"2025-07-29T14:04:08","date_gmt":"2025-07-29T14:04:08","guid":{"rendered":"https:\/\/www.europesays.com\/fr\/282034\/"},"modified":"2025-07-29T14:04:08","modified_gmt":"2025-07-29T14:04:08","slug":"un-jeune-homme-interpelle-apres-un-vol-de-fret-commis-pres-de-lyon-cinq-fuyards-en-cavale","status":"publish","type":"post","link":"https:\/\/www.europesays.com\/fr\/282034\/","title":{"rendered":"Un jeune homme interpell\u00e9 apr\u00e8s un vol de fret commis pr\u00e8s de Lyon,\u00a0cinq fuyards en cavale"},"content":{"rendered":"<p itemprop=\"description\"><strong>Cinq complices sont toujours recherch\u00e9s.<\/strong><\/p>\n<p>Jeudi 24 juillet, dans la matin\u00e9e, des policiers municipaux ont surpris plusieurs individus en train de d\u00e9charger des cartons d\u2019un v\u00e9hicule vol\u00e9 dans une rue de Villefontaine (Is\u00e8re).<\/p>\n<p>Ces derniers d\u00e9cident donc de proc\u00e9der \u00e0 un contr\u00f4le. Seul l\u2019un d\u2019eux, \u00e2g\u00e9 de 20 ans, a pu \u00eatre interpell\u00e9. Ses complices ont pris la fuite.<\/p>\n<p>Les gendarmes prennent ensuite le relais. Tr\u00e8s vite, les investigations ont permis d\u2019identifier l\u2019origine du butin : il provenait d\u2019un vol de fret commis dans la nuit sur la commune d\u2019Oullins-Pierre-B\u00e9nite (Rh\u00f4ne). Les cartons contenaient divers produits comme des briquets, des bonbons, du papier \u00e0 rouler, pr\u00e9cise <a href=\"https:\/\/www.ledauphine.com\/faits-divers-justice\/2025\/07\/28\/des-malfaiteurs-deranges-en-train-de-decharger-une-cargaison-volee\" target=\"_blank\" rel=\"noopener nofollow\">Le Dauphin\u00e9 Lib\u00e9r\u00e9<\/a>. Le v\u00e9hicule utilis\u00e9, une Renault Sc\u00e9nic, avait \u00e9t\u00e9 vol\u00e9 peu avant \u00e0 Villefontaine, tout comme deux autres Renault Capture retrouv\u00e9es \u00e0 proximit\u00e9.<\/p>\n<p>Le parquet de Lyon s\u2019est dessaisi au profit de celui de Vienne. Une information judiciaire a \u00e9t\u00e9 ouverte pour vol en bande organis\u00e9e et recel. Lors de la perquisition au domicile du mis en cause interpell\u00e9, les gendarmes ont d\u00e9couvert une tablette servant \u00e0 reprogrammer des cl\u00e9s de voiture Renault.<\/p>\n<p>Durant ses 96 heures de garde \u00e0 vue, le suspect, d\u00e9j\u00e0 connu pour un dossier li\u00e9 aux stup\u00e9fiants, a ni\u00e9 toute implication. Il a \u00e9t\u00e9 plac\u00e9 sous contr\u00f4le judiciaire strict avec interdiction de para\u00eetre en Is\u00e8re et dans le Rh\u00f4ne. L\u2019enqu\u00eate se poursuit sous commission rogatoire. Cinq autres individus, film\u00e9s par la vid\u00e9oprotection, sont toujours activement recherch\u00e9s.<\/p>\n","protected":false},"excerpt":{"rendered":"Cinq complices sont toujours recherch\u00e9s. Jeudi 24 juillet, dans la matin\u00e9e, des policiers municipaux ont surpris plusieurs individus&hellip;\n","protected":false},"author":2,"featured_media":282035,"comment_status":"","ping_status":"","sticky":false,"template":"","format":"standard","meta":{"footnotes":""},"categories":[1889],"tags":[1111,11,2813,2190,2430,1109,251,1112,2811,1777,674,118,1011,27,1922,1110,1114,2428,2810,12,241,316,25,2812,517,800],"class_list":{"0":"post-282034","1":"post","2":"type-post","3":"status-publish","4":"format-standard","5":"has-post-thumbnail","7":"category-lyon","8":"tag-actu","9":"tag-actualites","10":"tag-article","11":"tag-asvel","12":"tag-auvergne-rhone-alpes","13":"tag-breves","14":"tag-culture","15":"tag-depeches","16":"tag-economique","17":"tag-eu","18":"tag-europe","19":"tag-faits-divers","20":"tag-fr","21":"tag-france","22":"tag-info","23":"tag-informations","24":"tag-infos","25":"tag-lyon","26":"tag-lyonmag","27":"tag-news","28":"tag-ol","29":"tag-politique","30":"tag-republique-francaise","31":"tag-sociale","32":"tag-sport","33":"tag-transports"},"share_on_mastodon":{"url":"https:\/\/pubeurope.com\/@fr\/114936903338502450","error":""},"_links":{"self":[{"href":"https:\/\/www.europesays.com\/fr\/wp-json\/wp\/v2\/posts\/282034","targetHints":{"allow":["GET"]}}],"collection":[{"href":"https:\/\/www.europesays.com\/fr\/wp-json\/wp\/v2\/posts"}],"about":[{"href":"https:\/\/www.europesays.com\/fr\/wp-json\/wp\/v2\/types\/post"}],"author":[{"embeddable":true,"href":"https:\/\/www.europesays.com\/fr\/wp-json\/wp\/v2\/users\/2"}],"replies":[{"embeddable":true,"href":"https:\/\/www.europesays.com\/fr\/wp-json\/wp\/v2\/comments?post=282034"}],"version-history":[{"count":0,"href":"https:\/\/www.europesays.com\/fr\/wp-json\/wp\/v2\/posts\/282034\/revisions"}],"wp:featuredmedia":[{"embeddable":true,"href":"https:\/\/www.europesays.com\/fr\/wp-json\/wp\/v2\/media\/282035"}],"wp:attachment":[{"href":"https:\/\/www.europesays.com\/fr\/wp-json\/wp\/v2\/media?parent=282034"}],"wp:term":[{"taxonomy":"category","embeddable":true,"href":"https:\/\/www.europesays.com\/fr\/wp-json\/wp\/v2\/categories?post=282034"},{"taxonomy":"post_tag","embeddable":true,"href":"https:\/\/www.europesays.com\/fr\/wp-json\/wp\/v2\/tags?post=282034"}],"curies":[{"name":"wp","href":"https:\/\/api.w.org\/{rel}","templated":true}]}}