{"id":282040,"date":"2025-07-29T14:08:15","date_gmt":"2025-07-29T14:08:15","guid":{"rendered":"https:\/\/www.europesays.com\/fr\/282040\/"},"modified":"2025-07-29T14:08:15","modified_gmt":"2025-07-29T14:08:15","slug":"jo-de-paris-le-gers-dresse-un-bilan-positif-de-la-manifestation-sportive-voici-pourquoi","status":"publish","type":"post","link":"https:\/\/www.europesays.com\/fr\/282040\/","title":{"rendered":"JO de Paris. Le Gers dresse un bilan positif de la manifestation sportive, voici pourquoi"},"content":{"rendered":"<p>            Par<br \/>\n        <strong><br \/>\n            <a href=\"https:\/\/actu.fr\/auteur\/margot-fournie\" title=\"Consulter tous les articles de Margot Fournie\" target=\"_blank\" rel=\"noopener\">Margot Fournie<\/a><br \/>\n        <\/strong><\/p>\n<p>        Publi\u00e9 le<\/p>\n<p>            29 juil. 2025 \u00e0 14h02        <\/p>\n<p>Un an apr\u00e8s <a href=\"https:\/\/actu.fr\/tag\/jo-paris-2024\" target=\"_blank\" rel=\"noopener\">les Jeux olympiques de Paris 2024<\/a>, le D\u00e9partement du <a href=\"https:\/\/actu.fr\/occitanie\/gers_32\" target=\"_blank\" rel=\"noopener\">Gers<\/a> a dress\u00e9 le<strong> bilan de l\u2019h\u00e9ritage<\/strong> de la manifestation sportive. Son pr\u00e9sident, <a href=\"https:\/\/actu.fr\/occitanie\/auch_32013\/degradations-des-agriculteurs-ce-departement-denonce-le-mepris-de-l-etat-a-l-encontre-des-collectivites_62936873.html\" target=\"_blank\" rel=\"noopener\">Philippe Dupouy<\/a>, a \u00e9t\u00e9 <strong>r\u00e9solument positif<\/strong>. On vous explique pourquoi.<\/p>\n<p>R\u00e9novations de 42 \u00e9quipements sportifs<\/p>\n<p class=\" wall-content\">Suite aux JO, <strong>42 \u00e9quipements sportifs<\/strong> ont \u00e9t\u00e9 financ\u00e9s par l\u2019Agence Nationale du Sport, avec le concours de l\u2019ing\u00e9nierie d\u00e9partementale. Le tout \u00e0 hauteur de <strong>1,4\u00a0million d\u2019euros<\/strong>.<\/p>\n<p class=\" wall-content\">Dans le d\u00e9tail, ont pu \u00eatre am\u00e9nag\u00e9 et r\u00e9nov\u00e9\u2009: <strong>13 <\/strong><a href=\"https:\/\/actu.fr\/occitanie\/fleurance_32132\/un-terrain-de-sport-va-etre-construit-dans-un-village-du-gers-grace-aux-jeux-olympiques_60369538.html\" target=\"_blank\" rel=\"noopener\">terrains multisports dont un \u00e0 Fleurance<\/a>, 6 terrains de padel ou de tennis, 2 skateparks\/pumptracks, 4 terrains de basket 3\u00d73, 4 tables de tennis de table ext\u00e9rieures, 3 parcours sant\u00e9, 1 terrain synth\u00e9tique, <strong>1 gymnase<\/strong>, <strong>4 cours d\u2019\u00e9coles<\/strong>, 3 tournois sportifs, 1 v\u00e9hicule pour le sport adapt\u00e9.<\/p>\n<p class=\" wall-content\">Ces am\u00e9liorations ont b\u00e9n\u00e9fici\u00e9 \u00e0 <strong>30\u00a0communes<\/strong>, <strong>2 communaut\u00e9s de communes<\/strong>, au Comit\u00e9 d\u00e9partemental de sport adapt\u00e9 et au Conseil d\u00e9partemental.<\/p>\n<p>Vid\u00e9os : en ce moment sur ActuFaire vivre l\u2019esprit olympique dans le Gers<\/p>\n<p class=\" wall-content\">Le D\u00e9partement a soulign\u00e9 via un communiqu\u00e9 que \u00ab<strong>\u2009l\u2019h\u00e9ritage des Jeux ne se limite pas aux infrastructures<\/strong>, mais aussi \u00e0 faire vivre l\u2019esprit olympique sur le territoire.\u2009\u00bb<\/p>\n<p class=\" wall-content\">C\u2019est dans cette optique, que chaque ann\u00e9e, en partenariat avec le Comit\u00e9 D\u00e9partemental Olympique et Sportif (CDOS), <strong>la journ\u00e9e olympique rassemble les jeunes<\/strong> autour des valeurs du sport et de l\u2019olympisme.<\/p>\n<p class=\" wall-content\">Une <strong>exposition itin\u00e9rante<\/strong> est consacr\u00e9e aux m\u00e9daill\u00e9s olympiques et paralympiques gersois et circule dans les coll\u00e8ges et les communes.<\/p>\n<p class=\" wall-content\">Suivez toute l\u2019actualit\u00e9 de vos villes et m\u00e9dias favoris en vous inscrivant \u00e0 <a href=\"https:\/\/moncompte.actu.fr\" title=\"D\u00e9couvez Mon Actu\" rel=\"nofollow noopener\" data-trk=\"{&quot;cta&quot;:{&quot;action&quot;:&quot;https:\\\/\\\/moncompte.actu.fr&quot;,&quot;category&quot;:&quot;mon compte&quot;,&quot;from&quot;:&quot;article footer&quot;,&quot;name&quot;:&quot;Mon actu&quot;,&quot;type&quot;:&quot;cta&quot;}}\" target=\"_blank\">Mon Actu<\/a>.<\/p>\n","protected":false},"excerpt":{"rendered":"Par Margot Fournie Publi\u00e9 le 29 juil. 2025 \u00e0 14h02 Un an apr\u00e8s les Jeux olympiques de Paris&hellip;\n","protected":false},"author":2,"featured_media":282041,"comment_status":"","ping_status":"","sticky":false,"template":"","format":"standard","meta":{"footnotes":""},"categories":[1888],"tags":[1111,1928,11,1927,1777,674,1011,27,7941,12,1926,626,1925,25,517,60,2086],"class_list":{"0":"post-282040","1":"post","2":"type-post","3":"status-publish","4":"format-standard","5":"has-post-thumbnail","7":"category-paris","8":"tag-actu","9":"tag-actu-paris","10":"tag-actualites","11":"tag-actualites-paris","12":"tag-eu","13":"tag-europe","14":"tag-fr","15":"tag-france","16":"tag-jo-paris-2024","17":"tag-news","18":"tag-news-paris","19":"tag-paris","20":"tag-paris-news","21":"tag-republique-francaise","22":"tag-sport","23":"tag-sports","24":"tag-travaux"},"share_on_mastodon":{"url":"https:\/\/pubeurope.com\/@fr\/114936919539060396","error":""},"_links":{"self":[{"href":"https:\/\/www.europesays.com\/fr\/wp-json\/wp\/v2\/posts\/282040","targetHints":{"allow":["GET"]}}],"collection":[{"href":"https:\/\/www.europesays.com\/fr\/wp-json\/wp\/v2\/posts"}],"about":[{"href":"https:\/\/www.europesays.com\/fr\/wp-json\/wp\/v2\/types\/post"}],"author":[{"embeddable":true,"href":"https:\/\/www.europesays.com\/fr\/wp-json\/wp\/v2\/users\/2"}],"replies":[{"embeddable":true,"href":"https:\/\/www.europesays.com\/fr\/wp-json\/wp\/v2\/comments?post=282040"}],"version-history":[{"count":0,"href":"https:\/\/www.europesays.com\/fr\/wp-json\/wp\/v2\/posts\/282040\/revisions"}],"wp:featuredmedia":[{"embeddable":true,"href":"https:\/\/www.europesays.com\/fr\/wp-json\/wp\/v2\/media\/282041"}],"wp:attachment":[{"href":"https:\/\/www.europesays.com\/fr\/wp-json\/wp\/v2\/media?parent=282040"}],"wp:term":[{"taxonomy":"category","embeddable":true,"href":"https:\/\/www.europesays.com\/fr\/wp-json\/wp\/v2\/categories?post=282040"},{"taxonomy":"post_tag","embeddable":true,"href":"https:\/\/www.europesays.com\/fr\/wp-json\/wp\/v2\/tags?post=282040"}],"curies":[{"name":"wp","href":"https:\/\/api.w.org\/{rel}","templated":true}]}}