{"id":282042,"date":"2025-07-29T14:09:13","date_gmt":"2025-07-29T14:09:13","guid":{"rendered":"https:\/\/www.europesays.com\/fr\/282042\/"},"modified":"2025-07-29T14:09:13","modified_gmt":"2025-07-29T14:09:13","slug":"premiere-vision-paris-confirme-larrivee-dune-offre-beaute-en-septembre","status":"publish","type":"post","link":"https:\/\/www.europesays.com\/fr\/282042\/","title":{"rendered":"Premi\u00e8re Vision Paris confirme l&rsquo;arriv\u00e9e d&rsquo;une offre beaut\u00e9 en septembre"},"content":{"rendered":"<p>\n                                    <b>Publi\u00e9 le<\/b><br \/>\n                                    <\/p>\n<p>                                        29 juillet 2025<\/p>\n<p class=\"article-content col-md-8 offset-md-1\">\n                                Le rendez-vous parisien du textile-habillement se tiendra du 16 au 18 septembre avec une offre de 1.000 exposants compos\u00e9e \u00e0 12% de nouveaux venus. Une \u00e9dition qui sera l\u2019occasion de renforcer l\u2019offre d\u2019informations destin\u00e9es aux professionnels, tandis que l\u2019organisation <a class=\"fnwAddLinks\" href=\"https:\/\/tn.fashionnetwork.com\/tags-gl-events\" title=\"GL Events\" target=\"_blank\" rel=\"noopener\">GL Events<\/a> pr\u00e9cise sous quelle forme le secteur de la beaut\u00e9 va faire ses premiers pas sur le rendez-vous.<\/p>\n<p><img decoding=\"async\" class=\"news-image\" style=\"width:100%;\" src=\"https:\/\/www.europesays.com\/fr\/wp-content\/uploads\/2025\/07\/0b79.jpeg\" alt=\"\" loading=\"lazy\"\/> Premi\u00e8re Vision<\/p>\n<p class=\"col-md-8 offset-md-1 article-content--texte\">Une arriv\u00e9e <a href=\"https:\/\/fr.fashionnetwork.com\/news\/Le-pole-mode-de-gl-events-se-rebaptise-et-lance-son-observatoire-de-la-creation,1701903.html\" target=\"_blank\" rel=\"noopener\">\u00e9voqu\u00e9e d\u00e8s f\u00e9vrier par FashionNetwork<\/a> et qui s\u2019inscrit dans une volont\u00e9 de tenir compte de la concomitance d\u00e9sormais bien install\u00e9e d\u2019offres mode et beaut\u00e9 au sein des marques. Le secteur va donc se voir d\u00e9dier un \u201cespace prospectif\u201d au sein d\u2019espaces tendances mode r\u00e9partis en six th\u00e9matiques: D\u00e9coration ; <a class=\"fnwAddLinks\" href=\"https:\/\/tn.fashionnetwork.com\/tags-smart\" title=\"Smart\" target=\"_blank\" rel=\"noopener\">Smart<\/a>, Yarns &amp; eco-innovation ; Citywear &amp; casual wear ; Manufacturing, Sport &amp; lingerie ; Bags, Shoes &amp; leatherwear; et Accessories Index.<\/p>\n<p>La beaut\u00e9 sera par ailleurs int\u00e9gr\u00e9e au cycle de conf\u00e9rences d\u00e9di\u00e9es \u00e0 la mode au cours de l&rsquo;\u00e9v\u00e9nement, qui proposera par ailleurs six parcours th\u00e9matiques et des \u201cbusiness meetings\u201d organis\u00e9s entre fabricants et acheteurs. Quelque 150 grands acheteurs s\u00e9lectionn\u00e9s seront d\u2019ailleurs invit\u00e9s et accompagn\u00e9s sur le salon pour des parcours sur mesure.<\/p>\n<p class=\"col-md-8 offset-md-1 article-content--texte\">L\u2019espace Smart Creation d\u00e9di\u00e9 aux technologies et mati\u00e8res innovantes r\u00e9unira une cinquantaine d\u2019entreprises, avec pour cette session un espace de 250 m\u00e8tres carr\u00e9s d\u2019animation immersive propos\u00e9 par la sp\u00e9cialiste du design en 3D CLO. L\u2019innovation sera par ailleurs davantage mise en avant avec une sc\u00e8ne de conf\u00e9rence suppl\u00e9mentaire, et la pr\u00e9sence de deux sc\u00e8nes de pitchs permettant aux entreprises de pr\u00e9senter leurs travaux.<\/p>\n<p>L\u2019<a class=\"fnwAddLinks\" href=\"https:\/\/tn.fashionnetwork.com\/tags-andam\" title=\"Andam\" target=\"_blank\" rel=\"noopener\">Andam<\/a> (l\u2019Association nationale pour le d\u00e9veloppement des arts de la mode) prendra place dans la zone Innovation &amp; Technologie. L\u2019occasion de pr\u00e9senter dix start-up finalistes du prix de l\u2019Andam 2025. Sont ainsi annonc\u00e9s ER Ocean Recherche, Bioastra, Supercab, Smobya, Rodinia Generation, Petshka, Weffan et Alphalyr. Sans oublier <a href=\"https:\/\/fr.fashionnetwork.com\/news\/L-andam-remet-son-prix-de-l-innovation-2025-a-losanje,1730797.html\" target=\"_blank\" rel=\"noopener\">Losanje, laur\u00e9at 2025 du Prix de l\u2019Innovation<\/a>.<\/p>\n<p>L\u2019\u00e9dition de <a class=\"fnwAddLinks\" href=\"https:\/\/tn.fashionnetwork.com\/tags-premiere-vision\" title=\"Premi\u00e8re Vision\" target=\"_blank\" rel=\"noopener\">Premi\u00e8re Vision<\/a> Paris qui s\u2019est tenue du 11 au 13 f\u00e9vrier avait rassembl\u00e9 30.000 professionnels, repr\u00e9sentant 13.000 soci\u00e9t\u00e9s, pour une \u00e9dition qui avait r\u00e9uni environ 1.100 soci\u00e9t\u00e9s exposantes.\n                            <\/p>\n<p>\n                                Tous droits de reproduction et de repr\u00e9sentation r\u00e9serv\u00e9s.<br \/>\u00a9 2025 FashionNetwork.com\n                            <\/p>\n","protected":false},"excerpt":{"rendered":"Publi\u00e9 le 29 juillet 2025 Le rendez-vous parisien du textile-habillement se tiendra du 16 au 18 septembre avec&hellip;\n","protected":false},"author":2,"featured_media":282043,"comment_status":"","ping_status":"","sticky":false,"template":"","format":"standard","meta":{"footnotes":""},"categories":[1888],"tags":[1111,1928,11,1927,32585,2424,537,2423,1777,674,1011,27,21048,2425,985,12,1926,2298,626,1925,6866,2426,2427,25,2421,4540,2422],"class_list":{"0":"post-282042","1":"post","2":"type-post","3":"status-publish","4":"format-standard","5":"has-post-thumbnail","7":"category-paris","8":"tag-actu","9":"tag-actu-paris","10":"tag-actualites","11":"tag-actualites-paris","12":"tag-andam","13":"tag-beaute","14":"tag-contact","15":"tag-cosmetiques","16":"tag-eu","17":"tag-europe","18":"tag-fr","19":"tag-france","20":"tag-gl-events","21":"tag-luxe","22":"tag-mode","23":"tag-news","24":"tag-news-paris","25":"tag-parfum","26":"tag-paris","27":"tag-paris-news","28":"tag-premiere-vision","29":"tag-professionnel","30":"tag-professionnels","31":"tag-republique-francaise","32":"tag-reseau","33":"tag-smart","34":"tag-textile"},"share_on_mastodon":{"url":"https:\/\/pubeurope.com\/@fr\/114936923071240708","error":""},"_links":{"self":[{"href":"https:\/\/www.europesays.com\/fr\/wp-json\/wp\/v2\/posts\/282042","targetHints":{"allow":["GET"]}}],"collection":[{"href":"https:\/\/www.europesays.com\/fr\/wp-json\/wp\/v2\/posts"}],"about":[{"href":"https:\/\/www.europesays.com\/fr\/wp-json\/wp\/v2\/types\/post"}],"author":[{"embeddable":true,"href":"https:\/\/www.europesays.com\/fr\/wp-json\/wp\/v2\/users\/2"}],"replies":[{"embeddable":true,"href":"https:\/\/www.europesays.com\/fr\/wp-json\/wp\/v2\/comments?post=282042"}],"version-history":[{"count":0,"href":"https:\/\/www.europesays.com\/fr\/wp-json\/wp\/v2\/posts\/282042\/revisions"}],"wp:featuredmedia":[{"embeddable":true,"href":"https:\/\/www.europesays.com\/fr\/wp-json\/wp\/v2\/media\/282043"}],"wp:attachment":[{"href":"https:\/\/www.europesays.com\/fr\/wp-json\/wp\/v2\/media?parent=282042"}],"wp:term":[{"taxonomy":"category","embeddable":true,"href":"https:\/\/www.europesays.com\/fr\/wp-json\/wp\/v2\/categories?post=282042"},{"taxonomy":"post_tag","embeddable":true,"href":"https:\/\/www.europesays.com\/fr\/wp-json\/wp\/v2\/tags?post=282042"}],"curies":[{"name":"wp","href":"https:\/\/api.w.org\/{rel}","templated":true}]}}