{"id":282052,"date":"2025-07-29T14:14:11","date_gmt":"2025-07-29T14:14:11","guid":{"rendered":"https:\/\/www.europesays.com\/fr\/282052\/"},"modified":"2025-07-29T14:14:11","modified_gmt":"2025-07-29T14:14:11","slug":"laccord-ue-usa-ne-doit-pas-etre-une-nouvelle-capitulation-pour-lavenir-industriel","status":"publish","type":"post","link":"https:\/\/www.europesays.com\/fr\/282052\/","title":{"rendered":"L\u2019accord UE-USA ne doit pas \u00eatre une nouvelle capitulation pour l\u2019avenir industriel"},"content":{"rendered":"<p style=\"line-height:normal;\">En contrepartie, l\u2019UE s\u2019engage \u00e0 importer 750 milliards de dollars d\u2019\u00e9nergies fossiles et \u00e0 investir 600 milliards dans l\u2019\u00e9conomie am\u00e9ricaine, compromettant gravement les objectifs de d\u00e9carbonation. Par ailleurs, la promesse d\u2019acheter 250 milliards par an de produits \u00e9nerg\u00e9tiques am\u00e9ricains pendant trois ans est un renoncement \u00e0 notre souverainet\u00e9 \u00e9nerg\u00e9tique.<\/p>\n<p style=\"line-height:normal;\">Les industries de base (automobile, pharmaceutique, semi-conducteurs) seront frapp\u00e9es par des droits de douane de 15 %, de 50% pour l\u2019acier et l\u2019aluminium. Seuls quelques secteurs (aviation, mati\u00e8res premi\u00e8res critiques, certains produits chimiques et agricoles) en seraient exempt\u00e9s.<\/p>\n<p style=\"line-height:normal;\"><strong>L\u2019accord a \u00e9t\u00e9 conclu \u00e0 huis clos, sans d\u00e9bat d\u00e9mocratique.<\/strong><\/p>\n<p style=\"line-height:normal;\">S\u2019il \u00e9tait adopt\u00e9, des dizaines de milliers d\u2019emplois industriels seraient menac\u00e9s en Europe, avec un avenir sombre pour les salari\u00e9\u00b7es\u00a0: gouvernement et patronat s\u2019en serviront comme nouveau pr\u00e9texte \u00e0 la baisse du pr\u00e9tendu \u00ab\u00a0co\u00fbt du travail\u00a0\u00bb, pour gaver toujours plus les actionnaires sous couvert \u00ab\u00a0d\u2019attractivit\u00e9\u00a0\u00bb. Les cons\u00e9quences seront d\u00e9sastreuses\u00a0: nouvel affaiblissement de notre industriel et de nos services publics, baisse du pouvoir d\u2019achat et de la demande, augmentation du d\u00e9ficit public et durcissement de l\u2019aust\u00e9rit\u00e9 budg\u00e9taire au d\u00e9triment de la population.\u00a0<\/p>\n<p style=\"line-height:normal;\">Quant au gouvernement, bien d\u00e9cid\u00e9 \u00e0\u00a0montrer les muscles\u00a0en invoquant les\u00a0dispositions anti-coercition europ\u00e9ennes\u00a0lors du\u00a0Conseil national de l\u2019Industrie, la posture affich\u00e9e contraste fortement avec la r\u00e9alit\u00e9 des actes. Aucune strat\u00e9gie industrielle coh\u00e9rente\u00a0n\u2019est mise en \u0153uvre pour prot\u00e9ger les fili\u00e8res strat\u00e9giques fran\u00e7aises. Le gouvernement alterne entre\u00a0grandes d\u00e9clarations souverainistes\u00a0et\u00a0soumission aux logiques de march\u00e9, sans jamais engager les moyens n\u00e9cessaires pour pr\u00e9server l\u2019emploi et l\u2019outil industriel.<\/p>\n<p style=\"line-height:normal;\">La CGT recense 409 plans de licenciements. Les\u00a0d\u00e9localisations intra-europ\u00e9ennes\u00a0se multiplient, comme\u00a0Michelin vers l\u2019Italie et l\u2019Europe de l\u2019Est.\u00a0<\/p>\n<p style=\"line-height:normal;\">A la diff\u00e9rence de nos voisins allemands et italiens, l\u2019industrie fran\u00e7aise m\u00e9rite une strat\u00e9gie qui s\u2019inscrive dans la dur\u00e9e et qui cesse avec les politiques de saupoudrage d\u2019argent public, prot\u00e8ge toute la chaine de valeur (sous-traitants) et dynamise les bassins d\u2019emplois.<\/p>\n<p style=\"line-height:normal;\"><strong>Face \u00e0 la guerre commerciale, la CGT contre-attaque avec 16 propositions pour d\u00e9fendre les travailleurs par\u00a0:<\/strong><\/p>\n<ul style=\"padding-left:48px;\">\n<li>\n<p style=\"border-style:none;line-height:normal;margin-bottom:0cm;margin-right:0cm;margin-top:0cm;\">La tenue d\u2019Assises de l\u2019industrie au niveau national\u00a0;<\/p>\n<\/li>\n<li>\n<p style=\"border-style:none;line-height:normal;margin-bottom:0cm;margin-right:0cm;margin-top:0cm;\">Une v\u00e9ritable planification industrielle europ\u00e9enne coordonn\u00e9e, solidaire et ambitieuse, assise sur une harmonisation sociale et environnementale par le haut\u00a0;<\/p>\n<\/li>\n<li>\n<p style=\"border-style:none;line-height:normal;margin-bottom:0cm;margin-right:0cm;margin-top:0cm;\">La relocalisation de la production, en particulier dans les secteurs strat\u00e9giques (\u00e9nergie, m\u00e9dicaments essentiels, num\u00e9rique) par le biais de la commande publique\u00a0notamment ;<\/p>\n<\/li>\n<li>\n<p style=\"border-style:none;line-height:normal;margin-bottom:0cm;margin-right:0cm;margin-top:0cm;\">La cr\u00e9ation d\u2019un grand service public de l\u2019\u00e9nergie, d\u2019un p\u00f4le public du num\u00e9rique autour d\u2019ATOS et STMicro et d\u2019un p\u00f4le public d\u00e9mocratique de la D\u00e9fense.<\/p>\n<\/li>\n<li>\n<p style=\"border-style:none;line-height:normal;\">L\u2019activation des outils institutionnels pour prot\u00e9ger nos fleurons industriels -Caisse des D\u00e9p\u00f4ts, BPI France- par des entr\u00e9es au capital, nationalisation, pr\u00e9emption\u2026<\/p>\n<\/li>\n<\/ul>\n<p style=\"line-height:normal;\"><strong>La CGT continuera \u00e0 mobiliser les salari\u00e9\u00b7es pour d\u00e9fendre l\u2019industrie, l\u2019emploi et le respect des engagements de nos dirigeants pour la transition \u00e9cologique<\/strong>. Il est temps de sortir de l\u2019attentisme et de construire une politique publique et industrielle offensive et ambitieuse, fond\u00e9e sur la coop\u00e9ration et la solidarit\u00e9 au niveau europ\u00e9en, r\u00e9pondant aux besoins de la population\u00a0!<\/p>\n<p style=\"line-height:normal;\">\u00a0<\/p>\n<p style=\"line-height:normal;\">Montreuil, le 29 juillet 2025<\/p>\n","protected":false},"excerpt":{"rendered":"En contrepartie, l\u2019UE s\u2019engage \u00e0 importer 750 milliards de dollars d\u2019\u00e9nergies fossiles et \u00e0 investir 600 milliards dans&hellip;\n","protected":false},"author":2,"featured_media":282053,"comment_status":"","ping_status":"","sticky":false,"template":"","format":"standard","meta":{"footnotes":""},"categories":[1589],"tags":[11,73,1866,12,1864,1865,1863,308],"class_list":{"0":"post-282052","1":"post","2":"type-post","3":"status-publish","4":"format-standard","5":"has-post-thumbnail","7":"category-etats-unis","8":"tag-actualites","9":"tag-etats-unis","10":"tag-etats-unis-damerique","11":"tag-news","12":"tag-united-states","13":"tag-united-states-of-america","14":"tag-us","15":"tag-usa"},"share_on_mastodon":{"url":"https:\/\/pubeurope.com\/@fr\/114936942651527659","error":""},"_links":{"self":[{"href":"https:\/\/www.europesays.com\/fr\/wp-json\/wp\/v2\/posts\/282052","targetHints":{"allow":["GET"]}}],"collection":[{"href":"https:\/\/www.europesays.com\/fr\/wp-json\/wp\/v2\/posts"}],"about":[{"href":"https:\/\/www.europesays.com\/fr\/wp-json\/wp\/v2\/types\/post"}],"author":[{"embeddable":true,"href":"https:\/\/www.europesays.com\/fr\/wp-json\/wp\/v2\/users\/2"}],"replies":[{"embeddable":true,"href":"https:\/\/www.europesays.com\/fr\/wp-json\/wp\/v2\/comments?post=282052"}],"version-history":[{"count":0,"href":"https:\/\/www.europesays.com\/fr\/wp-json\/wp\/v2\/posts\/282052\/revisions"}],"wp:featuredmedia":[{"embeddable":true,"href":"https:\/\/www.europesays.com\/fr\/wp-json\/wp\/v2\/media\/282053"}],"wp:attachment":[{"href":"https:\/\/www.europesays.com\/fr\/wp-json\/wp\/v2\/media?parent=282052"}],"wp:term":[{"taxonomy":"category","embeddable":true,"href":"https:\/\/www.europesays.com\/fr\/wp-json\/wp\/v2\/categories?post=282052"},{"taxonomy":"post_tag","embeddable":true,"href":"https:\/\/www.europesays.com\/fr\/wp-json\/wp\/v2\/tags?post=282052"}],"curies":[{"name":"wp","href":"https:\/\/api.w.org\/{rel}","templated":true}]}}