{"id":282054,"date":"2025-07-29T14:15:14","date_gmt":"2025-07-29T14:15:14","guid":{"rendered":"https:\/\/www.europesays.com\/fr\/282054\/"},"modified":"2025-07-29T14:15:14","modified_gmt":"2025-07-29T14:15:14","slug":"le-royaume-uni-reconnaitra-la-palestine-au-parlement-britannique-selon-un-ministre","status":"publish","type":"post","link":"https:\/\/www.europesays.com\/fr\/282054\/","title":{"rendered":"Le Royaume-Uni reconna\u00eetra la Palestine au Parlement britannique, selon un ministre"},"content":{"rendered":"<p textalign=\"left\" class=\"\">Le Royaume-Uni reconna\u00eetra l&rsquo;\u00c9tat de Palestine avant les prochaines \u00e9lections g\u00e9n\u00e9rales de 2029, a d\u00e9clar\u00e9 un ministre du gouvernement.<\/p>\n<p textalign=\"left\" class=\"\">S&rsquo;adressant lundi \u00e0 Sky News, le ministre des Affaires et du Commerce, Jonathan Reynolds, a affirm\u00e9 que les ministres souhaitaient et reconna\u00eetraient un \u00c9tat palestinien.<\/p>\n<p textalign=\"left\" class=\"\">Interrog\u00e9 sur la question de savoir si cette reconnaissance interviendrait au Parlement britannique, M. Reynolds a r\u00e9pondu : \u00ab\u00a0Au Parlement britannique, oui. Enfin, si elle permet l&rsquo;avanc\u00e9e dont nous avons besoin\u201d.<\/p>\n<p textalign=\"left\" class=\"\">\u00ab\u00a0Mais n&rsquo;oubliez pas que nous ne pouvons le faire qu&rsquo;une fois. Si nous le faisons de mani\u00e8re symbolique et que cela ne met pas fin \u00e0 ce conflit, que ferons-nous ensuite ?\u201d, a-t-il ajout\u00e9.<\/p>\n<p textalign=\"left\" class=\"\">\u00c9voquant la situation paralysante \u00e0 Gaza, il a d\u00e9clar\u00e9 : \u00ab\u00a0L&rsquo;int\u00e9r\u00eat des parachutages est que nous ne pouvons pas attendre ; nous devons agir\u201d.<\/p>\n<p textalign=\"left\" class=\"\">\u00ab\u00a0Nous pouvons tous constater le manque d&rsquo;humanit\u00e9 qui s&rsquo;y manifeste\u00a0\u00bb.<\/p>\n<p textalign=\"left\" class=\"\">Selon certaines informations, le Premier ministre britannique Keir Starmer subit des pressions de la part de certains hauts responsables du gouvernement pour qu&rsquo;il reconnaisse imm\u00e9diatement un \u00c9tat palestinien.<\/p>\n<p textalign=\"left\" class=\"\">La commission des affaires \u00e9trang\u00e8res du Parlement a r\u00e9cemment appel\u00e9 le gouvernement \u00e0 reconna\u00eetre imm\u00e9diatement l&rsquo;\u00c9tat palestinien \u00ab\u00a0avec audace et courage\u00a0\u00bb dans le cadre de ses pr\u00e9paratifs avec ses alli\u00e9s en vue d&rsquo;une solution \u00e0 deux \u00c9tats pour les Isra\u00e9liens et les Palestiniens.<\/p>\n<p textalign=\"left\" class=\"\">Emily Thornberry, pr\u00e9sidente de la commission, a d\u00e9clar\u00e9 dans un communiqu\u00e9 qu&rsquo;une grande partie de l&rsquo;opinion publique britannique ressentait une \u00ab\u00a0profonde frustration face \u00e0 l&rsquo;attitude syst\u00e9matiquement insuffisante et tardive du gouvernement\u00a0\u00bb.<\/p>\n<p textalign=\"left\" class=\"\">Autre signe de pression sur Starmer : plus de 200 d\u00e9put\u00e9s ont sign\u00e9 une lettre multipartite l&rsquo;appelant \u00e0 reconna\u00eetre l&rsquo;\u00c9tat palestinien.<\/p>\n","protected":false},"excerpt":{"rendered":"Le Royaume-Uni reconna\u00eetra l&rsquo;\u00c9tat de Palestine avant les prochaines \u00e9lections g\u00e9n\u00e9rales de 2029, a d\u00e9clar\u00e9 un ministre du&hellip;\n","protected":false},"author":2,"featured_media":282055,"comment_status":"","ping_status":"","sticky":false,"template":"","format":"standard","meta":{"footnotes":""},"categories":[1588],"tags":[11,1777,674,12,473,1853,1851,1850,1852],"class_list":{"0":"post-282054","1":"post","2":"type-post","3":"status-publish","4":"format-standard","5":"has-post-thumbnail","7":"category-royaume-uni","8":"tag-actualites","9":"tag-eu","10":"tag-europe","11":"tag-news","12":"tag-royaume-uni","13":"tag-royaume-uni-de-grande-bretagne-et-dirlande-du-nord","14":"tag-uk","15":"tag-united-kingdom","16":"tag-united-kingdom-of-great-britain-and-northern-ireland"},"share_on_mastodon":{"url":"https:\/\/pubeurope.com\/@fr\/114936946644838130","error":""},"_links":{"self":[{"href":"https:\/\/www.europesays.com\/fr\/wp-json\/wp\/v2\/posts\/282054","targetHints":{"allow":["GET"]}}],"collection":[{"href":"https:\/\/www.europesays.com\/fr\/wp-json\/wp\/v2\/posts"}],"about":[{"href":"https:\/\/www.europesays.com\/fr\/wp-json\/wp\/v2\/types\/post"}],"author":[{"embeddable":true,"href":"https:\/\/www.europesays.com\/fr\/wp-json\/wp\/v2\/users\/2"}],"replies":[{"embeddable":true,"href":"https:\/\/www.europesays.com\/fr\/wp-json\/wp\/v2\/comments?post=282054"}],"version-history":[{"count":0,"href":"https:\/\/www.europesays.com\/fr\/wp-json\/wp\/v2\/posts\/282054\/revisions"}],"wp:featuredmedia":[{"embeddable":true,"href":"https:\/\/www.europesays.com\/fr\/wp-json\/wp\/v2\/media\/282055"}],"wp:attachment":[{"href":"https:\/\/www.europesays.com\/fr\/wp-json\/wp\/v2\/media?parent=282054"}],"wp:term":[{"taxonomy":"category","embeddable":true,"href":"https:\/\/www.europesays.com\/fr\/wp-json\/wp\/v2\/categories?post=282054"},{"taxonomy":"post_tag","embeddable":true,"href":"https:\/\/www.europesays.com\/fr\/wp-json\/wp\/v2\/tags?post=282054"}],"curies":[{"name":"wp","href":"https:\/\/api.w.org\/{rel}","templated":true}]}}