{"id":282059,"date":"2025-07-29T14:18:14","date_gmt":"2025-07-29T14:18:14","guid":{"rendered":"https:\/\/www.europesays.com\/fr\/282059\/"},"modified":"2025-07-29T14:18:14","modified_gmt":"2025-07-29T14:18:14","slug":"lislande-sera-t-elle-le-prochain-pays-a-rejoindre-lunion-europeenne","status":"publish","type":"post","link":"https:\/\/www.europesays.com\/fr\/282059\/","title":{"rendered":"L\u2019Islande sera-t-elle le prochain pays \u00e0 rejoindre l\u2019Union europ\u00e9enne ?"},"content":{"rendered":"\n<p>Qui a le plus de chances de devenir le 28e \u00c9tat de l\u2019Union europ\u00e9enne (UE)\u00a0? Pour l\u2019Ukraine, <a href=\"https:\/\/www.courrierinternational.com\/article\/elargissement-pour-l-ukraine-le-chemin-vers-l-adhesion-a-l-ue-reste-une-course-d-obstacles\" target=\"_blank\" rel=\"noopener\">le chemin est encore sem\u00e9 d\u2019emb\u00fbches<\/a>. En <a href=\"https:\/\/www.courrierinternational.com\/article\/politique-la-georgie-gele-le-processus-d-adhesion-a-l-ue-l-opposition-denonce-un-coup-d-etat-constitutionnel_225125\" target=\"_blank\" rel=\"noopener\">G\u00e9orgie<\/a> et en <a href=\"https:\/\/www.courrierinternational.com\/article\/vu-d-ukraine-referendum-sur-l-ue-en-moldavie-une-douche-froide-pour-kiev_223707\" target=\"_blank\" rel=\"noopener\">Moldavie<\/a>, le vent a tourn\u00e9 et l\u2019influence russe gagne du terrain. \u201cLe favori semble \u00eatre le Mont\u00e9n\u00e9gro,<strong> <\/strong>qui n\u00e9gocie son entr\u00e9e depuis des ann\u00e9es et est le plus avanc\u00e9 dans le processus d\u2019admission\u201d,<strong> <\/strong>m\u00eame si \u201ccertains misent sur l\u2019Albanie, dont le dossier d\u2019adh\u00e9sion progresse \u00e0 grand pas ces derniers temps\u201d, <a href=\"https:\/\/www.rferl.org\/a\/iceland-eu-membership-accession-talks\/33483058.html\" target=\"_blank\" rel=\"noopener\">\u00e9crit <strong>Radio Free Europe\/Radio Liberty<\/strong><\/a><strong> <\/strong>(RFE\/RL). Pourtant, selon le site d\u2019information europ\u00e9en financ\u00e9 par les \u00c9tats-Unis, \u201cle grand gagnant pourrait en r\u00e9alit\u00e9 \u00eatre l\u2019Islande\u201d.<\/p>\n<p><a href=\"https:\/\/www.courrierinternational.com\/depeche\/trump-embarrasse-le-chef-de-lotan-en-parlant-dannexion-du-groenland.afp.com.20250313.doc.37268wv.xml\" target=\"_blank\" rel=\"noopener\">Les menaces d\u2019annexion du Groenland<\/a> \u2013 le plus proche voisin de Reykjavik \u2013 r\u00e9it\u00e9r\u00e9es \u00e0 maintes reprises par l\u2019administration Trump ces derniers mois, ont cr\u00e9\u00e9 un \u201cmalaise\u201d du c\u00f4t\u00e9 de l\u2019\u201c\u00eele de glace\u201d, explique RFE\/RL.<\/p>\n<p>Tout comme \u201cla perspective d\u2019une guerre commerciale entre les \u00c9tats-Unis, son protecteur, et l\u2019UE, son premier partenaire commercial\u201d. Dans ce contexte, la ministre des Affaires \u00e9trang\u00e8res islandaise, Thorgerdur Katrin Gunnarsdottir, <a class=\"ithalc\" data-ithal=\"lien_externe\" data-ithalc=\"[nav_article]\" target=\"_blank\" href=\"https:\/\/www.politico.eu\/article\/iceland-support-eu-accession-talks-foreign-minister-ursula-von-der-leyen-us-greenland-defense-nato\/\" rel=\"noopener\">a r\u00e9cemment confi\u00e9 \u00e0 <strong>Politico Europe<\/strong><\/a> que l\u2019opinion publique \u201cest suffisamment favorable \u00e0 l\u2019id\u00e9e d\u2019une entr\u00e9e dans l\u2019Union pour permettre la r\u00e9ouverture des pourparlers avec Bruxelles\u201d.<\/p>\n<p>Des d\u00e9clarations faites en<\/p>\n","protected":false},"excerpt":{"rendered":"Qui a le plus de chances de devenir le 28e \u00c9tat de l\u2019Union europ\u00e9enne (UE)\u00a0? Pour l\u2019Ukraine, le&hellip;\n","protected":false},"author":2,"featured_media":282060,"comment_status":"","ping_status":"","sticky":false,"template":"","format":"standard","meta":{"footnotes":""},"categories":[1586],"tags":[11,1777,674,1779,1011,27,1892,12528,12,316,17663,25,42136,1778,364,2475],"class_list":{"0":"post-282059","1":"post","2":"type-post","3":"status-publish","4":"format-standard","5":"has-post-thumbnail","7":"category-europe","8":"tag-actualites","9":"tag-eu","10":"tag-europe","11":"tag-european-union","12":"tag-fr","13":"tag-france","14":"tag-gu00e9opolitique","15":"tag-islande","16":"tag-news","17":"tag-politique","18":"tag-pu00eache","19":"tag-republique-francaise","20":"tag-u00e9largissement-de-lunion-europu00e9enne","21":"tag-ue","22":"tag-union-europeenne","23":"tag-union-europu00e9enne"},"share_on_mastodon":{"url":"https:\/\/pubeurope.com\/@fr\/114936958425733206","error":""},"_links":{"self":[{"href":"https:\/\/www.europesays.com\/fr\/wp-json\/wp\/v2\/posts\/282059","targetHints":{"allow":["GET"]}}],"collection":[{"href":"https:\/\/www.europesays.com\/fr\/wp-json\/wp\/v2\/posts"}],"about":[{"href":"https:\/\/www.europesays.com\/fr\/wp-json\/wp\/v2\/types\/post"}],"author":[{"embeddable":true,"href":"https:\/\/www.europesays.com\/fr\/wp-json\/wp\/v2\/users\/2"}],"replies":[{"embeddable":true,"href":"https:\/\/www.europesays.com\/fr\/wp-json\/wp\/v2\/comments?post=282059"}],"version-history":[{"count":0,"href":"https:\/\/www.europesays.com\/fr\/wp-json\/wp\/v2\/posts\/282059\/revisions"}],"wp:featuredmedia":[{"embeddable":true,"href":"https:\/\/www.europesays.com\/fr\/wp-json\/wp\/v2\/media\/282060"}],"wp:attachment":[{"href":"https:\/\/www.europesays.com\/fr\/wp-json\/wp\/v2\/media?parent=282059"}],"wp:term":[{"taxonomy":"category","embeddable":true,"href":"https:\/\/www.europesays.com\/fr\/wp-json\/wp\/v2\/categories?post=282059"},{"taxonomy":"post_tag","embeddable":true,"href":"https:\/\/www.europesays.com\/fr\/wp-json\/wp\/v2\/tags?post=282059"}],"curies":[{"name":"wp","href":"https:\/\/api.w.org\/{rel}","templated":true}]}}