{"id":282061,"date":"2025-07-29T14:19:10","date_gmt":"2025-07-29T14:19:10","guid":{"rendered":"https:\/\/www.europesays.com\/fr\/282061\/"},"modified":"2025-07-29T14:19:10","modified_gmt":"2025-07-29T14:19:10","slug":"jai-du-acheter-un-lycra-a-manches-longues-pour-nager-la-mediterranee-plus-froide-que-la-manche","status":"publish","type":"post","link":"https:\/\/www.europesays.com\/fr\/282061\/","title":{"rendered":"\u00ab\u00a0J\u2019ai d\u00fb acheter un lycra \u00e0 manches longues pour nager\u00a0\u00bb\u00a0: la M\u00e9diterran\u00e9e plus froide que la Manche"},"content":{"rendered":"<p class=\"paragraph text_align_left lp-f-body-02\">Stephan n\u2019est pas du genre frileux. Mais avant d\u2019aller nager hier au milieu <a href=\"https:\/\/www.leparisien.fr\/faits-divers\/un-jeune-homme-se-tue-en-sautant-dans-une-calanque-a-saint-raphael-28-07-2025-X2QYFHHO3NER3MSWMNMBK7L534.php\" target=\"_self\" rel=\"nofollow noopener\">des criques de Saint-Rapha\u00ebl (Var)<\/a>, il s\u2019est couvert le torse d\u2019un \u00ab lycra haut \u00e0 manches longues \u00bb pour <a href=\"https:\/\/www.leparisien.fr\/societe\/sante\/canicule-avec-les-fortes-chaleurs-le-risque-de-noyade-sintensifie-et-inquiete-les-autorites-29-06-2025-APKCTXOA3NC4JBHIMH3KDXPVT4.php\" target=\"_self\" rel=\"nofollow noopener\">anticiper le\u2026 choc thermique<\/a>. C\u2019est que sous l\u2019effet du mistral qui balaye depuis plusieurs jours la M\u00e9diterran\u00e9e, \u00ab il y a beaucoup de vagues et la mer est plus froide \u00bb.<\/p>\n<p class=\"paragraph text_align_left lp-f-body-02\">C\u2019est un euph\u00e9misme, tant l\u2019eau est glaciale en comparaison des normales de saison. \u00ab La temp\u00e9rature de surface de la mer <a href=\"https:\/\/www.leparisien.fr\/bouches-du-rhone-13\/eau-glaciale-dans-les-calanques-de-marseille-attention-danger-06-07-2023-VB4GBLTZBJCXBJID56GXVDXNBM.php\" target=\"_self\" rel=\"nofollow noopener\">atteint seulement 15 \u00e0 16 \u00b0C<\/a> en ce d\u00e9but de semaine dans le golfe du Lion, explique le m\u00e9t\u00e9orologue Guillaume S\u00e9chet. Une situation qui s\u2019est compl\u00e8tement invers\u00e9e depuis le d\u00e9but du mois de juillet. \u00bb<\/p>\n","protected":false},"excerpt":{"rendered":"Stephan n\u2019est pas du genre frileux. Mais avant d\u2019aller nager hier au milieu des criques de Saint-Rapha\u00ebl (Var),&hellip;\n","protected":false},"author":2,"featured_media":282062,"comment_status":"","ping_status":"","sticky":false,"template":"","format":"standard","meta":{"footnotes":""},"categories":[2],"tags":[11,436,1011,27,2487,12,25],"class_list":{"0":"post-282061","1":"post","2":"type-post","3":"status-publish","4":"format-standard","5":"has-post-thumbnail","7":"category-actualites","8":"tag-actualites","9":"tag-environnement","10":"tag-fr","11":"tag-france","12":"tag-meteo","13":"tag-news","14":"tag-republique-francaise"},"share_on_mastodon":{"url":"https:\/\/pubeurope.com\/@fr\/114936962456643712","error":""},"_links":{"self":[{"href":"https:\/\/www.europesays.com\/fr\/wp-json\/wp\/v2\/posts\/282061","targetHints":{"allow":["GET"]}}],"collection":[{"href":"https:\/\/www.europesays.com\/fr\/wp-json\/wp\/v2\/posts"}],"about":[{"href":"https:\/\/www.europesays.com\/fr\/wp-json\/wp\/v2\/types\/post"}],"author":[{"embeddable":true,"href":"https:\/\/www.europesays.com\/fr\/wp-json\/wp\/v2\/users\/2"}],"replies":[{"embeddable":true,"href":"https:\/\/www.europesays.com\/fr\/wp-json\/wp\/v2\/comments?post=282061"}],"version-history":[{"count":0,"href":"https:\/\/www.europesays.com\/fr\/wp-json\/wp\/v2\/posts\/282061\/revisions"}],"wp:featuredmedia":[{"embeddable":true,"href":"https:\/\/www.europesays.com\/fr\/wp-json\/wp\/v2\/media\/282062"}],"wp:attachment":[{"href":"https:\/\/www.europesays.com\/fr\/wp-json\/wp\/v2\/media?parent=282061"}],"wp:term":[{"taxonomy":"category","embeddable":true,"href":"https:\/\/www.europesays.com\/fr\/wp-json\/wp\/v2\/categories?post=282061"},{"taxonomy":"post_tag","embeddable":true,"href":"https:\/\/www.europesays.com\/fr\/wp-json\/wp\/v2\/tags?post=282061"}],"curies":[{"name":"wp","href":"https:\/\/api.w.org\/{rel}","templated":true}]}}