{"id":282063,"date":"2025-07-29T14:20:19","date_gmt":"2025-07-29T14:20:19","guid":{"rendered":"https:\/\/www.europesays.com\/fr\/282063\/"},"modified":"2025-07-29T14:20:19","modified_gmt":"2025-07-29T14:20:19","slug":"christopher-nolan-critique-en-algerie-pour-le-tournage-de-lodyssee-son-dernier-film-au-sahara-occidental","status":"publish","type":"post","link":"https:\/\/www.europesays.com\/fr\/282063\/","title":{"rendered":"Christopher Nolan critiqu\u00e9 en Alg\u00e9rie pour le tournage de \u00ab\u00a0L\u2019Odyss\u00e9e\u00a0\u00bb, son dernier film, au Sahara occidental"},"content":{"rendered":"<p>        <img decoding=\"async\" loading=\"lazy\" src=\"https:\/\/www.europesays.com\/fr\/wp-content\/uploads\/2025\/07\/e463519_upload-1-nn0enalr11m8-screenshot-2025-07-29-12-07-09.png\"  width=\"728\" height=\"409\" alt=\"Matt Damon, ici dans \u00ab\u00a0L\u2019Odyss\u00e9e\u00a0\u00bb de Chrisopher Nolan.\"\/>  <\/p>\n<p>Universal Studios<\/p>\n<p>Matt Damon, ici dans \u00ab\u00a0L\u2019Odyss\u00e9e\u00a0\u00bb de Chrisopher Nolan.<\/p>\n<p class=\"asset asset-text\">CIN\u00c9MA &#8211; L\u2019Odyss\u00e9e d\u2019Ulysse (et de Christopher Nolan) se heurte \u00e0 des gal\u00e8res. Comme l\u2019a rep\u00e9r\u00e9 le Guardian, ce lundi 28\u00a0juillet, les organisateurs du FiSahara, le festival international du film du Sahara, sont vent debout contre <a href=\"https:\/\/www.huffingtonpost.fr\/culture\/article\/christopher-nolan-n-a-pas-realise-de-james-bond-a-cause-de-cette-exigence_246783.html\" target=\"_blank\" rel=\"noopener\">le r\u00e9alisateur britannico-am\u00e9ricain<\/a>, qu\u2019ils exhortent d\u2019arr\u00eater la production de <a href=\"https:\/\/www.huffingtonpost.fr\/culture\/article\/la-bande-annonce-de-l-odyssee-de-christopher-nolan-est-parfaite-mais-il-y-a-un-gros-mais_252121.html\" target=\"_blank\" rel=\"noopener\">son nouveau blockbuster<\/a>, en cours de tournage au <a href=\"https:\/\/www.huffingtonpost.fr\/international\/article\/sahara-occidental-l-algerie-furieuse-contre-paris-apres-le-soutien-de-macron-au-maroc_237709.html\" target=\"_blank\" rel=\"noopener\">Sahara occidental<\/a>.<\/p>\n<p class=\"asset asset-text\">Sa capitale Dakhla (o\u00f9 se tient le tournage) \u00ab\u00a0n\u2019est pas seulement un endroit magnifique avec des dunes de sable dignes du cin\u00e9ma, estime la directrice du festival Mar\u00eda Carri\u00f3n, <a href=\"https:\/\/festivalsahara.org\/noticias\/fisahara-nolan-the-odyssey\/\" target=\"_blank\" rel=\"noopener\" title=\"Nouvelle fen\u00eatre\">dans un communiqu\u00e9<\/a> publi\u00e9 dans le courant du mois. C\u2019est avant tout une ville occup\u00e9e et militaris\u00e9e dont la population sahraouie autochtone est soumise \u00e0 une r\u00e9pression brutale de la part des forces d\u2019occupation marocaines.\u00a0\u00bb<\/p>\n<p class=\"asset asset-text\">Elle pr\u00e9cise\u00a0: \u00ab\u00a0En filmant une partie de\u00a0L\u2019Odyss\u00e9e\u00a0dans un territoire occup\u00e9 class\u00e9 comme \u201cd\u00e9sert journalistique\u201d par Reporters sans fronti\u00e8res, Christopher Nolan et son \u00e9quipe contribuent, peut-\u00eatre involontairement et sans le vouloir, \u00e0 la r\u00e9pression du peuple sahraoui par le Maroc et aux efforts du r\u00e9gime marocain pour normaliser son occupation du Sahara occidental.\u00a0\u00bb<\/p>\n<p>    La situation au Sahara occidental    <\/p>\n<p class=\"asset asset-text\">Ancienne colonie espagnole jusqu\u2019en 1975, le Sahara occidental est contr\u00f4l\u00e9 en majeure partie par le Maroc, mais reste toujours consid\u00e9r\u00e9 comme un territoire non autonome par les Nations unies.\u00a0Un conflit y oppose depuis cinquante ans le Maroc aux ind\u00e9pendantistes du Front Polisario, soutenus par l\u2019Alg\u00e9rie.<\/p>\n<p class=\"asset asset-text\">Un cessez-le-feu y avait \u00e9t\u00e9 conclu en 1991, et une mission de l\u2019ONU baptis\u00e9e Minurso devait y organiser un r\u00e9f\u00e9rendum d\u2019autod\u00e9termination. Celui-ci ne s\u2019est jamais concr\u00e9tis\u00e9. Depuis, les Nations unies appellent r\u00e9guli\u00e8rement les diff\u00e9rentes parties \u00e0 \u00ab\u00a0reprendre les n\u00e9gociations\u00a0\u00bb pour parvenir \u00e0 une \u00ab\u00a0solution politique\u00a0durable\u00a0\u00bb.<\/p>\n<p class=\"asset asset-text\">Plus r\u00e9cemment, une proposition d\u2019autonomie sous souverainet\u00e9 marocaine a \u00e9t\u00e9 pr\u00e9sent\u00e9e par le Royaume du Maroc. Celle-ci a \u00e9t\u00e9 consid\u00e9r\u00e9e comme s\u00e9rieuse par plusieurs \u00c9tats, dont le Royaume-Uni et le Portugal. La France, elle, l\u2019avait approuv\u00e9e l\u2019\u00e9t\u00e9 dernier, d\u00e9clenchant ainsi par son rapprochement avec Rabat une crise diplomatique avec l\u2019Alg\u00e9rie.<\/p>\n<p class=\"asset asset-text\">La pr\u00e9sence du Maroc dans cette r\u00e9gion du monde ne fait toutefois pas l\u2019unanimit\u00e9. Comme l\u2019a soulign\u00e9 Mar\u00eda Carri\u00f3n, plusieurs ONG s\u2019alarment de la situation sur place. Dans <a href=\"https:\/\/www.amnesty.org\/fr\/location\/middle-east-and-north-africa\/north-africa\/morocco-and-western-sahara\/report-morocco-and-western-sahara\/\" target=\"_blank\" rel=\"noopener\" title=\"Nouvelle fen\u00eatre\">son dernier rapport<\/a>, Amnesty International dresse un \u00e9tat des lieux critique, pointant du doigt la r\u00e9pression des militants d\u00e9non\u00e7ant le r\u00e9gime, les journalistes pris pour cibles, les in\u00e9galit\u00e9s de genre ou les arrestations arbitraires, les discriminations et les crimes de haine contre les personnes LGBT +.<\/p>\n<p>                     Zendaya et Matt Damon au casting    <\/p>\n<p class=\"asset asset-text\">Les organisateurs du FiSahara voient dans l\u2019autorisation de tournage accord\u00e9e \u00e0 Christopher Nolan le deux poids, deux mesures des autorit\u00e9s. \u00ab\u00a0Les Sahraouis, qui tentent de r\u00e9aliser des films sur leur vie, sont pers\u00e9cut\u00e9s\u00a0et doivent travailler clandestinement\u00a0\u00bb, estiment-ils. \u00c0 l\u2019inverse, \u00ab\u00a0le Maroc n\u2019autorise l\u2019entr\u00e9e au Sahara occidental occup\u00e9 qu\u2019\u00e0 ceux qui correspondent \u00e0 sa strat\u00e9gie de vente de son occupation au monde ext\u00e9rieur\u00a0\u00bb.<\/p>\n<p class=\"asset asset-text\">Le festival international du film du Sahara, qui s\u2019organise depuis le d\u00e9but des ann\u00e9es 2000\u00a0dans des camps de r\u00e9fugi\u00e9s sahraouis en Alg\u00e9rie, veut provoquer un sursaut chez le r\u00e9alisateur, et l\u2019emp\u00eacher de \u00ab\u00a0blanchir\u00a0\u00bb la politique marocaine. Contact\u00e9 par le <a href=\"https:\/\/www.theguardian.com\/world\/2014\/may\/21\/fisahara-2014-worlds-most-remote-film-festival\" target=\"_blank\" rel=\"noopener\" title=\"Nouvelle fen\u00eatre\">Guardian<\/a>, ce dernier n\u2019a pour le moment pas encore r\u00e9agi, ni pris de d\u00e9cision.<\/p>\n<p class=\"asset asset-text\">Le cin\u00e9aste de 54\u00a0ans a commenc\u00e9 le tournage de cette nouvelle superproduction inspir\u00e9e du c\u00e9l\u00e8bre po\u00e8me d\u2019Hom\u00e8re il y a de \u00e7a plusieurs mois, dans plusieurs lieux d\u2019Afrique du nord et d\u2019Europe, dont la Sicile. Attendu sur nos \u00e9crans pour l\u2019\u00e9t\u00e9 prochain, le film compte un parterre des acteurs les plus bankables, dont Zendaya, Matt Damon, Anne Hathaway ou encore Charlize Theron.<\/p>\n","protected":false},"excerpt":{"rendered":"Universal Studios Matt Damon, ici dans \u00ab\u00a0L\u2019Odyss\u00e9e\u00a0\u00bb de Chrisopher Nolan. CIN\u00c9MA &#8211; L\u2019Odyss\u00e9e d\u2019Ulysse (et de Christopher Nolan)&hellip;\n","protected":false},"author":2,"featured_media":282064,"comment_status":"","ping_status":"","sticky":false,"template":"","format":"standard","meta":{"footnotes":""},"categories":[2],"tags":[11,15,3902,650,251,1011,27,14,12,25],"class_list":{"0":"post-282063","1":"post","2":"type-post","3":"status-publish","4":"format-standard","5":"has-post-thumbnail","7":"category-actualites","8":"tag-actualites","9":"tag-algerie","10":"tag-christopher-nolan","11":"tag-cinema","12":"tag-culture","13":"tag-fr","14":"tag-france","15":"tag-international","16":"tag-news","17":"tag-republique-francaise"},"share_on_mastodon":{"url":"https:\/\/pubeurope.com\/@fr\/114936966348553100","error":""},"_links":{"self":[{"href":"https:\/\/www.europesays.com\/fr\/wp-json\/wp\/v2\/posts\/282063","targetHints":{"allow":["GET"]}}],"collection":[{"href":"https:\/\/www.europesays.com\/fr\/wp-json\/wp\/v2\/posts"}],"about":[{"href":"https:\/\/www.europesays.com\/fr\/wp-json\/wp\/v2\/types\/post"}],"author":[{"embeddable":true,"href":"https:\/\/www.europesays.com\/fr\/wp-json\/wp\/v2\/users\/2"}],"replies":[{"embeddable":true,"href":"https:\/\/www.europesays.com\/fr\/wp-json\/wp\/v2\/comments?post=282063"}],"version-history":[{"count":0,"href":"https:\/\/www.europesays.com\/fr\/wp-json\/wp\/v2\/posts\/282063\/revisions"}],"wp:featuredmedia":[{"embeddable":true,"href":"https:\/\/www.europesays.com\/fr\/wp-json\/wp\/v2\/media\/282064"}],"wp:attachment":[{"href":"https:\/\/www.europesays.com\/fr\/wp-json\/wp\/v2\/media?parent=282063"}],"wp:term":[{"taxonomy":"category","embeddable":true,"href":"https:\/\/www.europesays.com\/fr\/wp-json\/wp\/v2\/categories?post=282063"},{"taxonomy":"post_tag","embeddable":true,"href":"https:\/\/www.europesays.com\/fr\/wp-json\/wp\/v2\/tags?post=282063"}],"curies":[{"name":"wp","href":"https:\/\/api.w.org\/{rel}","templated":true}]}}