{"id":282065,"date":"2025-07-29T14:21:09","date_gmt":"2025-07-29T14:21:09","guid":{"rendered":"https:\/\/www.europesays.com\/fr\/282065\/"},"modified":"2025-07-29T14:21:09","modified_gmt":"2025-07-29T14:21:09","slug":"cmi-france-veut-ceder-tele-7-jours-a-bauer-media","status":"publish","type":"post","link":"https:\/\/www.europesays.com\/fr\/282065\/","title":{"rendered":"CMI France veut c\u00e9der T\u00e9l\u00e9 7 Jours \u00e0 Bauer Media"},"content":{"rendered":"<p>Nouvelle \u00e9tape dans le recentrage strat\u00e9gique de CMI France. L\u2019\u00e9diteur a annonc\u00e9 \u00eatre entr\u00e9 en n\u00e9gociation exclusive avec le groupe Bauer Media en vue de la cession du magazine T\u00e9l\u00e9 7 Jours et de ses d\u00e9clinaisons \u00e9ditoriales, T\u00e9l\u00e9 7 Jours Jeux et T\u00e9l\u00e9 7 Jeux.<\/p>\n<p>L\u2019accord, qui pourrait \u00eatre finalis\u00e9 dans les prochains mois sous r\u00e9serve des proc\u00e9dures d\u2019information-consultation des instances repr\u00e9sentatives du personnel, porterait sur l\u2019un des titres les plus embl\u00e9matiques de la presse TV fran\u00e7aise. Cr\u00e9\u00e9 en 1960, T\u00e9l\u00e9 7 Jours, anciennement dans le giron de Lagard\u00e8re, s\u2019est impos\u00e9 comme une marque de r\u00e9f\u00e9rence m\u00ealant programmes t\u00e9l\u00e9vis\u00e9s, actualit\u00e9 du divertissement et recommandations culturelles. En 2024, le magazine revendiquait une diffusion France pay\u00e9e de 691 215 exemplaires, selon les chiffres ACPM.<\/p>\n<p>Recentrage du groupe<\/p>\n<p>Cette cession s\u2019inscrit dans un recentrage strat\u00e9gique du portefeuille de CMI France, filiale du groupe Czech Media Invest du milliardaire Daniel K\u0159et\u00ednsk\u00fd. L\u2019\u00e9diteur a r\u00e9cemment lanc\u00e9 plusieurs projets d\u2019envergure comme Franc-Tireur, VIEUX ou encore la cha\u00eene T18, tout en amor\u00e7ant un d\u00e9sengagement progressif d\u2019une partie de son activit\u00e9 magazine.<\/p>\n<p>Elle intervient par ailleurs dans un contexte de r\u00e9organisation plus large chez CMI France, qui pr\u00e9voit \u00e9galement <a target=\"_blank\" rel=\"noopener\" href=\"https:\/\/fr.themedialeader.com\/prisma-media-sur-le-point-de-racheter-ici-paris-et-france-dimanche-a-cmi-france\/\">de c\u00e9der France Dimanche et Ici Paris \u00e0 Prisma Media<\/a>, sous r\u00e9serve de l\u2019issue des n\u00e9gociations en cours. L\u2019\u00e9diteur a <a target=\"_blank\" rel=\"noopener\" href=\"https:\/\/fr.themedialeader.com\/marianne-ne-sera-pas-vendu-repond-son-proprietaire-a-ses-journalistes\/\">renonc\u00e9<\/a> r\u00e9cemment \u00e0 vendre le magazine Marianne. C\u00f4t\u00e9 r\u00e9gie, CMI Media a <a target=\"_blank\" rel=\"noopener\" href=\"https:\/\/fr.themedialeader.com\/regions-azerion-va-reprendre-cmi-media-regions-le-groupe-ebra-fusionne-ses-regies\/\">vendu<\/a> sa r\u00e9gie r\u00e9gionale \u00e0 Azerion.<\/p>\n<p>Pour le groupe Bauer Media, d\u00e9j\u00e0 pr\u00e9sent sur le march\u00e9 fran\u00e7ais avec des titres comme Maxi, cette op\u00e9ration marquerait un renforcement significatif de sa position dans l\u2019univers de la presse TV, avec l\u2019acquisition d\u2019une marque populaire, solidement install\u00e9e et dot\u00e9e d\u2019une large audience.<\/p>\n","protected":false},"excerpt":{"rendered":"Nouvelle \u00e9tape dans le recentrage strat\u00e9gique de CMI France. L\u2019\u00e9diteur a annonc\u00e9 \u00eatre entr\u00e9 en n\u00e9gociation exclusive avec&hellip;\n","protected":false},"author":2,"featured_media":282066,"comment_status":"","ping_status":"","sticky":false,"template":"","format":"standard","meta":{"footnotes":""},"categories":[4],"tags":[11,1011,27,12,4048,25],"class_list":{"0":"post-282065","1":"post","2":"type-post","3":"status-publish","4":"format-standard","5":"has-post-thumbnail","7":"category-france","8":"tag-actualites","9":"tag-fr","10":"tag-france","11":"tag-news","12":"tag-presse","13":"tag-republique-francaise"},"share_on_mastodon":{"url":"https:\/\/pubeurope.com\/@fr\/114936970131799814","error":""},"_links":{"self":[{"href":"https:\/\/www.europesays.com\/fr\/wp-json\/wp\/v2\/posts\/282065","targetHints":{"allow":["GET"]}}],"collection":[{"href":"https:\/\/www.europesays.com\/fr\/wp-json\/wp\/v2\/posts"}],"about":[{"href":"https:\/\/www.europesays.com\/fr\/wp-json\/wp\/v2\/types\/post"}],"author":[{"embeddable":true,"href":"https:\/\/www.europesays.com\/fr\/wp-json\/wp\/v2\/users\/2"}],"replies":[{"embeddable":true,"href":"https:\/\/www.europesays.com\/fr\/wp-json\/wp\/v2\/comments?post=282065"}],"version-history":[{"count":0,"href":"https:\/\/www.europesays.com\/fr\/wp-json\/wp\/v2\/posts\/282065\/revisions"}],"wp:featuredmedia":[{"embeddable":true,"href":"https:\/\/www.europesays.com\/fr\/wp-json\/wp\/v2\/media\/282066"}],"wp:attachment":[{"href":"https:\/\/www.europesays.com\/fr\/wp-json\/wp\/v2\/media?parent=282065"}],"wp:term":[{"taxonomy":"category","embeddable":true,"href":"https:\/\/www.europesays.com\/fr\/wp-json\/wp\/v2\/categories?post=282065"},{"taxonomy":"post_tag","embeddable":true,"href":"https:\/\/www.europesays.com\/fr\/wp-json\/wp\/v2\/tags?post=282065"}],"curies":[{"name":"wp","href":"https:\/\/api.w.org\/{rel}","templated":true}]}}