{"id":282067,"date":"2025-07-29T14:24:11","date_gmt":"2025-07-29T14:24:11","guid":{"rendered":"https:\/\/www.europesays.com\/fr\/282067\/"},"modified":"2025-07-29T14:24:11","modified_gmt":"2025-07-29T14:24:11","slug":"scott-barrett-envisage-de-se-retirer-des-terrains-explications","status":"publish","type":"post","link":"https:\/\/www.europesays.com\/fr\/282067\/","title":{"rendered":"Scott Barrett envisage de se retirer des terrains ! Explications"},"content":{"rendered":"<p>Alors que plusieurs cadres des All Blacks profitent de leur ann\u00e9e sabbatique pour tenter une aventure lucrative \u00e0 l\u2019\u00e9tranger, le capitaine Scott Barrett envisage une pause\u2026 pour se reposer r\u00e9ellement.<\/p>\n<p>Une d\u00e9cision rare mais strat\u00e9gique, \u00e0 moins de deux ans de la Coupe du Monde de Rugby 2027 en Australie.<\/p>\n<p>Une pause loin des terrains, mais pas du rugby<\/p>\n<p>\u00c0 31 ans, fort de ses 81 s\u00e9lections, Scott Barrett pourrait faire le choix audacieux de renoncer \u00e0 toute comp\u00e9tition en 2026, que ce soit le Super Rugby Pacific avec les Crusaders ou les test-matchs internationaux avec les All Blacks rapporte <a href=\"https:\/\/www.rugbypass.com\/fr\/news\/un-break-pour-mieux-revenir-le-plan-de-scott-barrett-pour-2026\/\" rel=\"nofollow noopener\" target=\"_blank\">Rugbypass.<\/a><\/p>\n<p>L\u2019id\u00e9e : recharger pleinement les batteries pour revenir au sommet de sa forme en 2027, ann\u00e9e de Coupe du Monde.<\/p>\n<p>Cette \u00e9ventuelle ann\u00e9e blanche ne se ferait pas en solitaire, mais sous contr\u00f4le de NZ Rugby et en concertation avec le s\u00e9lectionneur Scott Robertson. Les discussions entre les deux hommes sont en cours, notamment pour ajuster un calendrier 2026 particuli\u00e8rement dense.<\/p>\n<p>Un choix de long terme inspir\u00e9 par les l\u00e9gendes<\/p>\n<p>Scott ne suivrait donc pas l\u2019exemple de ses fr\u00e8res Beauden (au Japon) et Jordie (en Irlande), ni celui de ses co\u00e9quipiers Rieko Ioane, Ardie Savea ou Anton Lienert-Brown, tous partis \u00e0 l\u2019\u00e9tranger. Pour lui, cette ann\u00e9e sabbatique aurait un sens bien plus physique que financier.<\/p>\n<p>Un mod\u00e8le d\u00e9j\u00e0 test\u00e9 avec succ\u00e8s par des figures embl\u00e9matiques du rugby n\u00e9o-z\u00e9landais. Richie McCaw en 2013 et Dan Carter en 2014 avaient eux aussi mis leur carri\u00e8re entre parenth\u00e8ses, avant de revenir aff\u00fbt\u00e9s et victorieux lors du Mondial 2015.<\/p>\n<p>Le pr\u00e9c\u00e9dent Codie Taylor, repos\u00e9 volontairement en 2024 et revenu en grande forme, renforce l\u2019attrait d\u2019une telle option. Barrett, touch\u00e9 au mollet en juillet apr\u00e8s le premier test contre la France \u00e0 Dunedin, a d\u00e9j\u00e0 \u00e9t\u00e9 contraint de renoncer aux matchs suivants \u00e0 Wellington et Hamilton, passant le brassard \u00e0 Ardie Savea.<\/p>\n<p>En 2024, il n\u2019avait d\u2019ailleurs jou\u00e9 que cinq rencontres sur quatorze avec les Crusaders, preuve que le corps r\u00e9clame parfois une pause. \u00c0 bient\u00f4t 32 ans (en novembre), le timing semble id\u00e9al.<\/p>\n<p>Une saison 2026 \u00e0 g\u00e9rer avec pr\u00e9caution<\/p>\n<p>Le calendrier 2026 des All Blacks s\u2019annonce particuli\u00e8rement exigeant, avec une tourn\u00e9e de huit matchs, dont trois chocs face aux Springboks en Afrique du Sud. Autant dire que pour un cadre, cette campagne pourrait \u00eatre \u00e9reintante. Laisser son capitaine au repos total pourrait donc devenir un pari gagnant pour Scott Robertson.<\/p>\n<p>Le plan serait clair : une ann\u00e9e sabbatique compl\u00e8te en 2026, un retour aux Crusaders en 2027, puis une mont\u00e9e en puissance jusqu\u2019\u00e0 la Coupe du Monde.<\/p>\n<p>Dans un rugby de plus en plus intense physiquement, le choix de Scott Barrett sonne comme un acte de lucidit\u00e9 et de leadership. Un repos assum\u00e9 pour revenir plus fort, comme les plus grands avant lui.<\/p>\n","protected":false},"excerpt":{"rendered":"Alors que plusieurs cadres des All Blacks profitent de leur ann\u00e9e sabbatique pour tenter une aventure lucrative \u00e0&hellip;\n","protected":false},"author":2,"featured_media":282068,"comment_status":"","ping_status":"","sticky":false,"template":"","format":"standard","meta":{"footnotes":""},"categories":[1416],"tags":[1011,27,479,1468,60],"class_list":{"0":"post-282067","1":"post","2":"type-post","3":"status-publish","4":"format-standard","5":"has-post-thumbnail","7":"category-rugby","8":"tag-fr","9":"tag-france","10":"tag-rugby","11":"tag-rugby-football","12":"tag-sports"},"share_on_mastodon":{"url":"https:\/\/pubeurope.com\/@fr\/114936981993582848","error":""},"_links":{"self":[{"href":"https:\/\/www.europesays.com\/fr\/wp-json\/wp\/v2\/posts\/282067","targetHints":{"allow":["GET"]}}],"collection":[{"href":"https:\/\/www.europesays.com\/fr\/wp-json\/wp\/v2\/posts"}],"about":[{"href":"https:\/\/www.europesays.com\/fr\/wp-json\/wp\/v2\/types\/post"}],"author":[{"embeddable":true,"href":"https:\/\/www.europesays.com\/fr\/wp-json\/wp\/v2\/users\/2"}],"replies":[{"embeddable":true,"href":"https:\/\/www.europesays.com\/fr\/wp-json\/wp\/v2\/comments?post=282067"}],"version-history":[{"count":0,"href":"https:\/\/www.europesays.com\/fr\/wp-json\/wp\/v2\/posts\/282067\/revisions"}],"wp:featuredmedia":[{"embeddable":true,"href":"https:\/\/www.europesays.com\/fr\/wp-json\/wp\/v2\/media\/282068"}],"wp:attachment":[{"href":"https:\/\/www.europesays.com\/fr\/wp-json\/wp\/v2\/media?parent=282067"}],"wp:term":[{"taxonomy":"category","embeddable":true,"href":"https:\/\/www.europesays.com\/fr\/wp-json\/wp\/v2\/categories?post=282067"},{"taxonomy":"post_tag","embeddable":true,"href":"https:\/\/www.europesays.com\/fr\/wp-json\/wp\/v2\/tags?post=282067"}],"curies":[{"name":"wp","href":"https:\/\/api.w.org\/{rel}","templated":true}]}}