{"id":282069,"date":"2025-07-29T14:25:11","date_gmt":"2025-07-29T14:25:11","guid":{"rendered":"https:\/\/www.europesays.com\/fr\/282069\/"},"modified":"2025-07-29T14:25:11","modified_gmt":"2025-07-29T14:25:11","slug":"battu-en-qualifications-terence-atmane-repeche-apres-le-forfait-dugo-humbert-au-masters-1000-de-toronto-lequipe","status":"publish","type":"post","link":"https:\/\/www.europesays.com\/fr\/282069\/","title":{"rendered":"Battu en qualifications, Terence Atmane rep\u00each\u00e9 apr\u00e8s le forfait d&#039;Ugo Humbert au Masters 1000 de Toronto &#8211; L&#039;\u00c9quipe"},"content":{"rendered":"<ol>\n<li><a href=\"https:\/\/news.google.com\/rss\/articles\/CBMi6AFBVV95cUxNeWJqNV9UMGZ6OGFmYzJadWYzbG9Hc1FJTTZBYTdhWjNkQWpWbWtsMmEyS1Y4SXVqOHNDRXZvdHprZWFoRVdEZlYzU2pBOE1TVlJWX0NPRkNjakZlX0pEOWlSYS14Z3BPaFU1aXFiTlJITUZOS1RLeVM4UklsR0VrQVpzaVBJNVU4NFJqQjRzaVFHSlFMSWFBQjZ6NEpFYWF2U1E0ak5Uc1BGczZHMmNjSXltSXN2R09kRXAwU3BEUW9saEdndXlHMDBqQnJ4cVFqNTlqTDN1QkM1a2piS0dLRFFQMzdQM01y?oc=5\" target=\"_blank\" rel=\"noopener\">Battu en qualifications, Terence Atmane rep\u00each\u00e9 apr\u00e8s le forfait d&rsquo;Ugo Humbert au Masters 1000 de Toronto<\/a>&nbsp;&nbsp;L&rsquo;\u00c9quipe<\/li>\n<li><a href=\"https:\/\/news.google.com\/rss\/articles\/CBMirwFBVV95cUxPNWNxWDlBU25ObFRBTW05cEhpbFlLaXRrNlVxTWJSVGk4UEFaMTU3SnlQMzd0TlFoOEh2UTF2Qy12NjRBVi1SeHhDYUdWTENuRjA4aEhzdnVYTUZ0MXpGR25kZkJXQXBmTzZEUnVweXI5X3FrclZDSFdsUWFTbTJWMzJneFU1SFRCSXJfOTQzSEg2Z1prcDF5TnotYmdkSnV2UHV5Q0Q3NkEtQ1JPWTlv0gGuAUFVX3lxTE1lQU5CX1AzNnMzaTFlTE5odkhPbFg0emlYTTVQdVZTdE5malRYQUZTampOUXN2aG1FNFVVdGVNQTU0ZVZCT1pMQTNrUXhBaTcySFlCLTNKaERKWllJQy1KWWk0dmZFa0J1bzNmV3daUFI5M1RGOXJDeFZHQkVYeUhBcldnRW84MTZBX3g0T3gwRmZMX2E5S21WREgwT3RWLWxoa0Q3N1FKZUUzN1pEZw?oc=5\" target=\"_blank\" rel=\"noopener\">ATP &#8211; Toronto : Humbert forfait, Atmane le remplace<\/a>&nbsp;&nbsp;Orange Actualit\u00e9s | Sports<\/li>\n<li><a href=\"https:\/\/news.google.com\/rss\/articles\/CBMirgFBVV95cUxOOVF0MkNKMmx1eGZEWTA1dEFxMzdTSG15c0NybEgxenhxWnhOSExPVEZDa0FuVGlTQmJpUzZYODJPbV9wR29lUlNBVFdrZVhWY1dwakpZS0UyY2ZwNUdFLXVKZC1FTUFybkJXWWFTenV3N0ZSb0pwRUE0aGRKeGt6cF9MTmlQNFRNVzNCT1pTa1RjSXVmYzdpZ0wtRWxwbWhhMTliTWpKRG5LVjNPOHc?oc=5\" target=\"_blank\" rel=\"noopener\">Tennis. Ugo Humbert finalement forfait au Masters 1000 de Toronto<\/a>&nbsp;&nbsp;Le Republicain Lorrain<\/li>\n<li><a href=\"https:\/\/news.google.com\/rss\/articles\/CBMiyAFBVV95cUxPd0NNX1JUVTY4dXRpYUs1OHZpUmxiUGh3RFhiZERCMTlXUkZQaS1rU0l2Mkp5RU1IWXctX2NBS3ZNZmlFWG4wZGNnbThUT2xJZG1hckgtRzU1S0lNbURYT0VtYU1ZVXkwSDRGbXAtYmdZVEF4bzJ2X0tNUXp4R3NBY1YxRlVUM0E5MVA0eEV1ckItVW5adGg5NTROWW1CcnBJUVZUaVFtb19DTnppWnZvUzhuTTlQLU9FODluN3N4TVE5ZlowdVdNUA?oc=5\" target=\"_blank\" rel=\"noopener\">Emilio Nava &#8211; Ugo Humbert, ATP 1000, Open du Canada, Deuxi\u00e8me tour, Mardi 29 juillet 2025<\/a>&nbsp;&nbsp;L&rsquo;\u00c9quipe<\/li>\n<li><a href=\"https:\/\/news.google.com\/rss\/articles\/CBMizAFBVV95cUxPa3Q1NHhpTFAwOVNyVkJrRXhVVDNGbWRQb2VkdFBSQ3NqM2JWUmNLLVA4S2ZKSUltQi1KcHpwMXhhM21HQnVndkF3UzBjQ1JjVzQ4WmpRVk56aEpGQ1RUTGxueGljczU5bU1RVUJraFFyYkxYMzY0NWp4ei13MXNOUlBkZVJyYWVfX1AxblpWVHJFR28yZ29BcEtFWnR4T2lNemU0SVJ6aHQ3UVBHZzNZMnNuRkxPblhPN0REQTdTc1hKNlliZnp6ZF9YRXA?oc=5\" target=\"_blank\" rel=\"noopener\">Tennis : battu en qualifications, Terence Atmane rep\u00each\u00e9 dans le tableau final du Masters 1000 de Toronto<\/a>&nbsp;&nbsp;Nord Littoral<\/li>\n<\/ol>\n","protected":false},"excerpt":{"rendered":"Battu en qualifications, Terence Atmane rep\u00each\u00e9 apr\u00e8s le forfait d&rsquo;Ugo Humbert au Masters 1000 de Toronto&nbsp;&nbsp;L&rsquo;\u00c9quipe ATP &#8211;&hellip;\n","protected":false},"author":2,"featured_media":282070,"comment_status":"","ping_status":"","sticky":false,"template":"","format":"standard","meta":{"footnotes":""},"categories":[1415],"tags":[1011,27,60,1467],"class_list":{"0":"post-282069","1":"post","2":"type-post","3":"status-publish","4":"format-standard","5":"has-post-thumbnail","7":"category-tennis","8":"tag-fr","9":"tag-france","10":"tag-sports","11":"tag-tennis"},"share_on_mastodon":{"url":"https:\/\/pubeurope.com\/@fr\/114936985877170025","error":""},"_links":{"self":[{"href":"https:\/\/www.europesays.com\/fr\/wp-json\/wp\/v2\/posts\/282069","targetHints":{"allow":["GET"]}}],"collection":[{"href":"https:\/\/www.europesays.com\/fr\/wp-json\/wp\/v2\/posts"}],"about":[{"href":"https:\/\/www.europesays.com\/fr\/wp-json\/wp\/v2\/types\/post"}],"author":[{"embeddable":true,"href":"https:\/\/www.europesays.com\/fr\/wp-json\/wp\/v2\/users\/2"}],"replies":[{"embeddable":true,"href":"https:\/\/www.europesays.com\/fr\/wp-json\/wp\/v2\/comments?post=282069"}],"version-history":[{"count":0,"href":"https:\/\/www.europesays.com\/fr\/wp-json\/wp\/v2\/posts\/282069\/revisions"}],"wp:featuredmedia":[{"embeddable":true,"href":"https:\/\/www.europesays.com\/fr\/wp-json\/wp\/v2\/media\/282070"}],"wp:attachment":[{"href":"https:\/\/www.europesays.com\/fr\/wp-json\/wp\/v2\/media?parent=282069"}],"wp:term":[{"taxonomy":"category","embeddable":true,"href":"https:\/\/www.europesays.com\/fr\/wp-json\/wp\/v2\/categories?post=282069"},{"taxonomy":"post_tag","embeddable":true,"href":"https:\/\/www.europesays.com\/fr\/wp-json\/wp\/v2\/tags?post=282069"}],"curies":[{"name":"wp","href":"https:\/\/api.w.org\/{rel}","templated":true}]}}