{"id":282072,"date":"2025-07-29T14:27:10","date_gmt":"2025-07-29T14:27:10","guid":{"rendered":"https:\/\/www.europesays.com\/fr\/282072\/"},"modified":"2025-07-29T14:27:10","modified_gmt":"2025-07-29T14:27:10","slug":"la-f1-et-le-motogp-partageront-la-technologie-pas-le-public","status":"publish","type":"post","link":"https:\/\/www.europesays.com\/fr\/282072\/","title":{"rendered":"La F1 et le MotoGP partageront la technologie, pas le public"},"content":{"rendered":"<p class=\"mt-5\">Stefano Domenicali, le PDG de la Formule 1, affirme que le rachat du MotoGP par Liberty Media n\u2019opposera pas les deux championnats, mais leur permettra au contraire de b\u00e9n\u00e9ficier d\u2019une technologie et d\u2019une expertise communes.<\/p>\n<p class=\"mt-5\">Lors du GP de Belgique \u00e0 Spa-Francorchamps, Domenicali a donn\u00e9 un aper\u00e7u des projets de Liberty apr\u00e8s la fusion, apr\u00e8s que la Commission europ\u00e9enne a autoris\u00e9 l\u2019acquisition de Dorna Sports pour 4,2 milliards d\u2019euros plus t\u00f4t ce mois-ci.<\/p>\n<p class=\"mt-5\">\u00ab\u00a0Il y a quelques jours, j\u2019\u00e9tais \u00e0 Madrid avec les actionnaires et les dirigeants de Dorna pour discuter des questions \u00e0 traiter. Les deux unit\u00e9s commerciales resteront distinctes, tout comme les dirigeants qui les dirigent.\u00a0\u00bb<\/p>\n<p class=\"mt-5\">\u00ab\u00a0Cependant, nous nous organiserons pour que la F1 puisse fournir technologies et expertise, et vice versa.\u00a0\u00bb<\/p>\n<p class=\"mt-5\">Malgr\u00e9 les inqui\u00e9tudes de l\u2019UE, les r\u00e9gulateurs n\u2019ont constat\u00e9 aucun risque concurrentiel majeur. Domenicali est convaincu que les deux entit\u00e9s peuvent prosp\u00e9rer ind\u00e9pendamment.<\/p>\n<p class=\"mt-5\">\u00ab\u00a0Ce sont des univers similaires mais compl\u00e9mentaires\u00a0; nous ne nous marchons pas sur les pieds. Tant pour les fans que pour les domaines de d\u00e9veloppement. Nous avons pr\u00e9vu des synergies.\u00a0\u00bb<\/p>\n<p class=\"mt-5\">\u00ab\u00a0Nous commencerons \u00e0 travailler dessus \u00e0 la fin de l\u2019\u00e9t\u00e9. Ils donneront un nouvel \u00e9lan aux motos, au b\u00e9n\u00e9fice de tous. Liberty a r\u00e9alis\u00e9 un investissement important et a des id\u00e9es claires.\u00a0\u00bb<\/p>\n<p class=\"mt-5\">Alors que la F1 poursuit son expansion aux \u00c9tats-Unis, Domenicali a d\u00e9clar\u00e9 que le MotoGP conserverait une orientation plus large.<\/p>\n<p class=\"mt-5\">\u00ab\u00a0L\u2019Am\u00e9rique est importante, mais l\u2019Extr\u00eame-Orient est crucial pour les deux-roues. Carmelo Ezpeleta et Carlos (son fils, ndlr) r\u00e9fl\u00e9chissent \u00e0 la cr\u00e9ation de packages commerciaux et \u00e0 la refonte de l\u2019aspect sportif. Les courses sont tr\u00e8s populaires malgr\u00e9 la domination d\u2019un seul pilote et d\u2019un seul constructeur.\u00a0\u00bb<\/p>\n<p class=\"mt-5\">Il a \u00e9galement rejet\u00e9 l\u2019id\u00e9e que le MotoGP suive simplement le mod\u00e8le de la F1, m\u00eame si des parall\u00e8les sont attendus.<\/p>\n<p class=\"mt-5\">\u00ab\u00a0Le public de la F1 est compos\u00e9 \u00e0 pr\u00e8s de 50\u00a0% de femmes et tr\u00e8s jeune. Je suis le moins susceptible de comprendre les go\u00fbts de la g\u00e9n\u00e9ration Z, n\u2019\u00e9tant pr\u00e9sent sur aucun r\u00e9seau social. Mais je comprends l\u2019orientation des strat\u00e9gies de communication et d\u2019engagement. Avec Netflix et maintenant le film, l\u2019\u00e2ge moyen a consid\u00e9rablement baiss\u00e9.\u00a0\u00bb<\/p>\n<p class=\"mt-5\">Ce film F1, avec Brad Pitt et aussi appr\u00e9ci\u00e9 des puristes, a d\u00e9pass\u00e9 les attentes, tant sur le plan commercial que technique.<\/p>\n<p class=\"mt-5\">\u00ab\u00a0J\u2019\u00e9tais s\u00fbr que le film serait un succ\u00e8s aux \u00c9tats-Unis. Mais j\u2019ai \u00e9t\u00e9 impressionn\u00e9 par le box-office europ\u00e9en. Apple a exp\u00e9riment\u00e9 et pourrait \u00eatre un partenaire important pour de futurs projets. Mais je ne veux pas en dire ou en faire trop.\u00a0\u00bb<\/p>\n","protected":false},"excerpt":{"rendered":"Stefano Domenicali, le PDG de la Formule 1, affirme que le rachat du MotoGP par Liberty Media n\u2019opposera&hellip;\n","protected":false},"author":2,"featured_media":282073,"comment_status":"","ping_status":"","sticky":false,"template":"","format":"standard","meta":{"footnotes":""},"categories":[1413],"tags":[1011,27,1457,1456,60],"class_list":{"0":"post-282072","1":"post","2":"type-post","3":"status-publish","4":"format-standard","5":"has-post-thumbnail","7":"category-moto","8":"tag-fr","9":"tag-france","10":"tag-moto","11":"tag-motocycle","12":"tag-sports"},"share_on_mastodon":{"url":"https:\/\/pubeurope.com\/@fr\/114936993752944511","error":""},"_links":{"self":[{"href":"https:\/\/www.europesays.com\/fr\/wp-json\/wp\/v2\/posts\/282072","targetHints":{"allow":["GET"]}}],"collection":[{"href":"https:\/\/www.europesays.com\/fr\/wp-json\/wp\/v2\/posts"}],"about":[{"href":"https:\/\/www.europesays.com\/fr\/wp-json\/wp\/v2\/types\/post"}],"author":[{"embeddable":true,"href":"https:\/\/www.europesays.com\/fr\/wp-json\/wp\/v2\/users\/2"}],"replies":[{"embeddable":true,"href":"https:\/\/www.europesays.com\/fr\/wp-json\/wp\/v2\/comments?post=282072"}],"version-history":[{"count":0,"href":"https:\/\/www.europesays.com\/fr\/wp-json\/wp\/v2\/posts\/282072\/revisions"}],"wp:featuredmedia":[{"embeddable":true,"href":"https:\/\/www.europesays.com\/fr\/wp-json\/wp\/v2\/media\/282073"}],"wp:attachment":[{"href":"https:\/\/www.europesays.com\/fr\/wp-json\/wp\/v2\/media?parent=282072"}],"wp:term":[{"taxonomy":"category","embeddable":true,"href":"https:\/\/www.europesays.com\/fr\/wp-json\/wp\/v2\/categories?post=282072"},{"taxonomy":"post_tag","embeddable":true,"href":"https:\/\/www.europesays.com\/fr\/wp-json\/wp\/v2\/tags?post=282072"}],"curies":[{"name":"wp","href":"https:\/\/api.w.org\/{rel}","templated":true}]}}