{"id":282074,"date":"2025-07-29T14:28:10","date_gmt":"2025-07-29T14:28:10","guid":{"rendered":"https:\/\/www.europesays.com\/fr\/282074\/"},"modified":"2025-07-29T14:28:10","modified_gmt":"2025-07-29T14:28:10","slug":"notre-objectif-est-dobtenir-une-place-sur-le-calendrier-la-turquie-ambitionne-a-nouveau-daccueillir-un-grand-prix","status":"publish","type":"post","link":"https:\/\/www.europesays.com\/fr\/282074\/","title":{"rendered":"\u00abNotre objectif est d\u2019obtenir une place sur le calendrier\u00bb, la Turquie ambitionne \u00e0 nouveau d\u2019accueillir un Grand Prix"},"content":{"rendered":"<p>Eren Uclertopragi, pr\u00e9sident de la f\u00e9d\u00e9ration turque des sports automobiles, esp\u00e8re \u00abfaire revenir la Turquie dans le calendrier de la Formule 1 avec un accord permanent et \u00e0 long terme\u00bb.<\/p>\n<p class=\"fig-paragraph\">Et si le\u00a0<a href=\"https:\/\/www.lefigaro.fr\/sports\/formule-1\/en-direct-formule-1-suivez-le-grand-prix-de-belgique-a-spa-francorchamps-20250727\" data-fig-type=\"Live\" data-gtm-custom-categorie=\"navigation\" data-gtm-custom-action=\"crossclick\" data-gtm-custom-label=\"Contextuel\" data-gtm-event=\"customEventSPE\" data-fig-domain=\"LEFIGARO\" target=\"_blank\" rel=\"noopener\">Grand Prix<\/a>\u00a0de Turquie refaisait bient\u00f4t son apparition au\u00a0<a href=\"http:\/\/www.lefigaro.fr\/sports\/formule-1\/f1-le-gp-du-canada-inscrit-au-calendrier-jusqu-en-2035-20250618\" data-fig-type=\"NewsFlash\" data-gtm-custom-categorie=\"navigation\" data-gtm-custom-action=\"crossclick\" data-gtm-custom-label=\"Contextuel\" data-gtm-event=\"customEventSPE\" data-fig-domain=\"LEFIGARO\" target=\"_blank\" rel=\"noopener\">calendrier de la F1\u00a0<\/a>? C\u2019est en tout cas ce que d\u00e9sire Eren Uclertopragi, le pr\u00e9sident de la TOSFED (la f\u00e9d\u00e9ration turque des sports automobiles)\u00a0: \u00able gouvernement est fermement engag\u00e9 \u00e0 faire revenir la Turquie dans le calendrier de la Formule 1 avec un accord permanent et \u00e0 long terme\u00bb, a-t-il assur\u00e9.<\/p>\n<p class=\"fig-paragraph\">Uclertopragi souhaite d\u2019abord que l\u2019Istanbul Park soit le premier choix de repli en cas d\u2019annulation d\u2019une course avant \u00abd\u2019obtenir une place sur le calendrier via un contrat \u00e0 long terme\u00bb. Le pr\u00e9sident de la TOSFED a pr\u00e9cis\u00e9 au m\u00e9dia sp\u00e9cialis\u00e9 Motorsport que \u00abcontrairement \u00e0 la p\u00e9riode de pand\u00e9mie, nous ne voulons pas accueillir une course unique de remplacement\u00bb, r\u00e9it\u00e9rant ses ambitions.<\/p>\n<p>                                    <a class=\"fig-a11y-skip a11y-hidden\" href=\"#fig-a11y-skip-main-inarticle\"><br \/>\n        Passer la publicit\u00e9<br \/>\n    <\/a><\/p>\n<p>Un duel face \u00e0 la candidature tha\u00eflandaise en perspective<\/p>\n<p class=\"fig-paragraph\">Eren Uclertopragi a \u00e9voqu\u00e9 d\u2019autres arguments en sa faveur tout en r\u00e9futant un quelconque conflit avec les organisateurs d\u2019un autre Grand Prix\u00a0: \u00abnous ne cherchons pas \u00e0 entrer en concurrence avec un autre pays. La Turquie dispose toujours d\u2019un circuit populaire et unique, d\u2019une population de 85 millions d\u2019habitants, d\u2019un fort int\u00e9r\u00eat des jeunes pour le sport, d\u2019un march\u00e9 automobile de plus de 1,2 million de v\u00e9hicules vendus chaque ann\u00e9e, de nombreuses usines ou distributeurs des marques pr\u00e9sentes en F1, ainsi qu\u2019une position g\u00e9opolitique strat\u00e9gique\u00bb.<\/p>\n<p class=\"fig-paragraph\">Le potentiel futur Grand Prix de Turquie pourrait se tenir juste avant ou apr\u00e8s celui d\u2019Azerba\u00efdjan \u00e0 Bakou afin de continuer sur la voie de la r\u00e9gionalisation du calendrier. Motorsport rappelle que \u00able principal concurrent pour une nouvelle course reste la Tha\u00eflande, dont le gouvernement a engag\u00e9 1,2 milliard de dollars pour organiser un Grand Prix urbain \u00e0 Bangkok \u00e0 partir de 2028\u00bb.\u00a0<\/p>\n","protected":false},"excerpt":{"rendered":"Eren Uclertopragi, pr\u00e9sident de la f\u00e9d\u00e9ration turque des sports automobiles, esp\u00e8re \u00abfaire revenir la Turquie dans le calendrier&hellip;\n","protected":false},"author":2,"featured_media":282075,"comment_status":"","ping_status":"","sticky":false,"template":"","format":"standard","meta":{"footnotes":""},"categories":[1412],"tags":[1451,1452,1453,1454,1455,1011,27,1982,5886,60,3496],"class_list":{"0":"post-282074","1":"post","2":"type-post","3":"status-publish","4":"format-standard","5":"has-post-thumbnail","7":"category-f1","8":"tag-f1","9":"tag-formula-1","10":"tag-formula1","11":"tag-formule-1","12":"tag-formule1","13":"tag-fr","14":"tag-france","15":"tag-grand-prix","16":"tag-istanbul","17":"tag-sports","18":"tag-turquie"},"share_on_mastodon":{"url":"https:\/\/pubeurope.com\/@fr\/114936997655485938","error":""},"_links":{"self":[{"href":"https:\/\/www.europesays.com\/fr\/wp-json\/wp\/v2\/posts\/282074","targetHints":{"allow":["GET"]}}],"collection":[{"href":"https:\/\/www.europesays.com\/fr\/wp-json\/wp\/v2\/posts"}],"about":[{"href":"https:\/\/www.europesays.com\/fr\/wp-json\/wp\/v2\/types\/post"}],"author":[{"embeddable":true,"href":"https:\/\/www.europesays.com\/fr\/wp-json\/wp\/v2\/users\/2"}],"replies":[{"embeddable":true,"href":"https:\/\/www.europesays.com\/fr\/wp-json\/wp\/v2\/comments?post=282074"}],"version-history":[{"count":0,"href":"https:\/\/www.europesays.com\/fr\/wp-json\/wp\/v2\/posts\/282074\/revisions"}],"wp:featuredmedia":[{"embeddable":true,"href":"https:\/\/www.europesays.com\/fr\/wp-json\/wp\/v2\/media\/282075"}],"wp:attachment":[{"href":"https:\/\/www.europesays.com\/fr\/wp-json\/wp\/v2\/media?parent=282074"}],"wp:term":[{"taxonomy":"category","embeddable":true,"href":"https:\/\/www.europesays.com\/fr\/wp-json\/wp\/v2\/categories?post=282074"},{"taxonomy":"post_tag","embeddable":true,"href":"https:\/\/www.europesays.com\/fr\/wp-json\/wp\/v2\/tags?post=282074"}],"curies":[{"name":"wp","href":"https:\/\/api.w.org\/{rel}","templated":true}]}}