{"id":282082,"date":"2025-07-29T14:32:11","date_gmt":"2025-07-29T14:32:11","guid":{"rendered":"https:\/\/www.europesays.com\/fr\/282082\/"},"modified":"2025-07-29T14:32:11","modified_gmt":"2025-07-29T14:32:11","slug":"une-entree-a-louest-du-louvre-doit-etre-etudiee-et-non-censuree-au-nom-dune-hypothetique-reconstruction-du-palais-des-tuileries","status":"publish","type":"post","link":"https:\/\/www.europesays.com\/fr\/282082\/","title":{"rendered":"\u00ab\u00a0Une entr\u00e9e \u00e0 l\u2019ouest du Louvre doit \u00eatre \u00e9tudi\u00e9e et non censur\u00e9e au nom d\u2019une hypoth\u00e9tique reconstruction du Palais des Tuileries\u00a0\u00bb"},"content":{"rendered":"\n<p class=\"article__paragraph  \">Depuis la destruction des ruines du palais des Tuileries par la IIIe\u00a0R\u00e9publique, en\u00a01883, le Mus\u00e9e du Louvre b\u00e9n\u00e9ficie d\u2019un d\u00e9gagement unique sur l\u2019axe historique qui va des Tuileries \u00e0 l\u2019Arc de triomphe, en passant par la place de la Concorde et les Champs-Elys\u00e9es. Ce vide, longtemps per\u00e7u comme une blessure, est aujourd\u2019hui une chance. Il offre une transition harmonieuse entre jardin, patrimoine et lumi\u00e8re. Il cr\u00e9e un appel d\u2019air visuel et symbolique. Il invite \u00e0 penser une autre mani\u00e8re d\u2019entrer dans le Louvre\u00a0: non par la compression des foules sous la pyramide, ni par une entr\u00e9e de service lat\u00e9rale, mais par un accueil majestueux et fluide, dans le grand axe r\u00e9publicain. Car une \u00e9vidence s\u2019impose\u00a0: le Louvre regarde aussi vers l\u2019ouest. Or, cette \u00e9vidence semble frapp\u00e9e d\u2019amn\u00e9sie.<\/p>\n<p class=\"article__paragraph  \">Le 27\u00a0juin, un concours international d\u2019architecture a \u00e9t\u00e9 lanc\u00e9<strong> <\/strong>pour en reconfigurer les acc\u00e8s. Le programme, tel qu\u2019annonc\u00e9, pr\u00e9voit la cr\u00e9ation d\u2019une nouvelle entr\u00e9e monumentale \u00e0 l\u2019est du palais, sous la colonnade de Perrault, non loin de l\u2019\u00e9glise Saint-Germain-l\u2019Auxerrois. Or ce choix suscite de nombreuses objections, patrimoniales, symboliques, urbaines et pratiques.<\/p>\n<p class=\"article__paragraph  \">Car pourquoi l\u2019option ouest n\u2019est-elle pas envisag\u00e9e dans le cadre du concours\u00a0? Pourquoi tant de discr\u00e9tion autour d\u2019un espace pourtant si propice\u00a0? Pourquoi ce refoulement\u00a0? Devant ces questions, une hypoth\u00e8se s\u2019impose, embarrassante mais cr\u00e9dible\u00a0: l\u2019ouest du Louvre serait aujourd\u2019hui verrouill\u00e9 par un tabou architectural, celui d\u2019un retour possible \u2013 voire fantasm\u00e9 \u2013 du palais des Tuileries.<\/p>\n<p>           Nier l\u2019histoire           <\/p>\n<p class=\"article__paragraph  \">Depuis plusieurs d\u00e9cennies, des voix s\u2019\u00e9l\u00e8vent pour en r\u00e9clamer la reconstruction \u00e0 l\u2019identique. Elles \u00e9manent du Comit\u00e9 national pour la reconstruction des Tuileries, cr\u00e9\u00e9 en\u00a02002, de figures comme l\u2019acad\u00e9micien Maurice Druon (1918-2009) ou <a href=\"https:\/\/www.academiedesbeauxarts.fr\/sites\/default\/files\/inline-files\/Boumier.pdf\" target=\"_blank\" rel=\"noopener nofollow\" title=\"Nouvelle fen\u00eatre\">Alain Boumier (1937-2009,<\/a> pr\u00e9sident de l\u2019Acad\u00e9mie du Second Empire) et de cercles traditionalistes, nostalgiques d\u2019un Ancien R\u00e9gime id\u00e9alis\u00e9. La monarchie, les fastes imp\u00e9riaux, les beaux ordres de l\u2019architecture classique sont invoqu\u00e9s comme autant d\u2019arguments pour reconstituer le \u00ab\u00a0chef-d\u2019\u0153uvre\u00a0\u00bb de Philibert Delorme. M\u00eame le g\u00e9n\u00e9ral de Gaulle, dit-on, aurait confi\u00e9 une \u00e9tude sur le sujet \u00e0 <a href=\"https:\/\/archiwebture.citedelarchitecture.fr\/ark:\/43435\/893542\" target=\"_blank\" rel=\"noopener nofollow\" title=\"Nouvelle fen\u00eatre\">l\u2019architecte Henry Bernard<\/a> (auteur de la Maison de la radio).<\/p>\n<p class=\"reading-mode-only \"><strong>Il vous reste 42.15% de cet article \u00e0 lire. La suite est r\u00e9serv\u00e9e aux abonn\u00e9s.<\/strong><\/p>\n","protected":false},"excerpt":{"rendered":"Depuis la destruction des ruines du palais des Tuileries par la IIIe\u00a0R\u00e9publique, en\u00a01883, le Mus\u00e9e du Louvre b\u00e9n\u00e9ficie&hellip;\n","protected":false},"author":2,"featured_media":282083,"comment_status":"","ping_status":"","sticky":false,"template":"","format":"standard","meta":{"footnotes":""},"categories":[1358],"tags":[1348,1384,1385,1386,58,59,1011,27],"class_list":{"0":"post-282082","1":"post","2":"type-post","3":"status-publish","4":"format-standard","5":"has-post-thumbnail","7":"category-arts-et-design","8":"tag-arts","9":"tag-arts-and-design","10":"tag-arts-et-design","11":"tag-design","12":"tag-divertissement","13":"tag-entertainment","14":"tag-fr","15":"tag-france"},"share_on_mastodon":{"url":"https:\/\/pubeurope.com\/@fr\/114937013567263634","error":""},"_links":{"self":[{"href":"https:\/\/www.europesays.com\/fr\/wp-json\/wp\/v2\/posts\/282082","targetHints":{"allow":["GET"]}}],"collection":[{"href":"https:\/\/www.europesays.com\/fr\/wp-json\/wp\/v2\/posts"}],"about":[{"href":"https:\/\/www.europesays.com\/fr\/wp-json\/wp\/v2\/types\/post"}],"author":[{"embeddable":true,"href":"https:\/\/www.europesays.com\/fr\/wp-json\/wp\/v2\/users\/2"}],"replies":[{"embeddable":true,"href":"https:\/\/www.europesays.com\/fr\/wp-json\/wp\/v2\/comments?post=282082"}],"version-history":[{"count":0,"href":"https:\/\/www.europesays.com\/fr\/wp-json\/wp\/v2\/posts\/282082\/revisions"}],"wp:featuredmedia":[{"embeddable":true,"href":"https:\/\/www.europesays.com\/fr\/wp-json\/wp\/v2\/media\/282083"}],"wp:attachment":[{"href":"https:\/\/www.europesays.com\/fr\/wp-json\/wp\/v2\/media?parent=282082"}],"wp:term":[{"taxonomy":"category","embeddable":true,"href":"https:\/\/www.europesays.com\/fr\/wp-json\/wp\/v2\/categories?post=282082"},{"taxonomy":"post_tag","embeddable":true,"href":"https:\/\/www.europesays.com\/fr\/wp-json\/wp\/v2\/tags?post=282082"}],"curies":[{"name":"wp","href":"https:\/\/api.w.org\/{rel}","templated":true}]}}