{"id":282084,"date":"2025-07-29T14:33:29","date_gmt":"2025-07-29T14:33:29","guid":{"rendered":"https:\/\/www.europesays.com\/fr\/282084\/"},"modified":"2025-07-29T14:33:29","modified_gmt":"2025-07-29T14:33:29","slug":"a-melun-michele-81-ans-est-toujours-libraire-et-compte-le-rester","status":"publish","type":"post","link":"https:\/\/www.europesays.com\/fr\/282084\/","title":{"rendered":"\u00e0 Melun, Mich\u00e8le, 81 ans, est toujours libraire et compte le rester"},"content":{"rendered":"<p>            Par<br \/>\n        <strong><br \/>\n            <a href=\"https:\/\/actu.fr\/auteur\/paul-varenguin02-actu-fr\" title=\"Consulter tous les articles de Paul Varenguin\" target=\"_blank\" rel=\"noopener\">Paul Varenguin<\/a><br \/>\n        <\/strong><\/p>\n<p>        Publi\u00e9 le<\/p>\n<p>            29 juil. 2025 \u00e0 12h13        <\/p>\n<p>C\u2019est de l\u2019encre qui coule dans les veines de cette <b>passionn\u00e9e<\/b>. Malgr\u00e9 ses 81 printemps, <b>Mich\u00e8le Bailly<\/b> continue de conseiller les <a href=\"https:\/\/actu.fr\/tag\/livres\" target=\"_blank\" rel=\"noopener\">livres<\/a> \u00e0 l\u2019\u00e9tage de la <a href=\"https:\/\/actu.fr\/ile-de-france\/melun_77288\/seine-marne-travaux-le-demenagement-la-fnac-melun-doivent-debuter-fin-2019_22942305.html\" target=\"_blank\" rel=\"noopener\">Fnac<\/a> de <a href=\"https:\/\/actu.fr\/ile-de-france\/melun_77288\" target=\"_blank\" rel=\"noopener\">Melun<\/a> (<a href=\"https:\/\/actu.fr\/ile-de-france\/seine-et-marne_77\" target=\"_blank\" rel=\"noopener\">Seine-et-Marne<\/a>). Le<b> sourire greff\u00e9 aux l\u00e8vres<\/b> et l\u2019\u00e9charpe d\u00e9licatement enroul\u00e9e autour du cou, elle <b>raconte ces d\u00e9cennies<\/b> de travail dans l\u2019univers du papier.<\/p>\n<p>Une longue carri\u00e8re<\/p>\n<p class=\" wall-content\">\u00ab Il n\u2019y a <b>rien d\u2019extraordinaire<\/b>\u2026 \u00bb Mich\u00e8le Bailly est <b>bien modeste<\/b> \u00e0 l\u2019\u00e9vocation de son parcours qui n\u2019a pourtant rien de classique.<\/p>\n<p class=\" wall-content\">Et pour cause. Cela <b>fait 63\u00a0ans qu\u2019elle travaille<\/b>, ce qui fait d\u2019elle la <b>doyenne des salari\u00e9s de la Fnac<\/b>.<\/p>\n<p class=\" wall-content\">Elle le confesse, son histoire avec les livres est bien plus ancienne. D\u2019ailleurs, c\u2019est plus ou moins au royaume du papier imprim\u00e9 qu\u2019elle na\u00eet. \u00ab Mes parents et ma grand-m\u00e8re \u00e9taient libraires. C\u2019est elle qui l\u2019a cr\u00e9\u00e9e, <b>en 1934<\/b>. Mon grand-p\u00e8re, lui, \u00e9tait imprimeur \u00bb, se souvient-elle.<\/p>\n<p class=\" wall-content\">Alors, au moment <b>de d\u00e9cider de son m\u00e9tier<\/b>, le choix de la librairie tombait sous le sens, et cette <b>amoureuse du livre<\/b> ressort parmi les <b>premi\u00e8res dipl\u00f4m\u00e9es de l\u2019\u00c9cole nationale de la librairie<\/b>.<\/p>\n<p class=\" wall-content\">Elle travaille dans l\u2019<b>entreprise familiale<\/b>, avant de cr\u00e9er sa propre librairie, Le temps retrouv\u00e9. Certainement un clin d\u2019\u0153il \u00e0 <a href=\"https:\/\/actu.fr\/tag\/marcel-proust\" target=\"_blank\" rel=\"noopener\">Marcel Proust<\/a> pour celle qui d\u00e9vore les livres.<\/p>\n<p class=\" wall-content\">Pour des raisons personnelles, elle rejoint ensuite une autre librairie, et participe au lancement de la Fnac, <b>en 2012<\/b>. Elle a alors 68\u00a0ans.<\/p>\n<p class=\" wall-content\">\u00c0 l\u2019heure o\u00f9 sonnent les cloches de la retraite, Mich\u00e8le Bailly <b>ne se pose pas de question<\/b> : elle continue. Inlassablement. \u00ab D\u2019ailleurs, parfois on me demande <b>\u00a0\u00bbtu veux aller jusqu\u2019\u00e0 quel \u00e2ge ?\u00a0\u00bb<\/b>. Je r\u00e9ponds que je ne sais pas, ce m\u00e9tier est une <b>vraie passion <\/b>\u00bb, sourit celle qui travaille \u00e0 temps partiel.<\/p>\n<p class=\" wall-content\">Commence alors une nouvelle aventure, qu\u2019elle qualifie volontiers \u00ab <b>d\u2019extraordinaire<\/b> \u00bb. <b>Gestion des stocks<\/b>, nouveaut\u00e9s, logiciels\u2026 C\u2019est un nouveau monde qui s\u2019ouvre \u00e0 elle, et son exp\u00e9rience est la bienvenue. \u00ab Elle a <b>beaucoup de hauteur sur son m\u00e9tier<\/b>, et c\u2019est tr\u00e8s enrichissant de travailler avec elle. On en apprend tous les jours \u00bb, confirme son responsable, <a href=\"https:\/\/actu.fr\/ile-de-france\/melun_77288\/harry-potter-en-seine-et-marne-objets-de-tournage-soiree-speciale-la-saga-inspire-une-exposition-a-melun_62161202.html\" target=\"_blank\" rel=\"noopener\">Quentin Valverde<\/a>, le directeur de la Fnac de Melun.<\/p>\n<p class=\" wall-content\">Elle apprend de ses coll\u00e8gues, et leur apporte \u00e9galement beaucoup. Il n\u2019y a qu\u2019\u00e0 les voir ensemble pour voir qu\u2019<b>il y a une bonne entente<\/b>. Il faut dire que la transmission, Mich\u00e8le Bailly conna\u00eet. Elle va m\u00eame dans les lyc\u00e9es, comme l\u2019an pass\u00e9 \u00e0 <a href=\"https:\/\/actu.fr\/ile-de-france\/fontainebleau_77186\" target=\"_blank\" rel=\"noopener\">Fontainebleau<\/a>, pour <b>parler du m\u00e9tier aux \u00e9l\u00e8ves<\/b>. Avec eux, elle a travaill\u00e9 sur le <a href=\"https:\/\/actu.fr\/loisirs-culture\/litterature-savez-vous-qui-est-a-l-origine-du-prix-goncourt_54685597.html\" target=\"_blank\" rel=\"noopener\">Goncourt des lyc\u00e9ens<\/a>.<\/p>\n<p>Un lien au client<\/p>\n<p class=\" wall-content\">Une passion ? Une <a href=\"https:\/\/actu.fr\/tag\/drogue\" target=\"_blank\" rel=\"noopener\">drogue<\/a> ? Un art de vivre ? On ne sait trop comment qualifier l\u2019amour de Mich\u00e8le Bailly pour son m\u00e9tier. Ce qui est certain, c\u2019est qu\u2019humainement,<b> ce travail lui apporte beaucoup<\/b> et puis \u00ab les livres sont un <b>besoin physique<\/b> \u00bb. \u00ab On est un <b>magasin de proximit\u00e9<\/b>, en c\u0153ur de ville. Certains passent seulement pour nous dire bonjour, et les clients nous rendent curieux, c\u2019est un chemin que l\u2019on fait nous-m\u00eames. <b>\u00catre libraire<\/b>, c\u2019est aussi \u00eatre un peu psychologue, pour <b>comprendre ce que peut aimer le client<\/b>, aller au-devant de lui\u2026 \u00bb, estime-t-elle.<\/p>\n<p class=\" wall-content\">Apr\u00e8s tant d\u2019ann\u00e9es pass\u00e9es entre les livres, Mich\u00e8le Bailly a vu passer les modes, mais <b>elle remarque que les jeunes sont toujours l\u00e0<\/b>, malgr\u00e9 ce qu\u2019on pourrait penser. \u00ab \u00c0 certaines heures, l\u2019\u00e9tage est plein ! Et <b>on voit les jeunes repartir avec des livres<\/b> \u00bb, affirme-t-elle. \u00ab Certains ne viennent m\u00eame que pour elle ! \u00bb, confie son responsable. Il faut dire qu\u2019elle parvient \u00e0 nouer un lien particulier avec ce public, et qu\u2019elle a <b>\u00e0 c\u0153ur d\u2019\u00eatre p\u00e9dagogue<\/b>. Il en va ainsi de ce souvenir, qu\u2019elle raconte avec le sourire, d\u2019un adolescent un peu d\u00e9pit\u00e9 \u00e0<b> l\u2019id\u00e9e d\u2019acheter un classique pour les cours<\/b>. \u00ab Il \u00e9tait un peu d\u00e9sesp\u00e9r\u00e9\u2026 Je lui ai expliqu\u00e9 l\u2019int\u00e9r\u00eat de lire \u00e7a, je lui ai parl\u00e9 du livre, et il est revenu pour me dire que, finalement, \u00e7a allait \u00bb, se rem\u00e9more-t-elle.<\/p>\n<p class=\" wall-content\">Ce qui fonctionne aujourd\u2019hui ? La <b>romance<\/b> ou encore le <a href=\"https:\/\/actu.fr\/tag\/manga\" target=\"_blank\" rel=\"noopener\">manga<\/a>, entre autres. Des genres qui n\u2019existaient pas forc\u00e9ment quand elle a commenc\u00e9 dans le m\u00e9tier, mais n\u2019allez pas croire que Mich\u00e8le Bailly vit dans les vieux papiers : <b>elle est \u00e0 la page !<\/b> \u00ab Je lis beaucoup, surtout le soir, et de tout. J\u2019ai m\u00eame lu des <a href=\"https:\/\/actu.fr\/loisirs-culture\/one-piece-mauvaise-nouvelle-pour-les-fans-le-celebre-anime-tire-du-manga-va-faire-une-grosse-pause_61732899.html\" target=\"_blank\" rel=\"noopener\">One peace<\/a> \u00bb, souligne-t-elle. Parmi ses lectures coups de c\u0153ur, plus ou moins r\u00e9centes, on retrouve <a href=\"https:\/\/www.google.com\/search?q=Patrick+Modiano+actu.fr&amp;rlz=1C1GCEA_enFR1078FR1078&amp;oq=Patrick+Modiano+actu.fr&amp;gs_lcrp=EgZjaHJvbWUyBggAEEUYOTIKCAEQABiABBiiBDIHCAIQABjvBTIKCAMQABiABBiiBDIHCAQQABjvBTIHCAUQABjvBdIBCDM1MThqMGo0qAIAsAIA&amp;sourceid=chrome&amp;ie=UTF-8\" target=\"_blank\" rel=\"noopener\">Modiano<\/a> ou Guyard. Il y a peu, elle a lu Cabane, d\u2019<b>Abel Quentin<\/b>, qu\u2019elle a \u00ab beaucoup aim\u00e9 \u00bb.<\/p>\n<p class=\" wall-content\">Celle qui entrevoit d\u00e9j\u00e0 une \u00ab <b>bonne rentr\u00e9e litt\u00e9raire<\/b> \u00bb a h\u00e2te de conna\u00eetre ce qu\u2019elle pr\u00e9sentera sur ses \u00e9tag\u00e8res dans quelques semaines, et de <b>partager ses coups de c\u0153ur avec les clients<\/b>. L\u2019\u00e9criture d\u2019une nouvelle page dans sa carri\u00e8re\u2026<\/p>\n<p class=\" wall-content\">Suivez toute l\u2019actualit\u00e9 de vos villes et m\u00e9dias favoris en vous inscrivant \u00e0 <a href=\"https:\/\/moncompte.actu.fr\" title=\"D\u00e9couvez Mon Actu\" rel=\"nofollow noopener\" data-trk=\"{&quot;cta&quot;:{&quot;action&quot;:&quot;https:\\\/\\\/moncompte.actu.fr&quot;,&quot;category&quot;:&quot;mon compte&quot;,&quot;from&quot;:&quot;article footer&quot;,&quot;name&quot;:&quot;Mon actu&quot;,&quot;type&quot;:&quot;cta&quot;}}\" target=\"_blank\">Mon Actu<\/a>.<\/p>\n","protected":false},"excerpt":{"rendered":"Par Paul Varenguin Publi\u00e9 le 29 juil. 2025 \u00e0 12h13 C\u2019est de l\u2019encre qui coule dans les veines&hellip;\n","protected":false},"author":2,"featured_media":282085,"comment_status":"","ping_status":"","sticky":false,"template":"","format":"standard","meta":{"footnotes":""},"categories":[1357],"tags":[1379,58,59,1011,27,1380,9026,104],"class_list":{"0":"post-282084","1":"post","2":"type-post","3":"status-publish","4":"format-standard","5":"has-post-thumbnail","7":"category-livres","8":"tag-books","9":"tag-divertissement","10":"tag-entertainment","11":"tag-fr","12":"tag-france","13":"tag-livres","14":"tag-portrait","15":"tag-societe"},"share_on_mastodon":{"url":"https:\/\/pubeurope.com\/@fr\/114937017485617975","error":""},"_links":{"self":[{"href":"https:\/\/www.europesays.com\/fr\/wp-json\/wp\/v2\/posts\/282084","targetHints":{"allow":["GET"]}}],"collection":[{"href":"https:\/\/www.europesays.com\/fr\/wp-json\/wp\/v2\/posts"}],"about":[{"href":"https:\/\/www.europesays.com\/fr\/wp-json\/wp\/v2\/types\/post"}],"author":[{"embeddable":true,"href":"https:\/\/www.europesays.com\/fr\/wp-json\/wp\/v2\/users\/2"}],"replies":[{"embeddable":true,"href":"https:\/\/www.europesays.com\/fr\/wp-json\/wp\/v2\/comments?post=282084"}],"version-history":[{"count":0,"href":"https:\/\/www.europesays.com\/fr\/wp-json\/wp\/v2\/posts\/282084\/revisions"}],"wp:featuredmedia":[{"embeddable":true,"href":"https:\/\/www.europesays.com\/fr\/wp-json\/wp\/v2\/media\/282085"}],"wp:attachment":[{"href":"https:\/\/www.europesays.com\/fr\/wp-json\/wp\/v2\/media?parent=282084"}],"wp:term":[{"taxonomy":"category","embeddable":true,"href":"https:\/\/www.europesays.com\/fr\/wp-json\/wp\/v2\/categories?post=282084"},{"taxonomy":"post_tag","embeddable":true,"href":"https:\/\/www.europesays.com\/fr\/wp-json\/wp\/v2\/tags?post=282084"}],"curies":[{"name":"wp","href":"https:\/\/api.w.org\/{rel}","templated":true}]}}