{"id":282096,"date":"2025-07-29T14:39:13","date_gmt":"2025-07-29T14:39:13","guid":{"rendered":"https:\/\/www.europesays.com\/fr\/282096\/"},"modified":"2025-07-29T14:39:13","modified_gmt":"2025-07-29T14:39:13","slug":"evelyne-dheliat-77-ans-sur-son-depart-a-la-retraite-ca-ne-depend-pas-que-de-moi","status":"publish","type":"post","link":"https:\/\/www.europesays.com\/fr\/282096\/","title":{"rendered":"\u00c9velyne Dh\u00e9liat, 77 ans, sur son d\u00e9part \u00e0 la retraite\u00a0: \u00ab\u00a0\u00c7a ne d\u00e9pend pas que de moi\u00a0\u00bb"},"content":{"rendered":"<p class=\"ap-StoryElement ap-StoryElement--mb js-paywall-target ap-StoryText\">Ce n&rsquo;est qu&rsquo;\u00e0 partir de 1991 qu&rsquo;elle a pr\u00e9sent\u00e9 la m\u00e9t\u00e9o. Une activit\u00e9 qu&rsquo;elle partage d\u00e9sormais en alternance avec Tatiana Silva, Louis Bodin et, parfois, Daniela Prepeliuc. Elle est aussi la directrice du service m\u00e9t\u00e9o de la cha\u00eene.<\/p>\n<p><img loading=\"lazy\" decoding=\"async\" class=\"w-full lazyload lazyload--opacity object-contain\" style=\"aspect-ratio:200 \/ 100;opacity:1\" alt=\"EVELYNE DHELIAT, LOUIS BODIN, TATIANA SILVA\" width=\"768\" height=\"384\" fetchpriority=\"auto\" src=\"https:\/\/www.europesays.com\/fr\/wp-content\/uploads\/2025\/04\/1743819792_235_S5VKD3X55FFF3BW6V4SEHXNP7I.png\"  data- data-optimumx=\"1\"\/>\u00c9velyne Dh\u00e9liat, Louis Bodin et Tatiana Silva, le trioo m\u00e9t\u00e9o de TF1.Le plus long CDI de la t\u00e9l\u00e9vision fran\u00e7aise<\/p>\n<p class=\"ap-StoryElement ap-StoryElement--mb ap-StoryText\">Aujourd&rsquo;hui \u00e2g\u00e9e de 77 ans, elle fait preuve d&rsquo;une long\u00e9vit\u00e9 exceptionnelle en t\u00e9l\u00e9vision. Elle a le CDI le plus ancien chez TF1. Elle reste fid\u00e8le \u00e0 son employeur depuis plus d&rsquo;un demi-si\u00e8cle ! C&rsquo;est m\u00eame, selon L\u00e9a Salam\u00e9, \u00ab\u00a0le plus long CDI de la t\u00e9l\u00e9vision fran\u00e7aise\u00a0\u00bb.<\/p>\n<p><a href=\"https:\/\/www.dhnet.be\/actu\/monde\/2025\/07\/02\/canicule-le-bulletin-meteo-fictif-develyne-dheliat-pour-2050-devient-realite-video-3WD75L7QDFGY7L6VBXYT5NOK3Q\/\" target=\"_blank\" rel=\"noopener noreferrer\" class=\"ap-StoryInterstitialLink ap-StoryElement ap-StoryElement--mb\">Canicule : le bulletin m\u00e9t\u00e9o fictif d&rsquo;Evelyne Dh\u00e9liat pour 2050 devient r\u00e9alit\u00e9 (VID\u00c9O)<\/a><\/p>\n<p class=\"ap-StoryElement ap-StoryElement--mb ap-StoryText\">\u00c0 la Une du magazine de nos confr\u00e8res de T\u00e9l\u00e9 7 jours, elle s&rsquo;est confi\u00e9e sur un \u00e9ventuel d\u00e9part \u00e0 la retraite alors qu&rsquo;elle est toujours bon pied bon \u0153il comme en attestent ses prestations \u00e0 l&rsquo;\u00e9cran et la vid\u00e9o post\u00e9e par le magazine sur ses r\u00e9seaux sociaux. \u00ab\u00a0\u00c7a ne d\u00e9pend pas que de moi, mais de la cha\u00eene et des t\u00e9l\u00e9spectateurs, dit-elle. J&rsquo;ai un bel \u00e9quilibre dans ma vie et j&rsquo;adore ce que je fais. Comme E.T., j&rsquo;aime \u00e0 dire que TF1 est ma maison ! J&rsquo;ai toujours travaill\u00e9 sur cette cha\u00eene, dans des conditions excellentes.\u00a0\u00bb<\/p>\n<p class=\"ap-StoryElement ap-StoryElement--mb ap-StoryText\">Du haut de ses 77 ans, tout le monde aura compris que la chef du service m\u00e9t\u00e9o de TF1 n&rsquo;a pas l&rsquo;intention de raccrocher dans l&rsquo;imm\u00e9diat.<\/p>\n<p>Copilote lors du Dakar 1984<\/p>\n<p class=\"ap-StoryElement ap-StoryElement--mb ap-StoryText\">Sa carri\u00e8re ne se r\u00e9sume pas \u00e0 la t\u00e9l\u00e9vision. \u00c9velyne Dh\u00e9liat a aussi tourn\u00e9 pour le cin\u00e9ma. Elle appara\u00eet dans trois films (Les treize fianc\u00e9es (1966), Josepha (1982) et Le grand m\u00e9chant loup (2013)), ainsi que dans plusieurs s\u00e9ries, dont Pas de piti\u00e9s pour les croissants (1987) et Nos chers voisins (2013).<\/p>\n<p><a href=\"https:\/\/www.dhnet.be\/actu\/monde\/2024\/08\/20\/evelyne-dheliat-sinquiete-de-levolution-du-rechauffement-climatique-nous-sommes-deja-au-pied-du-mur-GKF4JGC4LNFPBITLWD4I4HZEPQ\/\" target=\"_blank\" rel=\"noopener noreferrer\" class=\"ap-StoryInterstitialLink ap-StoryElement ap-StoryElement--mb\">Evelyne Dh\u00e9liat s&rsquo;inqui\u00e8te de l&rsquo;\u00e9volution du r\u00e9chauffement climatique : \u00ab\u00a0Nous sommes d\u00e9j\u00e0 au pied du mur\u00a0\u00bb<\/a><\/p>\n<p class=\"ap-StoryElement ap-StoryElement--mb ap-StoryText\">Plus surprenant, elle a particip\u00e9 au rallye Paris-Dakar. C&rsquo;\u00e9tait en 1984, en tant que copilote de Mariane Hoepnfer qui pilotait une Fiat Panda 4&#215;4. C&rsquo;\u00e9tait \u00e0 l&rsquo;\u00e9poque du tandem Jacky Ickx-Claude Brasseur (Porsche) et des participations d&rsquo;autres de nos compatriotes : Guy Colsoul sur Opel en auto et Gaston Rahier en moto, sur BMW.<\/p>\n","protected":false},"excerpt":{"rendered":"Ce n&rsquo;est qu&rsquo;\u00e0 partir de 1991 qu&rsquo;elle a pr\u00e9sent\u00e9 la m\u00e9t\u00e9o. Une activit\u00e9 qu&rsquo;elle partage d\u00e9sormais en alternance&hellip;\n","protected":false},"author":2,"featured_media":282097,"comment_status":"","ping_status":"","sticky":false,"template":"","format":"standard","meta":{"footnotes":""},"categories":[8],"tags":[58,59,1011,27,32128],"class_list":{"0":"post-282096","1":"post","2":"type-post","3":"status-publish","4":"format-standard","5":"has-post-thumbnail","7":"category-divertissement","8":"tag-divertissement","9":"tag-entertainment","10":"tag-fr","11":"tag-france","12":"tag-rallye-dakar"},"share_on_mastodon":{"url":"https:\/\/pubeurope.com\/@fr\/114937041043154376","error":""},"_links":{"self":[{"href":"https:\/\/www.europesays.com\/fr\/wp-json\/wp\/v2\/posts\/282096","targetHints":{"allow":["GET"]}}],"collection":[{"href":"https:\/\/www.europesays.com\/fr\/wp-json\/wp\/v2\/posts"}],"about":[{"href":"https:\/\/www.europesays.com\/fr\/wp-json\/wp\/v2\/types\/post"}],"author":[{"embeddable":true,"href":"https:\/\/www.europesays.com\/fr\/wp-json\/wp\/v2\/users\/2"}],"replies":[{"embeddable":true,"href":"https:\/\/www.europesays.com\/fr\/wp-json\/wp\/v2\/comments?post=282096"}],"version-history":[{"count":0,"href":"https:\/\/www.europesays.com\/fr\/wp-json\/wp\/v2\/posts\/282096\/revisions"}],"wp:featuredmedia":[{"embeddable":true,"href":"https:\/\/www.europesays.com\/fr\/wp-json\/wp\/v2\/media\/282097"}],"wp:attachment":[{"href":"https:\/\/www.europesays.com\/fr\/wp-json\/wp\/v2\/media?parent=282096"}],"wp:term":[{"taxonomy":"category","embeddable":true,"href":"https:\/\/www.europesays.com\/fr\/wp-json\/wp\/v2\/categories?post=282096"},{"taxonomy":"post_tag","embeddable":true,"href":"https:\/\/www.europesays.com\/fr\/wp-json\/wp\/v2\/tags?post=282096"}],"curies":[{"name":"wp","href":"https:\/\/api.w.org\/{rel}","templated":true}]}}