{"id":282118,"date":"2025-07-29T14:52:13","date_gmt":"2025-07-29T14:52:13","guid":{"rendered":"https:\/\/www.europesays.com\/fr\/282118\/"},"modified":"2025-07-29T14:52:13","modified_gmt":"2025-07-29T14:52:13","slug":"la-compagnie-lautre-theatre-pousse-un-dernier-chant-du-cygne","status":"publish","type":"post","link":"https:\/\/www.europesays.com\/fr\/282118\/","title":{"rendered":"La compagnie L&rsquo;Autre Th\u00e9\u00e2tre pousse un dernier chant du cygne"},"content":{"rendered":"<p>            Par<br \/>\n        <strong><br \/>\n            <a href=\"https:\/\/actu.fr\/auteur\/j-phan\" title=\"Consulter tous les articles de Jordan Phan\" target=\"_blank\" rel=\"noopener\">Jordan Phan<\/a><br \/>\n        <\/strong><\/p>\n<p>        Publi\u00e9 le<\/p>\n<p>            29 juil. 2025 \u00e0 15h57        <\/p>\n<p>Ils sont sous le feu des projecteurs ! Du <strong>7 au 9 juin<\/strong>,<strong> l\u2019ESAT La Bulle Bleue<\/strong> a ouvert les portes de sa salle de spectacle \u00e0 la <strong>compagnie montpelli\u00e9raine L\u2019Autre Th\u00e9\u00e2tre<\/strong> pour un <strong>cabaret<\/strong> m\u00e9langeant <strong>th\u00e9\u00e2tre, musique et chant<\/strong>. Compos\u00e9e essentiellement de <strong>personnes en situation d\u2019handicap<\/strong>, cette troupe rassemble des <strong>com\u00e9diens amateurs<\/strong> qui n\u2019ont pas fait d\u2019\u00e9tudes th\u00e9\u00e2trales mais qui jouent tout de m\u00eame depuis plusieurs ann\u00e9es. \u00ab\u00a0Certains sont en foyer occupationnel ou en ESAT et ils ont tous un m\u00e9tier ou une passion \u00e0 c\u00f4t\u00e9, d\u2019autres font du piano, de la musique, du chant ou de la peinture\u00a0\u00bb, assure <strong>Caroline Cano<\/strong>, une des metteuses en sc\u00e8ne du spectacle.<\/p>\n<p>    <a href=\"https:\/\/www.google.com\/maps\/embed?pb=!1m18!1m12!1m3!1d2889.3195404150542!2d3.828869575107004!3d43.599887955878884!2m3!1f0!2f0!3f0!3m2!1i1024!2i768!4f13.1!3m3!1m2!1s0x12b6af61bcce6e3d%3A0x714ec0d1557174f0!2sLa%20Bulle%20Bleue!5e0!3m2!1sfr!2sfr!4v1749543992984!5m2!1sfr!2sfr\" title=\"Ouvrie le lien\" target=\"_blank\" rel=\"noopener\">Cliquez ici pour visualiser le contenu<\/a><\/p>\n<p>Un cabaret haut en couleur<\/p>\n<p class=\" wall-content\">\u00ab\u00a0Avec Brigitte, on a imagin\u00e9 une sorte de <strong>cabaret d\u2019urgence<\/strong> o\u00f9 les artistes qui se r\u00e9unissent ce soir-l\u00e0 sur sc\u00e8ne ne savent pas s\u2019ils vont pouvoir le refaire le lendemain.\u00a0\u00bb, indique Caroline Cano en pr\u00e9cisant que le cabaret \u00e9tait le genre th\u00e9\u00e2tral id\u00e9al pour les com\u00e9diens car il r\u00e9unit \u00ab\u00a0ce qu\u2019ils aiment faire et la mani\u00e8re dont ils aiment s\u2019exprimer\u00a0\u00bb. Parce que c\u2019est \u00e7a \u00ab\u00a0Les Chants du cygne\u00a0\u00bb, c\u2019est le fait d\u2019imaginer \u00eatre sur sc\u00e8ne et que s\u2019exprimer peut devenir fatal d\u2019un moment \u00e0 l\u2019autre, \u00e0 l\u2019image du dernier cri que pousse l\u2019animal quand il sait qu\u2019il va mourir. M\u00ealant <strong>magie, voyance, jonglage et m\u00eame de la danse<\/strong> avec deux professionnels Lorenzo Dalla\u00ef et Julia Leredde, cette pi\u00e8ce de <strong>1h30<\/strong> se dit vivante et vibrante gr\u00e2ce notamment \u00e0 la pr\u00e9sence de la <strong>musique<\/strong> jou\u00e9e <strong>en direct<\/strong> par <strong>Bertrand Wolff<\/strong> : \u00ab\u00a0Il propose une bande-son tr\u00e8s originale autour d\u2019un piano trafiqu\u00e9 sur sc\u00e8ne, accompagn\u00e9 de musique num\u00e9rique, ce qui donne quelque chose de tr\u00e8s contemporain, et en m\u00eame temps classique\u00a0\u00bb, sourit la metteuse en sc\u00e8ne.\u00a0<\/p>\n<p>Une pr\u00e9paration soign\u00e9e<\/p>\n<p class=\" wall-content\">Depuis <strong>octobre dernier<\/strong>, Caroline Cano et Brigitte N\u00e9gro rassemble les acteurs pour monter \u00e0 bien leur spectacle. Un travail qui s\u2019est donc \u00e9tendu sur plusieurs mois o\u00f9 ils \u00e9taient invit\u00e9s \u00e0 proposer des <strong>improvisations<\/strong>, en plus du texte initial, comme ils en ont l\u2019habitude. \u00ab\u00a0Il y a des textes \u00e9crits mais tr\u00e8s courts car on travaille beaucoup autour de l\u2019impro au plateau\u00a0\u00bb, explique Caroline, fi\u00e8re du rendu final. Une pi\u00e8ce que la troupe aimerait rejouer dans l\u2019avenir et \u00e9ventuellement en octobre mais rien n\u2019est encore s\u00fbr. Mais ce qui est certain, c\u2019est que L\u2019Autre Th\u00e9\u00e2tre r\u00e9pondra pr\u00e9sent \u00e0 l\u2019\u00e9dition 2026 du <strong>Printemps des Com\u00e9diens<\/strong>.<\/p>\n<p class=\" wall-content\">Suivez toute l\u2019actualit\u00e9 de vos villes et m\u00e9dias favoris en vous inscrivant \u00e0 <a href=\"https:\/\/moncompte.actu.fr\" title=\"D\u00e9couvez Mon Actu\" rel=\"nofollow noopener\" data-trk=\"{&quot;cta&quot;:{&quot;action&quot;:&quot;https:\\\/\\\/moncompte.actu.fr&quot;,&quot;category&quot;:&quot;mon compte&quot;,&quot;from&quot;:&quot;article footer&quot;,&quot;name&quot;:&quot;Mon actu&quot;,&quot;type&quot;:&quot;cta&quot;}}\" target=\"_blank\">Mon Actu<\/a>.<\/p>\n","protected":false},"excerpt":{"rendered":"Par Jordan Phan Publi\u00e9 le 29 juil. 2025 \u00e0 15h57 Ils sont sous le feu des projecteurs !&hellip;\n","protected":false},"author":2,"featured_media":282119,"comment_status":"","ping_status":"","sticky":false,"template":"","format":"standard","meta":{"footnotes":""},"categories":[9599],"tags":[1111,11,1777,674,1011,27,1943,1652,2208,12,2680,25,1347],"class_list":{"0":"post-282118","1":"post","2":"type-post","3":"status-publish","4":"format-standard","5":"has-post-thumbnail","7":"category-montpellier","8":"tag-actu","9":"tag-actualites","10":"tag-eu","11":"tag-europe","12":"tag-fr","13":"tag-france","14":"tag-handicap","15":"tag-loisirs-culture","16":"tag-montpellier","17":"tag-news","18":"tag-occitanie","19":"tag-republique-francaise","20":"tag-theatre"},"share_on_mastodon":{"url":"https:\/\/pubeurope.com\/@fr\/114937092332008242","error":""},"_links":{"self":[{"href":"https:\/\/www.europesays.com\/fr\/wp-json\/wp\/v2\/posts\/282118","targetHints":{"allow":["GET"]}}],"collection":[{"href":"https:\/\/www.europesays.com\/fr\/wp-json\/wp\/v2\/posts"}],"about":[{"href":"https:\/\/www.europesays.com\/fr\/wp-json\/wp\/v2\/types\/post"}],"author":[{"embeddable":true,"href":"https:\/\/www.europesays.com\/fr\/wp-json\/wp\/v2\/users\/2"}],"replies":[{"embeddable":true,"href":"https:\/\/www.europesays.com\/fr\/wp-json\/wp\/v2\/comments?post=282118"}],"version-history":[{"count":0,"href":"https:\/\/www.europesays.com\/fr\/wp-json\/wp\/v2\/posts\/282118\/revisions"}],"wp:featuredmedia":[{"embeddable":true,"href":"https:\/\/www.europesays.com\/fr\/wp-json\/wp\/v2\/media\/282119"}],"wp:attachment":[{"href":"https:\/\/www.europesays.com\/fr\/wp-json\/wp\/v2\/media?parent=282118"}],"wp:term":[{"taxonomy":"category","embeddable":true,"href":"https:\/\/www.europesays.com\/fr\/wp-json\/wp\/v2\/categories?post=282118"},{"taxonomy":"post_tag","embeddable":true,"href":"https:\/\/www.europesays.com\/fr\/wp-json\/wp\/v2\/tags?post=282118"}],"curies":[{"name":"wp","href":"https:\/\/api.w.org\/{rel}","templated":true}]}}