{"id":282130,"date":"2025-07-29T15:02:12","date_gmt":"2025-07-29T15:02:12","guid":{"rendered":"https:\/\/www.europesays.com\/fr\/282130\/"},"modified":"2025-07-29T15:02:12","modified_gmt":"2025-07-29T15:02:12","slug":"nice-lopera-pour-tous-paris-cote-dazur","status":"publish","type":"post","link":"https:\/\/www.europesays.com\/fr\/282130\/","title":{"rendered":"Nice. L\u2019Op\u00e9ra pour tous&#8230; &#8211; Paris C\u00f4te d&rsquo;Azur"},"content":{"rendered":"<p><img decoding=\"async\" src=\"https:\/\/www.europesays.com\/fr\/wp-content\/uploads\/2025\/07\/opera-nice.png\" title=\"\" alt=\"\"\/><\/p>\n<p>Artiste pluridisciplinaire, Etienne Guiol a fait partie de l\u2019\u00e9quipe artistique des c\u00e9r\u00e9monies des Jeux Olympiques et Paralympiques de Paris 2024. On lui doit notamment la grande fresque des sports olympiques projet\u00e9e sur le Pont d\u2019Austerlitz ainsi que la cr\u00e9ation de la vid\u00e9o pr\u00e9sent\u00e9e \u00e0 l\u2019ouverture des Jeux Paralympiques. Il est \u00e9galement l\u2019auteur des sculptures des huit femmes c\u00e9l\u00e8bres surgissant des eaux.<\/p>\n<p>Alliant vid\u00e9o-projection et musique, la performance \u00ab\u00a0Une journ\u00e9e \u00e0 l\u2019Op\u00e9ra\u00a0\u00bb entra\u00eene le spectateur dans un voyage onirique de 45 minutes. Plong\u00e9 dans le d\u00e9cor majestueux de l\u2019Op\u00e9ra Nice C\u00f4te d\u2019Azur et dans l\u2019univers fantastique de la cr\u00e9ation lyrique, il vit une exp\u00e9rience vibrante et puissante qui ne le laissera pas indemne\u2026 Dans ce dialogue subtil entre tradition et modernit\u00e9, technologie et \u00e9motion, l\u2019auteur expose une nouvelle vision de l\u2019Op\u00e9ra, celle d\u2019un lieu plus accessible, plus libre, o\u00f9 l\u2019on ne vient plus chuchoter mais ressentir et vivre\u00a0!<\/p>\n<p>\u00ab\u00a0Une journ\u00e9e \u00e0 l\u2019Op\u00e9ra\u00a0\u00bb plonge le visiteur dans un univers f\u00e9erique, magnifi\u00e9 par les d\u00e9cors num\u00e9riques et l\u2019architecture de l\u2019Op\u00e9ra de Nice. Au centre du parterre, les spectateurs sont emport\u00e9s dans un r\u00e9cit visuel o\u00f9 les neuf muses peintes au plafond prennent vie pour les guider \u00e0 travers les grandes heures d\u2019une journ\u00e9e lyrique, de l\u2019aube \u00e0 la tomb\u00e9e de la nuit. Dans un jeu de lumie\u0300res, tour a\u0300 tour chatoyantes ou nuance\u0301es, l\u2019architecture du lieu se re\u0301ve\u0300le et les partitions s\u2019animent sur les notes de Bach, Puccini, Haendel ou encore Boi\u0308to. Le cycle s\u2019ache\u0300ve dans une apothe\u0301ose lumineuse et stellaire, laissant le public e\u0301bloui.<\/p>\n<p><img decoding=\"async\" src=\"https:\/\/www.europesays.com\/fr\/wp-content\/uploads\/2025\/07\/etienne-guiol.png\" title=\"\" alt=\"\"\/><\/p>\n<p>Pour \u00c9tienne Guiol\u00a0:\u00ab\u00a0Animer, c\u2019est donner du mouvement \u00e0 un objet, mais c\u2019est aussi lui donner la vie, l\u2019anima, le souffle vital en latin. J&rsquo;ai eu la chance de travailler avec les plus grandes sc\u00e8nes lyriques comme l\u2019Op\u00e9ra national de Paris, la Scala de Milan, le Bolcho\u00ef, le Teatro la Fenice\u2026 et si je consid\u00e8re que l&rsquo;Op\u00e9ra est un lieu absolument merveilleux, je regrette qu&rsquo;il soit consid\u00e9r\u00e9 comme \u00e9litiste aujourd&rsquo;hui. Autrefois c&rsquo;\u00e9tait un lieu tr\u00e8s populaire. Mon objectif, ici, est de donner au public l\u2019envie de le d\u00e9couvrir, ou le red\u00e9couvrir autrement.\u00a0\u00bb\u00a0CQFD\u00a0!<\/p>\n","protected":false},"excerpt":{"rendered":"Artiste pluridisciplinaire, Etienne Guiol a fait partie de l\u2019\u00e9quipe artistique des c\u00e9r\u00e9monies des Jeux Olympiques et Paralympiques de&hellip;\n","protected":false},"author":2,"featured_media":282131,"comment_status":"","ping_status":"","sticky":false,"template":"","format":"standard","meta":{"footnotes":""},"categories":[2819],"tags":[1111,47,11,1777,674,1011,27,1110,1031,12,2401,882,25],"class_list":{"0":"post-282130","1":"post","2":"type-post","3":"status-publish","4":"format-standard","5":"has-post-thumbnail","7":"category-nice","8":"tag-actu","9":"tag-actualite","10":"tag-actualites","11":"tag-eu","12":"tag-europe","13":"tag-fr","14":"tag-france","15":"tag-informations","16":"tag-magazine","17":"tag-news","18":"tag-nice","19":"tag-provence-alpes-cote-dazur","20":"tag-republique-francaise"},"share_on_mastodon":{"url":"https:\/\/pubeurope.com\/@fr\/114937131523546547","error":""},"_links":{"self":[{"href":"https:\/\/www.europesays.com\/fr\/wp-json\/wp\/v2\/posts\/282130","targetHints":{"allow":["GET"]}}],"collection":[{"href":"https:\/\/www.europesays.com\/fr\/wp-json\/wp\/v2\/posts"}],"about":[{"href":"https:\/\/www.europesays.com\/fr\/wp-json\/wp\/v2\/types\/post"}],"author":[{"embeddable":true,"href":"https:\/\/www.europesays.com\/fr\/wp-json\/wp\/v2\/users\/2"}],"replies":[{"embeddable":true,"href":"https:\/\/www.europesays.com\/fr\/wp-json\/wp\/v2\/comments?post=282130"}],"version-history":[{"count":0,"href":"https:\/\/www.europesays.com\/fr\/wp-json\/wp\/v2\/posts\/282130\/revisions"}],"wp:featuredmedia":[{"embeddable":true,"href":"https:\/\/www.europesays.com\/fr\/wp-json\/wp\/v2\/media\/282131"}],"wp:attachment":[{"href":"https:\/\/www.europesays.com\/fr\/wp-json\/wp\/v2\/media?parent=282130"}],"wp:term":[{"taxonomy":"category","embeddable":true,"href":"https:\/\/www.europesays.com\/fr\/wp-json\/wp\/v2\/categories?post=282130"},{"taxonomy":"post_tag","embeddable":true,"href":"https:\/\/www.europesays.com\/fr\/wp-json\/wp\/v2\/tags?post=282130"}],"curies":[{"name":"wp","href":"https:\/\/api.w.org\/{rel}","templated":true}]}}