{"id":28214,"date":"2025-04-16T02:44:12","date_gmt":"2025-04-16T02:44:12","guid":{"rendered":"https:\/\/www.europesays.com\/fr\/28214\/"},"modified":"2025-04-16T02:44:12","modified_gmt":"2025-04-16T02:44:12","slug":"comment-les-jo-de-paris-2024-font-baisser-la-taxe-fonciere-de-cette-petite-ville-de-seine-saint-denis","status":"publish","type":"post","link":"https:\/\/www.europesays.com\/fr\/28214\/","title":{"rendered":"Comment les JO de Paris 2024 font baisser la taxe fonci\u00e8re de cette petite ville de Seine-Saint-Denis"},"content":{"rendered":"<p>            Par<br \/>\n        <strong><br \/>\n            <a href=\"https:\/\/actu.fr\/auteur\/dorinegoth\" title=\"Consulter tous les articles de Dorine Goth\" rel=\"nofollow noopener\" target=\"_blank\">Dorine Goth<\/a><br \/>\n        <\/strong><\/p>\n<p>        Publi\u00e9 le<\/p>\n<p>            15 avr. 2025 \u00e0 19h04        <\/p>\n<p>C\u2019est l\u2019effet kiss cool qui r\u00e9jouit les habitants de Dugny (Seine-Saint-Denis). Six mois apr\u00e8s l\u2019accueil des <a href=\"https:\/\/actu.fr\/tag\/jo-paris-2024\" rel=\"nofollow noopener\" target=\"_blank\">Jeux olympiques et paralympiques de Paris 2024<\/a>, le conseil municipal de Dugny a vot\u00e9, jeudi 10\u00a0avril 2025, <strong>la baisse de la <a href=\"https:\/\/actu.fr\/tag\/taxe-fonciere\" rel=\"nofollow noopener\" target=\"_blank\">taxe fonci\u00e8re<\/a>.<\/strong> Une mesure rendue possible gr\u00e2ce \u00e0 la construction du <a href=\"https:\/\/actu.fr\/ile-de-france\/dugny_93030\/jo-de-paris-2024-le-village-des-medias-pret-a-accueillir-1-582-journalistes-avant-ses-premiers-habitants_60859714.html\" rel=\"nofollow noopener\" target=\"_blank\">village des m\u00e9dias<\/a>.<\/p>\n<p>De nouveaux propri\u00e9taires sur la ville<\/p>\n<p class=\" wall-content\">\u00ab\u2009Dugny accueille de nouveaux habitants, et donc, de nouveaux propri\u00e9taires. Cette dynamique d\u00e9mographique et fonci\u00e8re nous permet enfin de <strong>desserrer l\u2019\u00e9tau fiscal<\/strong>\u2009\u00bb, se r\u00e9jouit Quentin Gesell, maire de Dugny dans un communiqu\u00e9.<\/p>\n<p class=\" wall-content\">La baisse de 2 points de la taxe sur le foncier b\u00e2ti correspond \u00e0 <strong>une diminution de 4,4\u2009%<\/strong>. Le taux passera ainsi de 47,37\u2009% \u00e0 45,37\u2009%. \u00ab\u2009Cette baisse de la taxe fonci\u00e8re, je l\u2019ai port\u00e9e avec conviction, car elle est pour moi une question de justice fiscale. Il est normal que celles et ceux qui ont contribu\u00e9 pendant si longtemps puissent aujourd\u2019hui profiter des b\u00e9n\u00e9fices du d\u00e9veloppement de notre ville\u2009\u00bb, souligne l\u2019\u00e9dile.<\/p>\n<p class=\" wall-content\">Une mesure significative \u00e0 rebours de la tendance nationale. Selon l\u2019indice des prix \u00e0 la consommation harmonis\u00e9 publi\u00e9 par l\u2019Insee, la taxe fonci\u00e8re devrait augmenter en moyenne de<strong> 1,7\u2009% en 2025<\/strong>. \u00ab\u2009Avec ce vote, Dugny est donc la ville qui aura eu la plus forte baisse de taxe fonci\u00e8re en Seine-Saint-Denis sur la p\u00e9riode 2020-2025\u2009\u00bb, poursuit Quentin Gesell. La mesure pourrait \u00eatre renouvel\u00e9e dans les prochaines ann\u00e9es \u00e0 la faveur de la livraison de la deuxi\u00e8me phase du village.<\/p>\n<p class=\" wall-content\">Suivez toute l\u2019actualit\u00e9 de vos villes et m\u00e9dias favoris en vous inscrivant \u00e0 <a href=\"https:\/\/moncompte.actu.fr\" title=\"D\u00e9couvez Mon Actu\" rel=\"nofollow noopener\" data-trk=\"{&quot;cta&quot;:{&quot;action&quot;:&quot;https:\\\/\\\/moncompte.actu.fr&quot;,&quot;category&quot;:&quot;mon compte&quot;,&quot;from&quot;:&quot;article footer&quot;,&quot;name&quot;:&quot;Mon actu&quot;,&quot;type&quot;:&quot;cta&quot;}}\" target=\"_blank\">Mon Actu<\/a>.<\/p>\n<ul class=\"ac-article-tag wall-content\">\n<li><a href=\"https:\/\/actu.fr\/tag\/jo-paris-2024\" data-trk=\"{&quot;cta&quot;:{&quot;action&quot;:&quot;JO Paris 2024&quot;,&quot;category&quot;:&quot;tag&quot;,&quot;from&quot;:&quot;article footer&quot;,&quot;name&quot;:&quot;JO Paris 2024&quot;,&quot;type&quot;:&quot;cta&quot;}}\" rel=\"nofollow noopener\" target=\"_blank\">#JO Paris 2024<\/a><\/li>\n<li><a href=\"https:\/\/actu.fr\/tag\/taxe-fonciere\" data-trk=\"{&quot;cta&quot;:{&quot;action&quot;:&quot;Taxe fonci\\u00e8re&quot;,&quot;category&quot;:&quot;tag&quot;,&quot;from&quot;:&quot;article footer&quot;,&quot;name&quot;:&quot;Taxe fonci\\u00e8re&quot;,&quot;type&quot;:&quot;cta&quot;}}\" rel=\"nofollow noopener\" target=\"_blank\">#Taxe fonci\u00e8re<\/a><\/li>\n<\/ul>\n","protected":false},"excerpt":{"rendered":"Par Dorine Goth Publi\u00e9 le 15 avr. 2025 \u00e0 19h04 C\u2019est l\u2019effet kiss cool qui r\u00e9jouit les habitants&hellip;\n","protected":false},"author":2,"featured_media":28215,"comment_status":"","ping_status":"","sticky":false,"template":"","format":"standard","meta":{"footnotes":""},"categories":[1888],"tags":[1111,1928,11,1927,1777,674,1011,27,7941,12,1926,626,1925,25,104,9908],"class_list":{"0":"post-28214","1":"post","2":"type-post","3":"status-publish","4":"format-standard","5":"has-post-thumbnail","7":"category-paris","8":"tag-actu","9":"tag-actu-paris","10":"tag-actualites","11":"tag-actualites-paris","12":"tag-eu","13":"tag-europe","14":"tag-fr","15":"tag-france","16":"tag-jo-paris-2024","17":"tag-news","18":"tag-news-paris","19":"tag-paris","20":"tag-paris-news","21":"tag-republique-francaise","22":"tag-societe","23":"tag-taxe-fonciere"},"share_on_mastodon":{"url":"https:\/\/pubeurope.com\/@fr\/114345349303964222","error":""},"_links":{"self":[{"href":"https:\/\/www.europesays.com\/fr\/wp-json\/wp\/v2\/posts\/28214","targetHints":{"allow":["GET"]}}],"collection":[{"href":"https:\/\/www.europesays.com\/fr\/wp-json\/wp\/v2\/posts"}],"about":[{"href":"https:\/\/www.europesays.com\/fr\/wp-json\/wp\/v2\/types\/post"}],"author":[{"embeddable":true,"href":"https:\/\/www.europesays.com\/fr\/wp-json\/wp\/v2\/users\/2"}],"replies":[{"embeddable":true,"href":"https:\/\/www.europesays.com\/fr\/wp-json\/wp\/v2\/comments?post=28214"}],"version-history":[{"count":0,"href":"https:\/\/www.europesays.com\/fr\/wp-json\/wp\/v2\/posts\/28214\/revisions"}],"wp:featuredmedia":[{"embeddable":true,"href":"https:\/\/www.europesays.com\/fr\/wp-json\/wp\/v2\/media\/28215"}],"wp:attachment":[{"href":"https:\/\/www.europesays.com\/fr\/wp-json\/wp\/v2\/media?parent=28214"}],"wp:term":[{"taxonomy":"category","embeddable":true,"href":"https:\/\/www.europesays.com\/fr\/wp-json\/wp\/v2\/categories?post=28214"},{"taxonomy":"post_tag","embeddable":true,"href":"https:\/\/www.europesays.com\/fr\/wp-json\/wp\/v2\/tags?post=28214"}],"curies":[{"name":"wp","href":"https:\/\/api.w.org\/{rel}","templated":true}]}}