{"id":282167,"date":"2025-07-29T15:22:09","date_gmt":"2025-07-29T15:22:09","guid":{"rendered":"https:\/\/www.europesays.com\/fr\/282167\/"},"modified":"2025-07-29T15:22:09","modified_gmt":"2025-07-29T15:22:09","slug":"ponts-et-routes-les-points-faibles-de-leurope-en-cas-de-guerre-face-a-la-russie-lue-devoile-son-plan-lexpress","status":"publish","type":"post","link":"https:\/\/www.europesays.com\/fr\/282167\/","title":{"rendered":"Ponts et routes, les points faibles de l&#039;Europe en cas de guerre face \u00e0 la Russie ? L&#039;UE d\u00e9voile son plan &#8211; L&#039;Express"},"content":{"rendered":"<ol>\n<li><a href=\"https:\/\/news.google.com\/rss\/articles\/CBMi-AFBVV95cUxNNDZidFhrc0QtX1ExRUlURkk5am9Sa3h5eHZKTTU5ZmlwUU82VXFHMGRNcGhDcGlNdU5MVzFtcW8tNDRWZDVwN3M5el9ueG9Ba3J1b3B3NXoxSUtpbDRXNE41eDc2Skx5cGJjYk5XYklVbmt4Q1BoUmZMeS1KWFExMFpYRzJUYlpyNk9SeUVlMGJ3U3FGcXlXME5vYTA1OHp0ZUhybGJGT1lSNHd1NDk2cTlZSU1UbVU0UGVUOXV3REFvYkNCejRIcU5CT3BkWjVqdmJSSWJydFdBdHp5VGtLQVFZLTdYOWh4OUVOR0F5M2J3cFRhaGZGbA?oc=5\" target=\"_blank\" rel=\"nofollow noopener\">Ponts et routes, les points faibles de l&rsquo;Europe en cas de guerre face \u00e0 la Russie ? L&rsquo;UE d\u00e9voile son plan<\/a>&nbsp;&nbsp;L&rsquo;Express<\/li>\n<li><a href=\"https:\/\/news.google.com\/rss\/articles\/CBMikwJBVV95cUxQanFXYU5VVm9EQy00dFV6X3N0RFZRd2w1dE9PZjk5bFNUVXJiV05DUndvVWVGUUdfa1JHeXp0RzhudzJJU3YtWm94cVMyNFlpcVAtYVI0WllhT09waEFKVzdCT2h6a1ZfelZhYlAyd2p0WHN3bW9YbU9qUUFlVVowT1ZqQWJrRDJWQkhYd2x2WlZCX2ZrLXlvejdfRW1pd1ZWd3Back1mRVB4LWF6c18wUVhYc2RvZzZiTmYzQ3ZoWXZ6SG1mZ3N2MjZ4UGFhUTJ4anByLThfcFVGR1pjakxPbnR3dUNkTDRKVm1kR2NtMXBEbnVIZ3FsSmxJMm1xWkFZRzlxZmxuS2F4V01pdGd6RmZ2aw?oc=5\" target=\"_blank\" rel=\"nofollow noopener\">L&rsquo;Europe pointe un probl\u00e8me de taille m\u00e9connu face \u00e0 la menace russe<\/a>&nbsp;&nbsp;La Libre.be<\/li>\n<li><a href=\"https:\/\/news.google.com\/rss\/articles\/CBMiiwJBVV95cUxQd19GY3NFQ2RHQmQyS19uUy1UcmVfdFc3cmIwMURGeHVmTzBja1hySUNUQy1aTFFTV0UzdUFHTm1EMG5ldFVCdWJDajUwMHRpekRvcFNQS2pxRkM5TEtpQWdQejZTcHhjMzdDLTZBbHpmdFNtOEVYTkQzaW5FYjFuTGVrSTVUMWhxUHBrTE9ENmZIV0p2Z3FWX1VzcWl0M0dtcnFmUHg0bzdXdzRDYUVJYjlpUXJMM2w4X1pTZmh4UGQtVVd6MEhjNC1NTkhsMjRPZU5DZUdGN3dpVWh6T3dodHg5WmhJc25FdTNXLWZaNEJiTnBXQktWNVlfODhiNm5saVpvRHp4V2JrVHc?oc=5\" target=\"_blank\" rel=\"nofollow noopener\">Mobilit\u00e9 militaire : Fran\u00e7ois Kalfon pousse pour des infrastructures souveraines dans le domaine ferroviaire<\/a>&nbsp;&nbsp;La Lettre<\/li>\n<li><a href=\"https:\/\/news.google.com\/rss\/articles\/CBMixwFBVV95cUxPM1czX1VQakoxbllheFEydHN1YkdzcFFINnIxUTdELTAyYXVMUThfVkp1Tm1LZmo0WUVYR1MwUnhBS2xKeW1lck5vZFdtWmFMRzIzTmkxX1ZZcGlTckplak01czJzRXIzeTE5VVdrLUplc1VVTlNJZjJTSUV6MzZCS1RVQ2ZrX0F4TE9zbmxmMTdVU3oxMi1aNk0zd1pqUi1wY01ZSFd5TThGdE51a0hYclNjSkgtTjVubDlDY216eHFKSk1xdE1n?oc=5\" target=\"_blank\" rel=\"nofollow noopener\">L\u2019UE investit 17 milliards d\u2019euros dans les routes et les ponts pour le transport militaire<\/a>&nbsp;&nbsp;Flows<\/li>\n<\/ol>\n","protected":false},"excerpt":{"rendered":"Ponts et routes, les points faibles de l&rsquo;Europe en cas de guerre face \u00e0 la Russie ? L&rsquo;UE&hellip;\n","protected":false},"author":2,"featured_media":1445,"comment_status":"","ping_status":"","sticky":false,"template":"","format":"standard","meta":{"footnotes":""},"categories":[1591],"tags":[11,1887,12,1885,1886,132],"class_list":{"0":"post-282167","1":"post","2":"type-post","3":"status-publish","4":"format-standard","5":"has-post-thumbnail","7":"category-russie","8":"tag-actualites","9":"tag-federation-de-russie","10":"tag-news","11":"tag-russia","12":"tag-russian-federation","13":"tag-russie"},"share_on_mastodon":{"url":"https:\/\/pubeurope.com\/@fr\/114937210089882143","error":""},"_links":{"self":[{"href":"https:\/\/www.europesays.com\/fr\/wp-json\/wp\/v2\/posts\/282167","targetHints":{"allow":["GET"]}}],"collection":[{"href":"https:\/\/www.europesays.com\/fr\/wp-json\/wp\/v2\/posts"}],"about":[{"href":"https:\/\/www.europesays.com\/fr\/wp-json\/wp\/v2\/types\/post"}],"author":[{"embeddable":true,"href":"https:\/\/www.europesays.com\/fr\/wp-json\/wp\/v2\/users\/2"}],"replies":[{"embeddable":true,"href":"https:\/\/www.europesays.com\/fr\/wp-json\/wp\/v2\/comments?post=282167"}],"version-history":[{"count":0,"href":"https:\/\/www.europesays.com\/fr\/wp-json\/wp\/v2\/posts\/282167\/revisions"}],"wp:featuredmedia":[{"embeddable":true,"href":"https:\/\/www.europesays.com\/fr\/wp-json\/wp\/v2\/media\/1445"}],"wp:attachment":[{"href":"https:\/\/www.europesays.com\/fr\/wp-json\/wp\/v2\/media?parent=282167"}],"wp:term":[{"taxonomy":"category","embeddable":true,"href":"https:\/\/www.europesays.com\/fr\/wp-json\/wp\/v2\/categories?post=282167"},{"taxonomy":"post_tag","embeddable":true,"href":"https:\/\/www.europesays.com\/fr\/wp-json\/wp\/v2\/tags?post=282167"}],"curies":[{"name":"wp","href":"https:\/\/api.w.org\/{rel}","templated":true}]}}