{"id":282174,"date":"2025-07-29T15:26:12","date_gmt":"2025-07-29T15:26:12","guid":{"rendered":"https:\/\/www.europesays.com\/fr\/282174\/"},"modified":"2025-07-29T15:26:12","modified_gmt":"2025-07-29T15:26:12","slug":"la-consommation-denergie-de-lallemagne-augmente-de-23-au-premier-semestre-2025-2","status":"publish","type":"post","link":"https:\/\/www.europesays.com\/fr\/282174\/","title":{"rendered":"La consommation d&rsquo;\u00e9nergie de l&rsquo;Allemagne augmente de 2,3\u00a0% au premier semestre 2025"},"content":{"rendered":"<p>La consommation d&rsquo;\u00e9nergie en Allemagne a progress\u00e9 de 2,3\u00a0% au premier semestre 2025, selon le groupe statistique industriel AGEB, qui cite des temp\u00e9ratures plus fra\u00eeches et une l\u00e9g\u00e8re reprise de l&rsquo;activit\u00e9 \u00e9conomique comme principaux facteurs.<\/p>\n<p>La consommation d&rsquo;\u00e9nergie de la premi\u00e8re \u00e9conomie europ\u00e9enne a atteint 187,3 millions de tonnes \u00e9quivalent charbon (un standard industriel), contre 183,1 millions au cours des six premiers mois de 2024, indique le rapport d&rsquo;AGEB couvrant la p\u00e9riode de janvier \u00e0 juin.<\/p>\n<p>Pour l&rsquo;ensemble de l&rsquo;ann\u00e9e 2024, la consommation s&rsquo;est \u00e9tablie \u00e0 359,6 millions de tonnes, soit une baisse de 1,1\u00a0% par rapport \u00e0 l&rsquo;ann\u00e9e pr\u00e9c\u00e9dente.<\/p>\n<p>Au premier semestre 2025, la consommation de gaz naturel a augment\u00e9 de 4,7\u00a0%, tandis que celle de fioul domestique l\u00e9ger a bondi de pr\u00e8s de 18\u00a0% en raison des conditions m\u00e9t\u00e9orologiques, pr\u00e9cise l&rsquo;AGEB.<\/p>\n<p>L&rsquo;utilisation de charbon import\u00e9 est rest\u00e9e globalement stable, mais a vari\u00e9 selon les secteurs.<\/p>\n<p>Les apports de charbon dans les centrales \u00e9lectriques ont grimp\u00e9 de 23\u00a0% pour compenser le recul de la production \u00e9olienne et hydro\u00e9lectrique li\u00e9 \u00e0 la m\u00e9t\u00e9o. En revanche, la consommation d&rsquo;\u00e9nergie photovolta\u00efque a progress\u00e9 de 25\u00a0%.<\/p>\n<p>Le secteur sid\u00e9rurgique, \u00e0 l&rsquo;inverse, a utilis\u00e9 12\u00a0% de charbon dur en moins, en coh\u00e9rence avec la baisse de la production de fonte brute.<\/p>\n<p>L&rsquo;AGEB estime que la hausse de la production des centrales thermiques a entra\u00een\u00e9 une augmentation de 2,6\u00a0% des \u00e9missions de CO2 sur les six premiers mois de l&rsquo;ann\u00e9e.<\/p>\n<p><b>Consommation d&rsquo;\u00e9nergie par source (en millions de tonnes \u00e9quivalent charbon) &#8211; S1 2024 vs S1 2025<\/b><\/p>\n<tr>\n      Source d&rsquo;\u00e9nergie<br \/>\n      S1 2024<br \/>\n      S1 2025<br \/>\n      \u00c9volution (%)<br \/>\n      Part dans la conso. totale S1 2025 (%)<\/tr>\n<tr>\n<td>\n      P\u00e9trole<\/td>\n<td>\n      64,3<\/td>\n<td>\n      66,0<\/td>\n<td>\n      +2,6<\/td>\n<td>\n      35,2<\/td>\n<\/tr>\n<tr>\n<td>\n      Gaz naturel<\/td>\n<td>\n      50,1<\/td>\n<td>\n      52,5<\/td>\n<td>\n      +4,7<\/td>\n<td>\n      28,0<\/td>\n<\/tr>\n<tr>\n<td>\n      Charbon dur<\/td>\n<td>\n      13,1<\/td>\n<td>\n      13,1<\/td>\n<td>\n      +0,1<\/td>\n<td>\n      7,0<\/td>\n<\/tr>\n<tr>\n<td>\n      Lignite<\/td>\n<td>\n      13,1<\/td>\n<td>\n      12,9<\/td>\n<td>\n      -1,4<\/td>\n<td>\n      6,9<\/td>\n<\/tr>\n<tr>\n<td>\n      \u00c9nergie nucl\u00e9aire<\/td>\n<td>\n      &#8230;<\/td>\n<td>\n      &#8230;<\/td>\n<td>\n      &#8230;<\/td>\n<td>\n      0,0<\/td>\n<\/tr>\n<tr>\n<td>\n      Renouvelables<\/td>\n<td>\n      37,9<\/td>\n<td>\n      38,4<\/td>\n<td>\n      +1,3<\/td>\n<td>\n      20,5<\/td>\n<\/tr>\n<tr>\n<td>\n      Solde des \u00e9changes \u00e9lectriques<\/td>\n<td>\n      1,1<\/td>\n<td>\n      0,9<\/td>\n<td>\n      &#8230;<\/td>\n<td>\n      0,5<\/td>\n<\/tr>\n<tr>\n<td>\n      Autres<\/td>\n<td>\n      3,5<\/td>\n<td>\n      3,5<\/td>\n<td>\n      +0,4<\/td>\n<td>\n      1,9<\/td>\n<\/tr>\n<tr>\n<td><b>Total<\/b><\/td>\n<td><b>183,1<\/b><\/td>\n<td><b>187,3<\/b><\/td>\n<td><b>+2,3<\/b><\/td>\n<td><b>100,0<\/b><\/td>\n<\/tr>\n<p>*Les donn\u00e9es de consommation sont exprim\u00e9es en millions de tonnes \u00e9quivalent charbon. Une unit\u00e9 \u00e9quivaut \u00e0 29,308 p\u00e9tajoules. Quelques \u00e9carts d&rsquo;arrondi sont possibles dans le tableau.<\/p>\n","protected":false},"excerpt":{"rendered":"La consommation d&rsquo;\u00e9nergie en Allemagne a progress\u00e9 de 2,3\u00a0% au premier semestre 2025, selon le groupe statistique industriel&hellip;\n","protected":false},"author":2,"featured_media":282175,"comment_status":"","ping_status":"","sticky":false,"template":"","format":"standard","meta":{"footnotes":""},"categories":[1587],"tags":[11,672,340,1804,1805,1803,1777,674,1801,12,1802],"class_list":{"0":"post-282174","1":"post","2":"type-post","3":"status-publish","4":"format-standard","5":"has-post-thumbnail","7":"category-allemagne","8":"tag-actualites","9":"tag-allemagne","10":"tag-bourse","11":"tag-bundesrepublik-deutschland","12":"tag-de","13":"tag-deutschland","14":"tag-eu","15":"tag-europe","16":"tag-germany","17":"tag-news","18":"tag-republique-federale-dallemagne"},"share_on_mastodon":{"url":"https:\/\/pubeurope.com\/@fr\/114937225765337541","error":""},"_links":{"self":[{"href":"https:\/\/www.europesays.com\/fr\/wp-json\/wp\/v2\/posts\/282174","targetHints":{"allow":["GET"]}}],"collection":[{"href":"https:\/\/www.europesays.com\/fr\/wp-json\/wp\/v2\/posts"}],"about":[{"href":"https:\/\/www.europesays.com\/fr\/wp-json\/wp\/v2\/types\/post"}],"author":[{"embeddable":true,"href":"https:\/\/www.europesays.com\/fr\/wp-json\/wp\/v2\/users\/2"}],"replies":[{"embeddable":true,"href":"https:\/\/www.europesays.com\/fr\/wp-json\/wp\/v2\/comments?post=282174"}],"version-history":[{"count":0,"href":"https:\/\/www.europesays.com\/fr\/wp-json\/wp\/v2\/posts\/282174\/revisions"}],"wp:featuredmedia":[{"embeddable":true,"href":"https:\/\/www.europesays.com\/fr\/wp-json\/wp\/v2\/media\/282175"}],"wp:attachment":[{"href":"https:\/\/www.europesays.com\/fr\/wp-json\/wp\/v2\/media?parent=282174"}],"wp:term":[{"taxonomy":"category","embeddable":true,"href":"https:\/\/www.europesays.com\/fr\/wp-json\/wp\/v2\/categories?post=282174"},{"taxonomy":"post_tag","embeddable":true,"href":"https:\/\/www.europesays.com\/fr\/wp-json\/wp\/v2\/tags?post=282174"}],"curies":[{"name":"wp","href":"https:\/\/api.w.org\/{rel}","templated":true}]}}