{"id":282184,"date":"2025-07-29T15:31:18","date_gmt":"2025-07-29T15:31:18","guid":{"rendered":"https:\/\/www.europesays.com\/fr\/282184\/"},"modified":"2025-07-29T15:31:18","modified_gmt":"2025-07-29T15:31:18","slug":"natalite-en-france-en-2024-les-departements-qui-plongent-et-ceux-qui-sen-sortent","status":"publish","type":"post","link":"https:\/\/www.europesays.com\/fr\/282184\/","title":{"rendered":"Natalit\u00e9 en France en 2024 : les d\u00e9partements qui plongent et ceux qui s&rsquo;en sortent"},"content":{"rendered":"<ul class=\"jsx-862013697 ArticleChapo__List\">\n<li class=\"jsx-862013697 ArticleChapo__List_Item flex\">Plus de 660.000 b\u00e9b\u00e9s sont n\u00e9s en 2024 en France, annonce l&rsquo;Insee ce mardi.<\/li>\n<li class=\"jsx-862013697 ArticleChapo__List_Item flex\">Un chiffre en baisse de 2,8% par rapport \u00e0 l&rsquo;ann\u00e9e pr\u00e9c\u00e9dente.<\/li>\n<li class=\"jsx-862013697 ArticleChapo__List_Item flex\">Dans certaines r\u00e9gions de l&rsquo;Hexagone, le bilan est encore plus pr\u00e9occupant.<\/li>\n<\/ul>\n<p data-module=\"article-paragraph\" class=\"jsx-3046738180 Paragraph\">Les Fran\u00e7ais continuent \u00e0 faire <a href=\"https:\/\/www.tf1info.fr\/societe\/demographie-recul-de-la-natalite-pourquoi-les-francais-veulent-ils-moins-d-enfants-2381915.html\" target=\"_blank\" rel=\"noopener\">de moins en moins d&rsquo;enfants<\/a> chaque ann\u00e9e. C&rsquo;est le bilan de la derni\u00e8re \u00e9tude de l&rsquo;Insee publi\u00e9e mardi 29 juillet. 660.800 b\u00e9b\u00e9s sont n\u00e9s en 2024, un chiffre en baisse de 2,8% par rapport \u00e0 2023. \u00ab\u00a0Au total, les naissances en 2024 sont inf\u00e9rieures de 22% \u00e0 leur niveau de 2010\u00a0\u00bb, pr\u00e9cise l&rsquo;institut de la statistique. Si la baisse du nombre d&rsquo;enfants est bien observ\u00e9e partout dans l&rsquo;Hexagone, elle reste plus marqu\u00e9e dans certains territoires.<\/p>\n<p data-module=\"article-paragraph\" class=\"jsx-3046738180 Paragraph Paragraph__End\">\u00ab\u00a0Les <a href=\"https:\/\/www.tf1info.fr\/societe\/demographie-france-le-nombre-de-naissances-en-2023-au-plus-bas-depuis-la-seconde-guerre-mondiale-2334152.html\" target=\"_blank\" rel=\"noopener\">naissances<\/a> diminuent dans toutes les r\u00e9gions, confirme H\u00e9l\u00e8ne Th\u00e9lot, auteure de la publication, interrog\u00e9e par TF1info. L\u00e0 o\u00f9 la baisse est la plus importante en 2024, sur un an, c&rsquo;est dans les d\u00e9partements d&rsquo;outre-mer\u00a0\u00bb. Le nombre de b\u00e9b\u00e9s n\u00e9s l&rsquo;an dernier y a chut\u00e9 de 11,1% en moyenne, contre -2,3% en France m\u00e9tropolitaine.<\/p>\n<blockquote class=\"jsx-2786790838 Quote__Text\"><p>Le volume de naissances reste en hausse sur 10 ans \u00e0 Mayotte et en Guyane<\/p><\/blockquote>\n<p>H\u00e9l\u00e8ne Th\u00e9lot, d\u00e9mographe \u00e0 l&rsquo;Insee<\/p>\n<p data-module=\"article-paragraph\" class=\"jsx-3046738180 Paragraph\">Dans le d\u00e9tail, il y a eu seulement 8.908 naissances \u00e0 Mayotte en 2024, contre 10.278 en 2023, soit une baisse de 13,6% (en prenant en compte que 2024 est une ann\u00e9e bissextile). La Martinique, la Guyane et la Guadeloupe sont, elles aussi, tr\u00e8s touch\u00e9es par cette chute brutale des naissances. De son c\u00f4t\u00e9, la R\u00e9union parvient \u00e0 limiter l&rsquo;effondrement avec -8,5%.<\/p>\n<p data-module=\"article-paragraph\" class=\"jsx-3046738180 Paragraph\">L&rsquo;ann\u00e9e 2024 devient la premi\u00e8re o\u00f9 la baisse des naissances est plus forte <a href=\"https:\/\/www.tf1info.fr\/politique\/immigration-irreguliere-a-mayotte-manuel-valls-annonce-un-recensement-de-la-population-de-l-archipel-2343478.html\" target=\"_blank\" rel=\"noopener\">en outre-mer<\/a> qu&rsquo;en m\u00e9tropole. Un ph\u00e9nom\u00e8ne in\u00e9dit mais que l&rsquo;Insee parvient \u00e0 d\u00e9crypter : \u00ab\u00a0La baisse qui a eu lieu en 2023 en m\u00e9tropole, de l&rsquo;ordre de -6,6% sur un an, n&rsquo;avait pas vraiment \u00e9t\u00e9 observ\u00e9e dans les DOM. On a donc l&rsquo;impression maintenant qu&rsquo;ils subissent, avec un l\u00e9ger retard, ce qu&rsquo;a connu la m\u00e9tropole l&rsquo;ann\u00e9e derni\u00e8re\u00a0\u00bb, explique H\u00e9l\u00e8ne Th\u00e9lot.\u00a0<\/p>\n<p data-module=\"article-paragraph\" class=\"jsx-3046738180 Paragraph Paragraph__End\">\u00ab\u00a0La plus forte baisse des naissances en 2024 dans les DOM est uniquement li\u00e9e \u00e0 un recul de la f\u00e9condit\u00e9 dans ces territoires, le nombre de femmes en \u00e2ge d&rsquo;avoir des enfants \u00e9tant m\u00eame en l\u00e9g\u00e8re hausse\u00a0\u00bb, souligne le rapport. Les premi\u00e8res donn\u00e9es qui remontent des registres d&rsquo;\u00e9tat civil pour 2025 tendent cependant \u00e0 montrer que les d\u00e9partements d&rsquo;outre-mer retrouveront une \u00e9volution comparable \u00e0 celle de la m\u00e9tropole, autour de 2 \u00e0 3%. \u00ab\u00a0Le volume de naissances reste en hausse sur 10 ans \u00e0 Mayotte et en Guyane\u00a0\u00bb, temp\u00e8re la chercheuse.<\/p>\n<p>Seulement -1% en Auvergne-Rh\u00f4ne-Alpes<\/p>\n<p data-module=\"article-paragraph\" class=\"jsx-3046738180 Paragraph\">Pour la m\u00e9tropole, \u00ab\u00a0la baisse est la plus forte en Bourgogne-Franche-Comt\u00e9, avec -4,2%\u00a0\u00bb, soit une baisse de 900 naissances entre 2023 et 2024. Si l&rsquo;Insee ne se risque pas \u00e0 qualifier les chiffres d&rsquo;alarmants, ils sont tout de m\u00eame flagrants : en moyenne, 82,77 b\u00e9b\u00e9s naissaient chaque jour dans cette r\u00e9gion en 2014. Ils n&rsquo;\u00e9taient plus de 60,98 l&rsquo;an dernier.<\/p>\n<p data-module=\"article-paragraph\" class=\"jsx-3046738180 Paragraph Paragraph__End\">L&rsquo;Auvergne-Rh\u00f4ne-Alpes parvient, elle, \u00e0 tirer son \u00e9pingle du jeu avec plus de 77.800 naissances en 2024, un r\u00e9sultat qui en fait la r\u00e9gion de France o\u00f9 la baisse est la moins forte (-1,02%).<\/p>\n<p>Chute record dans le Jura et l&rsquo;Aube<\/p>\n<p data-module=\"article-paragraph\" class=\"jsx-3046738180 Paragraph\">Du c\u00f4t\u00e9 des d\u00e9partements franciliens, les Hauts-de-Seine (+0,7%) et le Val-de-Marne (+0,24%) enregistrent une progression, \u00e0 la diff\u00e9rence de Paris (-1,6%). H\u00e9l\u00e8ne Th\u00e9lot propose une explication : \u00ab\u00a0L&rsquo;analyse est complexe mais cela peut \u00eatre un signe que les familles quittent Paris et s&rsquo;installent en banlieue, pour des raisons financi\u00e8res par exemple. Par cons\u00e9quent, il y aura de moins en moins de b\u00e9b\u00e9s \u00e0 Paris.\u00a0\u00bb \u00c0 noter que l&rsquo;\u00cele-de-France repr\u00e9sente toujours 23% des naissances du pays.\u00a0<\/p>\n<p data-module=\"article-paragraph\" class=\"jsx-3046738180 Paragraph Paragraph__End\">Ailleurs en France, les baisses d\u00e9mographiques les plus importantes sont \u00e0 observer dans les zones peu peupl\u00e9es, sans grande m\u00e9tropole : le Jura (-9,29%, 1.895 naissances), l&rsquo;Aube (-9,3%, 2.594 naissances) ou encore la Charente (-6,31%, 2.662 naissances) et la Vend\u00e9e (-5,7%, 5.143 naissances).<\/p>\n<p><a href=\"https:\/\/www.tf1info.fr\/environnement-ecologie\/le-dereglement-demographique-est-il-la-premiere-cause-du-dereglement-climatique-comme-l-explique-nicolas-sarkozy-2269114.html\" rel=\"noopener\" class=\"jsx-3308031228 Link flex\" target=\"_blank\"><img decoding=\"async\" src=\"https:\/\/www.europesays.com\/fr\/wp-content\/uploads\/2025\/07\/sarkoclimat0809-188f0d-0@1x.jpeg\" alt=\"CHRISTOPHE ARCHAMBAULT \/ AFP\" loading=\"lazy\" importance=\"low\" fetchpriority=\"low\" class=\"\" aria-hidden=\"true\"\/><\/p>\n<p class=\"jsx-3657663356 ReadMoreArticle__Title\">Lire aussi<\/p>\n<p class=\"jsx-3657663356\">La d\u00e9mographie est-elle la premi\u00e8re cause du d\u00e9r\u00e8glement climatique, comme l&rsquo;affirme Nicolas Sarkozy ?<\/p>\n<p><\/a><\/p>\n<p data-module=\"article-paragraph\" class=\"jsx-3046738180 Paragraph\">Autre enseignement du rapport de l&rsquo;Insee : en France, \u00ab\u00a0les naissances reculent pour les femmes de tous \u00e2ges\u00a0\u00bb. \u00ab\u00a0La baisse reste n\u00e9anmoins plus marqu\u00e9e pour les femmes \u00e2g\u00e9es de moins de 35 ans\u00a0\u00bb, avec par exemple -4,2% pour les moins de 25 ans et -3,6% pour les 25-29 ans.<\/p>\n<p data-module=\"article-paragraph\" class=\"jsx-3046738180 Paragraph\">Le nombre de naissances pour les femmes d&rsquo;au moins 40 ans ne diminue quant \u00e0 lui que de 0,1% mais c&rsquo;est un ph\u00e9nom\u00e8ne nouveau. \u00ab\u00a0C&rsquo;est seulement la deuxi\u00e8me ann\u00e9e o\u00f9 \u00e7a baisse. Jusqu&rsquo;en 2023, c&rsquo;\u00e9tait la seule tranche d&rsquo;\u00e2ge o\u00f9 on voyait une augmentation. Cela signifie que ce n&rsquo;est pas uniquement un d\u00e9calage du calendrier des naissances car m\u00eame les femmes plus \u00e2g\u00e9es font moins d&rsquo;enfants\u00a0\u00bb, insiste H\u00e9l\u00e8ne Th\u00e9lot.<\/p>\n<p data-module=\"article-paragraph\" class=\"jsx-3046738180 Paragraph Paragraph__End\">La tendance peut-elle s&rsquo;inverser \u00e0 l&rsquo;avenir ? Selon l&rsquo;auteure de l&rsquo;\u00e9tude, les chances sont minces : \u00ab\u00a0Nous ne sommes pas du tout en train d&rsquo;assister \u00e0 un retournement. Il y aura peut-\u00eatre ponctuellement, dans les ann\u00e9es \u00e0 venir, des r\u00e9gions o\u00f9 \u00e7a ira mieux mais nous sommes clairement sur une tendance \u00e0 la baisse.\u00a0\u00bb<\/p>\n<p>Zo\u00e9 SAMIN<\/p>\n","protected":false},"excerpt":{"rendered":"Plus de 660.000 b\u00e9b\u00e9s sont n\u00e9s en 2024 en France, annonce l&rsquo;Insee ce mardi. Un chiffre en baisse&hellip;\n","protected":false},"author":2,"featured_media":282185,"comment_status":"","ping_status":"","sticky":false,"template":"","format":"standard","meta":{"footnotes":""},"categories":[4],"tags":[1111,11,1921,2430,1011,27,1922,8245,12,25,133,17501],"class_list":{"0":"post-282184","1":"post","2":"type-post","3":"status-publish","4":"format-standard","5":"has-post-thumbnail","7":"category-france","8":"tag-actu","9":"tag-actualites","10":"tag-article-video","11":"tag-auvergne-rhone-alpes","12":"tag-fr","13":"tag-france","14":"tag-info","15":"tag-mayotte","16":"tag-news","17":"tag-republique-francaise","18":"tag-video","19":"tag-video-famille-et-education"},"share_on_mastodon":{"url":"https:\/\/pubeurope.com\/@fr\/114937245420719731","error":""},"_links":{"self":[{"href":"https:\/\/www.europesays.com\/fr\/wp-json\/wp\/v2\/posts\/282184","targetHints":{"allow":["GET"]}}],"collection":[{"href":"https:\/\/www.europesays.com\/fr\/wp-json\/wp\/v2\/posts"}],"about":[{"href":"https:\/\/www.europesays.com\/fr\/wp-json\/wp\/v2\/types\/post"}],"author":[{"embeddable":true,"href":"https:\/\/www.europesays.com\/fr\/wp-json\/wp\/v2\/users\/2"}],"replies":[{"embeddable":true,"href":"https:\/\/www.europesays.com\/fr\/wp-json\/wp\/v2\/comments?post=282184"}],"version-history":[{"count":0,"href":"https:\/\/www.europesays.com\/fr\/wp-json\/wp\/v2\/posts\/282184\/revisions"}],"wp:featuredmedia":[{"embeddable":true,"href":"https:\/\/www.europesays.com\/fr\/wp-json\/wp\/v2\/media\/282185"}],"wp:attachment":[{"href":"https:\/\/www.europesays.com\/fr\/wp-json\/wp\/v2\/media?parent=282184"}],"wp:term":[{"taxonomy":"category","embeddable":true,"href":"https:\/\/www.europesays.com\/fr\/wp-json\/wp\/v2\/categories?post=282184"},{"taxonomy":"post_tag","embeddable":true,"href":"https:\/\/www.europesays.com\/fr\/wp-json\/wp\/v2\/tags?post=282184"}],"curies":[{"name":"wp","href":"https:\/\/api.w.org\/{rel}","templated":true}]}}