{"id":282194,"date":"2025-07-29T15:38:13","date_gmt":"2025-07-29T15:38:13","guid":{"rendered":"https:\/\/www.europesays.com\/fr\/282194\/"},"modified":"2025-07-29T15:38:13","modified_gmt":"2025-07-29T15:38:13","slug":"limogeage-de-christian-horner-en-formule-1","status":"publish","type":"post","link":"https:\/\/www.europesays.com\/fr\/282194\/","title":{"rendered":"Limogeage de Christian Horner en Formule 1"},"content":{"rendered":"<p class=\"Paragraph_root__xJSDF Paragraph_default-lg-default__txMNQ articleParagraph\">Pour l&rsquo;\u00e9quipe Red Bull, habitu\u00e9e au succ\u00e8s, et le champion du monde Max Verstappen, une nouvelle \u00e8re a commenc\u00e9 ce week-end avec le Grand Prix de Belgique \u00e0 Spa-Francorchamps, dimanche dernier. Apr\u00e8s vingt ans \u00e0 la t\u00eate de l\u2019\u00e9curie, le chef d&rsquo;\u00e9quipe Christian Horner a \u00e9t\u00e9 remerci\u00e9 \u00e0 l&rsquo;issue de la derni\u00e8re course \u00e0 Silverstone.<\/p>\n<p><a href=\"https:\/\/www.virgule.lu\/luxembourg\/un-luxembourgeois-doit-mener-aston-martin-au-titre\/17498.html\" class=\"RelatedTeaser_related-teaser__awFnD RelatedTeaser_related-teaser--image__oZDce read-more_withImage__1YJa_\" data-article-id=\"17498\" rel=\"nofollow noopener\" target=\"_blank\"><\/p>\n<p>Lire aussi :Un Luxembourgeois doit mener Aston Martin au titre<\/p>\n<p><\/a><\/p>\n<p class=\"Paragraph_root__xJSDF Paragraph_default-lg-default__txMNQ articleParagraph\">Impliqu\u00e9 dans huit championnats du monde des pilotes et six championnats du monde des constructeurs, le Britannique avait d\u00e9velopp\u00e9 au fil du temps une telle position de force dans le cosmos difficile \u00e0 cerner de Red Bull que cela n&rsquo;a pas d\u00fb plaire particuli\u00e8rement aux v\u00e9ritables d\u00e9cideurs du groupe. \u00c0 cela s&rsquo;ajoute le d\u00e9part de quelques personnes importantes. Adrian Newey est, par exemple, parti chez Aston Martin. Ainsi, Red Bull risque de retomber dans la m\u00e9diocrit\u00e9 sportive.<\/p>\n<blockquote class=\"Quote_quote__blockquote__sryI6\">\n<p class=\"Quote_quote__paragraph__SLHdn\">Il faut avoir du temps et de la tranquillit\u00e9 pour bien travailler. En Italie, c&rsquo;est difficile.<\/p>\n<\/blockquote>\n<p>Fr\u00e9d\u00e9ric Vasseur<\/p>\n<p class=\"Paragraph_root__xJSDF Paragraph_default-lg-default__txMNQ articleParagraph\">L&rsquo;ann\u00e9e derni\u00e8re d\u00e9j\u00e0, le fauteuil de Christian Horner avait vacill\u00e9 lorsqu&rsquo;il avait fait la une des journaux pour son \u00abcomportement inappropri\u00e9\u00bb envers une collaboratrice. Son \u00e9viction il y a quelques jours est le point culminant provisoire d&rsquo;une nouvelle \u00e9volution en Formule 1.<\/p>\n<p>Christian Horner a \u00e9t\u00e9 licenci\u00e9 de Red Bull il y a quelques jours.\u00a0\u00a9 PHOTO: AFP<\/p>\n<p><a href=\"https:\/\/www.virgule.lu\/lifestyle\/automoto\/l-enthousiasme-de-charles-leclerc-pour-les-courses-historiques-de-formule-1\/63992513.html\" class=\"RelatedTeaser_related-teaser__awFnD RelatedTeaser_related-teaser--image__oZDce read-more_withImage__1YJa_\" data-article-id=\"63992513\" rel=\"nofollow noopener\" target=\"_blank\"><\/p>\n<p>Lire aussi :L\u2019enthousiasme de Charles Leclerc pour les courses historiques de Formule 1<\/p>\n<p><\/a><\/p>\n<p class=\"Paragraph_root__xJSDF Paragraph_default-lg-default__txMNQ articleParagraph\">En raison de la complexit\u00e9 de leurs contrats, il est difficile de licencier un Max Verstappen ou un Lewis Hamilton. La situation est diff\u00e9rente pour les chefs d&rsquo;\u00e9quipe. Les parall\u00e8les avec le monde du football sont nombreux. Les \u00e9quipes de course fonctionnent d\u00e9sormais comme de grandes entreprises commerciales. C&rsquo;est pourquoi, outre les pilotes, les chefs d&rsquo;\u00e9quipe sont les visages du groupe et sont donc constamment m\u00e9diatis\u00e9s. <\/p>\n<p class=\"Paragraph_root__xJSDF Paragraph_default-lg-default__txMNQ articleParagraph\">Si les succ\u00e8s ne sont pas au rendez-vous, le coupable est vite trouv\u00e9. C&rsquo;est ce que montre l&rsquo;exemple d&rsquo;Alpine. En 2023, l&rsquo;\u00e9curie s&rsquo;est s\u00e9par\u00e9e d&rsquo;Otmar Szafnauer. Il a \u00e9t\u00e9 remplac\u00e9 par Bruno Famin, lui-m\u00eame remplac\u00e9 par Oliver Oakes au milieu de l&rsquo;ann\u00e9e derni\u00e8re. Le d\u00e9part de ce dernier est toutefois moins conventionnel. Comme son fr\u00e8re, avec lequel il poss\u00e8de l&rsquo;\u00e9quipe de Formule 2 Hitech GP, a \u00e9t\u00e9 arr\u00eat\u00e9 avec une grosse somme d&rsquo;argent, Oliver Oakes a d\u00e9missionn\u00e9 apr\u00e8s la course de cette ann\u00e9e \u00e0 Miami. <\/p>\n<p>Ferrari, un cheval de bataille permanent<\/p>\n<p class=\"Paragraph_root__xJSDF Paragraph_default-lg-default__txMNQ articleParagraph\">Un Luxembourgeois, Mike Krack, figure \u00e9galement sur cette longue liste. En d\u00e9but de saison, Mike Krack a d\u00fb quitter <a class=\"LinkText_root__0Tfta annotation-link_annotationLink__nXU8B\" href=\"https:\/\/www.virgule.lu\/luxembourg\/un-luxembourgeois-doit-mener-aston-martin-au-titre\/17498.html\" target=\"_blank\" rel=\"noFollow nofollow noopener\">son poste de chef d&rsquo;\u00e9quipe chez Aston Martin<\/a> suite \u00e0 une \u00abrestructuration au niveau de la direction\u00bb. Contrairement \u00e0 ses coll\u00e8gues \u00e9vinc\u00e9s, Mike Krack a conserv\u00e9 une position de leader chez Aston Martin. Il a pu rester assis sur le mur des stands et continue \u00e0 diriger les choses sur le circuit en tant que Chief Trackside Officer.<\/p>\n<p><a href=\"https:\/\/www.virgule.lu\/luxembourg\/il-existait-un-grand-prix-du-luxembourg...-en-allemagne\/16948903.html\" class=\"RelatedTeaser_related-teaser__awFnD RelatedTeaser_related-teaser--image__oZDce read-more_withImage__1YJa_\" data-article-id=\"16948903\" rel=\"nofollow noopener\" target=\"_blank\"><\/p>\n<p>Lire aussi :Il existait un Grand-Prix du Luxembourg&#8230; en Allemagne<\/p>\n<p><\/a><\/p>\n<p class=\"Paragraph_root__xJSDF Paragraph_default-lg-default__txMNQ articleParagraph\">Alors que Mike Krack, en tant que chef d&rsquo;\u00e9quipe, s&rsquo;est toujours montr\u00e9 protecteur envers ses pilotes malgr\u00e9 des performances douteuses, G\u00fcnther Steiner a pr\u00e9f\u00e9r\u00e9 la mani\u00e8re forte chez Haas, peut-\u00eatre aveugl\u00e9 par sa popularit\u00e9 sur Netflix. Le Tyrolien du Sud ne manquait presque jamais une occasion de se moquer de ses jeunes pilotes en manque de succ\u00e8s. Son contrat n&rsquo;a toutefois pas \u00e9t\u00e9 renouvel\u00e9 pour 2024, et la courbe de performance de l&rsquo;\u00e9quipe est rapidement repartie \u00e0 la hausse.<\/p>\n<p>Fr\u00e9d\u00e9ric Vasseur serait sur la sellette chez Ferrari.\u00a0\u00a9 PHOTO: AFP<\/p>\n<p class=\"Paragraph_root__xJSDF Paragraph_default-lg-default__txMNQ articleParagraph\">Le conflit de comp\u00e9tences entre les deux alpha, avant m\u00eame qu&rsquo;un autocollant Audi ne soit appos\u00e9 sur les Ferrari Sauber actuelles l&rsquo;ann\u00e9e prochaine, a fait que l&rsquo;ancien directeur de Porsche et McLaren, Andreas Seidl, ainsi que le directeur technique, Oliver Hoffmann, ont d\u00fb quitter leur poste dans le projet de Formule 1 d&rsquo;Audi. Tous deux ont \u00e9t\u00e9 remplac\u00e9s par Mattia Binotto. L&rsquo;Italien \u00e9tait quant \u00e0 lui l&rsquo;un des nombreux chefs d&rsquo;\u00e9quipe de Ferrari, o\u00f9 le remplacement du chef d&rsquo;\u00e9quipe est presque devenu une tradition.<\/p>\n<p><a href=\"https:\/\/www.virgule.lu\/culture\/brad-pitt-en-guest-star-au-gp-de-spa-francorchamps\/16651789.html\" class=\"RelatedTeaser_related-teaser__awFnD RelatedTeaser_related-teaser--image__oZDce read-more_withImage__1YJa_\" data-article-id=\"16651789\" rel=\"nofollow noopener\" target=\"_blank\"><\/p>\n<p>Lire aussi :Brad Pitt en guest star au GP de Spa-Francorchamps<\/p>\n<p><\/a><\/p>\n<p class=\"Paragraph_root__xJSDF Paragraph_default-lg-default__txMNQ articleParagraph\">La presse italienne, toujours bien inform\u00e9e, voit actuellement aussi Fr\u00e9d\u00e9ric Vasseur d\u00e9j\u00e0 sur la sellette. \u00abSi ces m\u00e9dias voulaient semer le trouble, ils ont atteint leur objectif. Il faut avoir du temps et de la tranquillit\u00e9 pour bien travailler. En Italie, c&rsquo;est difficilement possible\u00bb, a d\u00e9clar\u00e9 Fr\u00e9d\u00e9ric Vasseur, dont le contrat expire \u00e0 la fin de l&rsquo;ann\u00e9e. Le nom de Christian Horner avait d&rsquo;ailleurs d\u00e9j\u00e0 circul\u00e9 avant son licenciement comme successeur possible.<\/p>\n<p class=\"Paragraph_root__xJSDF Paragraph_default-lg-default__txMNQ articleParagraph\">Cet article a \u00e9t\u00e9 publi\u00e9\u00a0initialement sur\u00a0le\u00a0site du <a class=\"LinkText_root__0Tfta annotation-link_annotationLink__nXU8B\" href=\"https:\/\/www.wort.lu\/sport\/teamchef-beben-in-der-formel-1-selbst-ein-luxemburger-bleibt-nicht-verschont\/79475430.html\" target=\"_blank\" rel=\"nofollow noopener\">Luxemburger Wort<\/a>.<\/p>\n<p class=\"Paragraph_root__xJSDF Paragraph_default-lg-default__txMNQ articleParagraph\">Il a \u00e9t\u00e9 traduit \u00e0 l\u2019aide d\u2019outils d\u2019intelligence artificielle qui apprennent \u00e0 partir de donn\u00e9es issues de traductions humaines, puis v\u00e9rifi\u00e9 par Laura Bannier.<\/p>\n","protected":false},"excerpt":{"rendered":"Pour l&rsquo;\u00e9quipe Red Bull, habitu\u00e9e au succ\u00e8s, et le champion du monde Max Verstappen, une nouvelle \u00e8re a&hellip;\n","protected":false},"author":2,"featured_media":282195,"comment_status":"","ping_status":"","sticky":false,"template":"","format":"standard","meta":{"footnotes":""},"categories":[1412],"tags":[1451,1452,1453,1454,1455,1011,27,60],"class_list":{"0":"post-282194","1":"post","2":"type-post","3":"status-publish","4":"format-standard","5":"has-post-thumbnail","7":"category-f1","8":"tag-f1","9":"tag-formula-1","10":"tag-formula1","11":"tag-formule-1","12":"tag-formule1","13":"tag-fr","14":"tag-france","15":"tag-sports"},"share_on_mastodon":{"url":"https:\/\/pubeurope.com\/@fr\/114937272984326704","error":""},"_links":{"self":[{"href":"https:\/\/www.europesays.com\/fr\/wp-json\/wp\/v2\/posts\/282194","targetHints":{"allow":["GET"]}}],"collection":[{"href":"https:\/\/www.europesays.com\/fr\/wp-json\/wp\/v2\/posts"}],"about":[{"href":"https:\/\/www.europesays.com\/fr\/wp-json\/wp\/v2\/types\/post"}],"author":[{"embeddable":true,"href":"https:\/\/www.europesays.com\/fr\/wp-json\/wp\/v2\/users\/2"}],"replies":[{"embeddable":true,"href":"https:\/\/www.europesays.com\/fr\/wp-json\/wp\/v2\/comments?post=282194"}],"version-history":[{"count":0,"href":"https:\/\/www.europesays.com\/fr\/wp-json\/wp\/v2\/posts\/282194\/revisions"}],"wp:featuredmedia":[{"embeddable":true,"href":"https:\/\/www.europesays.com\/fr\/wp-json\/wp\/v2\/media\/282195"}],"wp:attachment":[{"href":"https:\/\/www.europesays.com\/fr\/wp-json\/wp\/v2\/media?parent=282194"}],"wp:term":[{"taxonomy":"category","embeddable":true,"href":"https:\/\/www.europesays.com\/fr\/wp-json\/wp\/v2\/categories?post=282194"},{"taxonomy":"post_tag","embeddable":true,"href":"https:\/\/www.europesays.com\/fr\/wp-json\/wp\/v2\/tags?post=282194"}],"curies":[{"name":"wp","href":"https:\/\/api.w.org\/{rel}","templated":true}]}}