{"id":282202,"date":"2025-07-29T15:42:10","date_gmt":"2025-07-29T15:42:10","guid":{"rendered":"https:\/\/www.europesays.com\/fr\/282202\/"},"modified":"2025-07-29T15:42:10","modified_gmt":"2025-07-29T15:42:10","slug":"nous-demandons-une-direction-generale-des-patrimoines-et-de-larchitecture-renforcee","status":"publish","type":"post","link":"https:\/\/www.europesays.com\/fr\/282202\/","title":{"rendered":"Nous demandons une Direction g\u00e9n\u00e9rale des patrimoines et de l&rsquo;architecture renforc\u00e9e"},"content":{"rendered":"<p>Quelques mois apr\u00e8s la reconnaissance par le S\u00e9nat de la r\u00e9habilitation comme un acte d&rsquo;int\u00e9r\u00eat public, le Conseil national de l&rsquo;Ordre des architectes (<a title=\"D\u00e9couvrez nos articles sur le th\u00e8me CNOA\" class=\"specialterms \" href=\"https:\/\/www.batiactu.com\/theme\/theme-cnoa.php\" rel=\"nofollow noopener\" target=\"_blank\">Cnoa<\/a>) veut promouvoir une politique ambitieuse de l&rsquo;architecture. Son pr\u00e9sident, Christophe Millet, a \u00e9chang\u00e9 fin juin 2025 avec Rachida Dati, ministre de la Culture, sur les priorit\u00e9s de la profession. <a title=\"D\u00e9couvrez nos articles sur le th\u00e8me P\u00c9NURIES\" class=\"specialterms \" href=\"https:\/\/www.batiactu.com\/tag\/penuries\" rel=\"nofollow noopener\" target=\"_blank\">P\u00e9nuries<\/a> d&rsquo;architectes, transmission des agences, services du minist\u00e8re, relation avec les collectivit\u00e9s, <a title=\"D\u00e9couvrez nos articles sur le th\u00e8me BIENNALE DE VENISE\" class=\"specialterms \" href=\"https:\/\/www.batiactu.com\/tag\/biennale-de-venise\" rel=\"nofollow noopener\" target=\"_blank\">biennale de Venise<\/a> 2027\u2026 Les sujets \u00e9taient nombreux. <\/p>\n<p class=\"para r3\">\u00a0<\/p>\n<p><b>Avant de parler de votre rencontre avec Rachida Dati, en amont de la convention nationale de l&rsquo;Ordre des architectes, fin juin \u00e0 <a title=\"D\u00e9couvrez nos articles sur le th\u00e8me LILLE\" class=\"specialterms \" href=\"https:\/\/www.batiactu.com\/theme\/theme-lille.php\" rel=\"nofollow noopener\" target=\"_blank\">Lille<\/a>, j&rsquo;aimerais savoir comment s&rsquo;est d\u00e9roul\u00e9 l&rsquo;\u00e9v\u00e9nement organis\u00e9 par l&rsquo;Ordre\u00a0?<\/b> <\/p>\n<p class=\"para r3\">\u00a0<\/p>\n<p><b>Christophe Millet\u00a0: <\/b>La convention nationale a \u00e9t\u00e9 une vraie r\u00e9ussite, un moment de coh\u00e9sion entre \u00e9lus. Elle a peut-\u00eatre \u00e9t\u00e9 celle qui a \u00e9t\u00e9 la plus suivie de toutes les conventions organis\u00e9es jusqu&rsquo;ici, puisque nous avons accueilli pr\u00e8s de 350 participants. L&rsquo;ensemble des r\u00e9gions \u00e9tait repr\u00e9sent\u00e9, et des intervenants externes du monde scientifique, tels que les membres du Giec, la climatologue Val\u00e9rie Masson-Delmotte et le pal\u00e9oclimatologue Jean Jouzel, et politique, dont la d\u00e9put\u00e9e Violette Spillebout (Ensemble) et le s\u00e9nateur Olivier Henno (Union centriste) \u00e9taient pr\u00e9sents, pour une journ\u00e9e et demie de conf\u00e9rences autour de l&rsquo;id\u00e9e que les territoires sont la solution \u00e0 l&rsquo;adaptation au d\u00e9r\u00e8glement climatique. L&rsquo;intelligence artificielle a aussi \u00e9t\u00e9 abord\u00e9e, notamment par Olivier Henno.<\/p>\n<p class=\"head r1\">En parlant du S\u00e9nat, ce dernier a adopt\u00e9 \u00e0 l&rsquo;unanimit\u00e9, en premi\u00e8re lecture, <a href=\"https:\/\/www.batiactu.com\/edito\/inscription-rehabilitation-dans-loi-sur-architecture-70988.php\" target=\"_blank\" rel=\"nofollow noopener\">l&rsquo;inscription de la r\u00e9habilitation dans la loi de 1977<\/a> sur l&rsquo;architecture comme un acte d&rsquo;int\u00e9r\u00eat public, en mars 2025. Avez-vous parl\u00e9 de r\u00e9habilitation avec la ministre\u00a0?<\/p>\n<p>Lors de la pr\u00e9sentation en f\u00e9vrier de la Strat\u00e9gie nationale pour l&rsquo;architecture 2025-2029 et lors de la pr\u00e9sentation du programme pr\u00e9sidentiel \u00ab\u00a0Quartier de demain\u00a0\u00bb, la ministre de la Culture a rappel\u00e9 que derri\u00e8re chaque projet, il faut un architecte. Elle porte une ambition politique sur ce sujet. Au Cnoa et en collaboration avec les diff\u00e9rents minist\u00e8res et leurs services, nous essayons de mettre en \u0153uvre cette politique visant \u00e0 pr\u00e9server l&rsquo;identit\u00e9 des territoires face au d\u00e9r\u00e8glement climatique et \u00e0 la mutation de l&rsquo;architecture. <\/p>\n<p class=\"para r3\">\u00a0<\/p>\n<p>Nous avons r\u00e9affirm\u00e9 \u00e0 Rachida Dati notre volont\u00e9 de travailler avec son minist\u00e8re sur ce sujet. Nous avions fait des propositions   <\/p>\n<p>Il vous reste 72% \u00e0 d\u00e9couvrir.<\/p>\n","protected":false},"excerpt":{"rendered":"Quelques mois apr\u00e8s la reconnaissance par le S\u00e9nat de la r\u00e9habilitation comme un acte d&rsquo;int\u00e9r\u00eat public, le Conseil&hellip;\n","protected":false},"author":2,"featured_media":282203,"comment_status":"","ping_status":"","sticky":false,"template":"","format":"standard","meta":{"footnotes":""},"categories":[1358],"tags":[1348,1384,1385,1386,58,59,1011,27],"class_list":{"0":"post-282202","1":"post","2":"type-post","3":"status-publish","4":"format-standard","5":"has-post-thumbnail","7":"category-arts-et-design","8":"tag-arts","9":"tag-arts-and-design","10":"tag-arts-et-design","11":"tag-design","12":"tag-divertissement","13":"tag-entertainment","14":"tag-fr","15":"tag-france"},"share_on_mastodon":{"url":"https:\/\/pubeurope.com\/@fr\/114937288695320739","error":""},"_links":{"self":[{"href":"https:\/\/www.europesays.com\/fr\/wp-json\/wp\/v2\/posts\/282202","targetHints":{"allow":["GET"]}}],"collection":[{"href":"https:\/\/www.europesays.com\/fr\/wp-json\/wp\/v2\/posts"}],"about":[{"href":"https:\/\/www.europesays.com\/fr\/wp-json\/wp\/v2\/types\/post"}],"author":[{"embeddable":true,"href":"https:\/\/www.europesays.com\/fr\/wp-json\/wp\/v2\/users\/2"}],"replies":[{"embeddable":true,"href":"https:\/\/www.europesays.com\/fr\/wp-json\/wp\/v2\/comments?post=282202"}],"version-history":[{"count":0,"href":"https:\/\/www.europesays.com\/fr\/wp-json\/wp\/v2\/posts\/282202\/revisions"}],"wp:featuredmedia":[{"embeddable":true,"href":"https:\/\/www.europesays.com\/fr\/wp-json\/wp\/v2\/media\/282203"}],"wp:attachment":[{"href":"https:\/\/www.europesays.com\/fr\/wp-json\/wp\/v2\/media?parent=282202"}],"wp:term":[{"taxonomy":"category","embeddable":true,"href":"https:\/\/www.europesays.com\/fr\/wp-json\/wp\/v2\/categories?post=282202"},{"taxonomy":"post_tag","embeddable":true,"href":"https:\/\/www.europesays.com\/fr\/wp-json\/wp\/v2\/tags?post=282202"}],"curies":[{"name":"wp","href":"https:\/\/api.w.org\/{rel}","templated":true}]}}