{"id":282204,"date":"2025-07-29T15:43:13","date_gmt":"2025-07-29T15:43:13","guid":{"rendered":"https:\/\/www.europesays.com\/fr\/282204\/"},"modified":"2025-07-29T15:43:13","modified_gmt":"2025-07-29T15:43:13","slug":"laurence-fauconnier-une-jeune-plume-athoise-inclassable","status":"publish","type":"post","link":"https:\/\/www.europesays.com\/fr\/282204\/","title":{"rendered":"Laurence Fauconnier, une jeune plume athoise \u00ab\u00a0inclassable\u00a0\u00bb"},"content":{"rendered":"<p class=\"ap-StoryElement ap-StoryElement--mb js-paywall-target ap-StoryText\">La jeune femme a toujours eu une passion pour l&rsquo;\u00e9criture, mais c&rsquo;est lors de ses \u00e9tudes en e-marketing qu&rsquo;elle a d\u00e9velopp\u00e9 sa plume. \u00ab\u00a0J&rsquo;ai toujours \u00e9crit, aussi loin que je me souvienne. Des phrases, des citations, parfois simplement sur des post-it. Lorsque j&rsquo;\u00e9tais aux \u00e9tudes, j&rsquo;ai commenc\u00e9 \u00e0 publier sur mon site des courts textes sur ce qui m&rsquo;arrivait, sur mes pens\u00e9es du moment, mais j&rsquo;ai toujours \u00e9crit comme si jamais on ne me lirait. Finalement, par le bouche \u00e0 oreille, les r\u00e9seaux sociaux, j&rsquo;ai cr\u00e9\u00e9 une petite communaut\u00e9 de lecteurs. C&rsquo;est ainsi que j&rsquo;ai pens\u00e9 \u00e0 faire un livre de tout ce que j&rsquo;avais d\u00e9j\u00e0 pu partager, en trouvant une trame pour agencer ces r\u00e9flexions\u00a0\u00bb, raconte la jeune auteure.<\/p>\n<p><img loading=\"lazy\" decoding=\"async\" class=\"w-full lazyload lazyload--opacity object-contain\" style=\"aspect-ratio:133 \/ 100;opacity:1\" alt=\"&quot;Un jour de pluie&quot; et &quot;Un r\u00e9el gachis&quot; seront tous deux disponible \u00e0 la libraire Nouveau Chat'Pitre lors de la s\u00e9ance d\u00e9dicace.\" width=\"768\" height=\"576\" fetchpriority=\"auto\" src=\"https:\/\/www.europesays.com\/fr\/wp-content\/uploads\/2025\/05\/S5VKD3X55FFF3BW6V4SEHXNP7I.png\"  data- data-optimumx=\"1\"\/>\u00ab\u00a0Un jour de pluie\u00a0\u00bb et \u00ab\u00a0Un r\u00e9el gachis\u00a0\u00bb seront tous deux disponible \u00e0 la libraire Nouveau Chat&rsquo;Pitre lors de la s\u00e9ance d\u00e9dicace. \u00a9C.P.<\/p>\n<p class=\"ap-StoryElement ap-StoryElement--mb ap-StoryText\">C&rsquo;est aupr\u00e8s d&rsquo;une maison d&rsquo;\u00e9dition fran\u00e7aise, le Lys Bleu, que Laurence Fauconnier a pu se lancer dans l&rsquo;aventure \u00e9ditoriale avec son premier livre \u00ab\u00a0Un jour de pluie\u00a0\u00bb, actuellement distribu\u00e9 dans plusieurs points de vente, notamment \u00e0 la Procure \u00e0 Tournai, \u00e0 la librairie Au Nouveau Chat&rsquo;Pitre (Frasnes-lez-Anvaing), \u00e0 la librairie des Collines et \u00e0 la boulangerie Dumont \u00e0 Flobecq. Cette premi\u00e8re exp\u00e9rience concluante a rapidement remis l&rsquo;auteure \u00e0 l&rsquo;\u00e9criture : peu de temps apr\u00e8s, elle auto\u00e9ditait son second livre, \u00ab\u00a0Un r\u00e9el g\u00e2chis\u00a0\u00bb, dont la trame principale \u00e9voque une relation fraternelle, \u00ab\u00a0tir\u00e9e d&rsquo;une histoire vraie\u00a0\u00bb, assure l&rsquo;auteure. Son troisi\u00e8me livre, en cours d&rsquo;\u00e9criture, devrait, quant \u00e0 lui, traiter d&rsquo;amiti\u00e9.<\/p>\n<p class=\"ap-StoryElement ap-StoryElement--mb ap-StoryText\">Si vous n&rsquo;avez pas d\u00e9j\u00e0 crois\u00e9 Laurence Fauconnier au d\u00e9tour de l&rsquo;un ou l&rsquo;autre petit march\u00e9, elle sera pr\u00e9sente pour une s\u00e9ance d\u00e9dicace le 20 septembre \u00e0 la librairie Au Nouveau Chat&rsquo;Pitre, de 9 heures \u00e0 12 h 30 et de 13 h 30 \u00e0 17 heures. \u00ab\u00a0Je suis trop impatiente !\u00a0\u00bb, se r\u00e9jouit-elle.<\/p>\n","protected":false},"excerpt":{"rendered":"La jeune femme a toujours eu une passion pour l&rsquo;\u00e9criture, mais c&rsquo;est lors de ses \u00e9tudes en e-marketing&hellip;\n","protected":false},"author":2,"featured_media":282205,"comment_status":"","ping_status":"","sticky":false,"template":"","format":"standard","meta":{"footnotes":""},"categories":[1357],"tags":[1379,58,59,42138,1011,27,42139,1380,42140],"class_list":{"0":"post-282204","1":"post","2":"type-post","3":"status-publish","4":"format-standard","5":"has-post-thumbnail","7":"category-livres","8":"tag-books","9":"tag-divertissement","10":"tag-entertainment","11":"tag-flobecq","12":"tag-fr","13":"tag-france","14":"tag-frasnes-lez-anvaing","15":"tag-livres","16":"tag-tournai"},"share_on_mastodon":{"url":"https:\/\/pubeurope.com\/@fr\/114937292938410045","error":""},"_links":{"self":[{"href":"https:\/\/www.europesays.com\/fr\/wp-json\/wp\/v2\/posts\/282204","targetHints":{"allow":["GET"]}}],"collection":[{"href":"https:\/\/www.europesays.com\/fr\/wp-json\/wp\/v2\/posts"}],"about":[{"href":"https:\/\/www.europesays.com\/fr\/wp-json\/wp\/v2\/types\/post"}],"author":[{"embeddable":true,"href":"https:\/\/www.europesays.com\/fr\/wp-json\/wp\/v2\/users\/2"}],"replies":[{"embeddable":true,"href":"https:\/\/www.europesays.com\/fr\/wp-json\/wp\/v2\/comments?post=282204"}],"version-history":[{"count":0,"href":"https:\/\/www.europesays.com\/fr\/wp-json\/wp\/v2\/posts\/282204\/revisions"}],"wp:featuredmedia":[{"embeddable":true,"href":"https:\/\/www.europesays.com\/fr\/wp-json\/wp\/v2\/media\/282205"}],"wp:attachment":[{"href":"https:\/\/www.europesays.com\/fr\/wp-json\/wp\/v2\/media?parent=282204"}],"wp:term":[{"taxonomy":"category","embeddable":true,"href":"https:\/\/www.europesays.com\/fr\/wp-json\/wp\/v2\/categories?post=282204"},{"taxonomy":"post_tag","embeddable":true,"href":"https:\/\/www.europesays.com\/fr\/wp-json\/wp\/v2\/tags?post=282204"}],"curies":[{"name":"wp","href":"https:\/\/api.w.org\/{rel}","templated":true}]}}