{"id":282212,"date":"2025-07-29T15:47:13","date_gmt":"2025-07-29T15:47:13","guid":{"rendered":"https:\/\/www.europesays.com\/fr\/282212\/"},"modified":"2025-07-29T15:47:13","modified_gmt":"2025-07-29T15:47:13","slug":"le-nombre-de-cancers-du-foie-pourrait-doubler-dici-25-ans-en-france-mais-on-peut-encore-eviter-le-pire","status":"publish","type":"post","link":"https:\/\/www.europesays.com\/fr\/282212\/","title":{"rendered":"Le nombre de cancers du foie pourrait doubler d&rsquo;ici 25 ans en France (mais on peut encore \u00e9viter le pire)"},"content":{"rendered":"<p>            Par<br \/>\n        <strong><br \/>\n            <a href=\"https:\/\/actu.fr\/auteur\/redaction-actu\" title=\"Consulter tous les articles de R\u00e9daction Actu\" target=\"_blank\" rel=\"noopener\">R\u00e9daction Actu<\/a><br \/>\n        <\/strong><\/p>\n<p>        Publi\u00e9 le<\/p>\n<p>            29 juil. 2025 \u00e0 11h32        <\/p>\n<p>Une meilleure couverture vaccinale contre <a href=\"https:\/\/actu.fr\/societe\/hepatite-chez-les-enfants-et-les-adultes-quels-sont-les-symptomes-a-surveiller_50365785.html\" target=\"_blank\" rel=\"noopener\">l\u2019h\u00e9patite B<\/a> et des politiques ciblant ob\u00e9sit\u00e9 et consommation <a href=\"https:\/\/actu.fr\/tag\/alcool\" target=\"_blank\" rel=\"noopener\">d\u2019alcool<\/a> sont n\u00e9cessaires pour <strong>faire baisser le nombre de cancers du foie<\/strong>, affirme <a href=\"https:\/\/www.thelancet.com\/journals\/lancet\/article\/PIIS0140-6736(25)01530-2\/fulltext\" target=\"_blank\" rel=\"noopener\">une \u00e9tude internationale<\/a> publi\u00e9e dans The Lancet mardi 29 juillet 2025.<\/p>\n<p class=\" wall-content\">Ce n\u2019est pas tout : selon cette m\u00eame \u00e9tude,\u00a0faute d\u2019action publique, le nombre de cas du sixi\u00e8me <a href=\"https:\/\/actu.fr\/tag\/cancer\" target=\"_blank\" rel=\"noopener\">cancer<\/a> le plus fr\u00e9quent (et <strong>le troisi\u00e8me plus meurtrier<\/strong>) pourrait avoir quasiment doubl\u00e9 dans le monde en 2050.<\/p>\n<p>Des facteurs de risque \u00e9vitables<\/p>\n<p class=\" wall-content\">D\u2019apr\u00e8s les chercheurs,\u00a0<strong>trois cancers du foie sur cinq<\/strong> sont dus \u00e0 des facteurs de risque \u00e9vitables sur lesquels il faudrait agir : h\u00e9patites virales, consommation d\u2019alcool et st\u00e9atose h\u00e9patique non alcoolique (caract\u00e9ris\u00e9e par une accumulation de graisse dans le foie, souvent associ\u00e9e \u00e0 <a href=\"https:\/\/actu.fr\/societe\/l-obesite-explose-plus-de-la-moitie-de-la-population-mondiale-pourrait-etre-en-surpoids-d-ici-2050_62325963.html\" target=\"_blank\" rel=\"noopener\">l\u2019ob\u00e9sit\u00e9<\/a>).<\/p>\n<p class=\" wall-content\">Les virus de <strong>l\u2019h\u00e9patite B et C<\/strong> devraient demeurer les principales causes de cancer du foie en 2050, tout en voyant leur part diminuer (36,9% des cas contre 39% pour le premier, 25,9% contre 29,1% pour le second).<\/p>\n<p class=\" wall-content\">Alors que la <a href=\"https:\/\/actu.fr\/tag\/vaccination\" target=\"_blank\" rel=\"noopener\">vaccination<\/a> contre l\u2019h\u00e9patite B est le moyen de pr\u00e9vention le plus efficace, \u00ab\u00a0la couverture reste faible en Afrique et dans les r\u00e9gions aux ressources faibles\u00a0\u00bb en raison de son \u00ab\u00a0co\u00fbt, des r\u00e9ticences \u00e0 se faire vacciner et de la m\u00e9connaissance de son efficacit\u00e9\u00a0\u00bb et faute d\u2019obligation vaccinale, dit l\u2019\u00e9tude.<\/p>\n<p class=\" wall-content\">La part des cancers du foie dus \u00e0 la <strong>consommation d\u2019alcool<\/strong> et \u00e0 la st\u00e9atose devrait, elle, augmenter : l\u2019accumulation de graisse dans le foie sera en cause dans 11% des cas en 2050 (contre 8% en 2022), soit une hausse de 35%, et l\u2019alcool, de 21,1% des cas \u00e0 cet horizon, selon leurs calculs.<\/p>\n<p>1,52 million de nouveaux cas par an<\/p>\n<p class=\" wall-content\">Les travaux men\u00e9s par une commission d\u2019experts de six pays (Chine, Etats-Unis, Cor\u00e9e du Sud, Italie, Espagne et France, o\u00f9 l\u2019Inserm a collabor\u00e9 notamment) soulignent par ailleurs \u00ab\u00a0l\u2019urgence d\u2019une action mondiale\u00a0\u00bb contre le cancer du foie, apr\u00e8s avoir pass\u00e9 au crible les \u00e9tudes et donn\u00e9es disponibles.<\/p>\n<p class=\" wall-content\">Selon <a href=\"https:\/\/gco.iarc.fr\/\" target=\"_blank\" rel=\"noopener\">l\u2019Observatoire mondial du cancer<\/a>, \u00e0 l\u2019\u00e9chelle de la plan\u00e8te en 2050 le nombre de nouveaux cas grimpera \u00e0 <strong>1,52 million par an<\/strong>, soit un quasi doublement. 1,37 million de personnes en mourront.\u00a0<\/p>\n<p class=\" wall-content\">Huit sur 10 de ces cancers sont des carcinomes h\u00e9patocellulaires, une forme particuli\u00e8rement pr\u00e9sente en Asie de l\u2019Est, Afrique du Nord et Asie du Sud-Est. Au niveau mondial, le taux de survie des malades \u00e0 cinq ans allait de 5% \u00e0 30% entre 2000 et 2014.<\/p>\n<p class=\" wall-content\"><strong>Source : AFP<\/strong><\/p>\n<p class=\" wall-content\">Suivez toute l\u2019actualit\u00e9 de vos villes et m\u00e9dias favoris en vous inscrivant \u00e0 <a href=\"https:\/\/moncompte.actu.fr\" title=\"D\u00e9couvez Mon Actu\" rel=\"nofollow noopener\" data-trk=\"{&quot;cta&quot;:{&quot;action&quot;:&quot;https:\\\/\\\/moncompte.actu.fr&quot;,&quot;category&quot;:&quot;mon compte&quot;,&quot;from&quot;:&quot;article footer&quot;,&quot;name&quot;:&quot;Mon actu&quot;,&quot;type&quot;:&quot;cta&quot;}}\" target=\"_blank\">Mon Actu<\/a>.<\/p>\n","protected":false},"excerpt":{"rendered":"Par R\u00e9daction Actu Publi\u00e9 le 29 juil. 2025 \u00e0 11h32 Une meilleure couverture vaccinale contre l\u2019h\u00e9patite B et&hellip;\n","protected":false},"author":2,"featured_media":282213,"comment_status":"","ping_status":"","sticky":false,"template":"","format":"standard","meta":{"footnotes":""},"categories":[10],"tags":[5702,101,1011,27,72,71,104],"class_list":{"0":"post-282212","1":"post","2":"type-post","3":"status-publish","4":"format-standard","5":"has-post-thumbnail","7":"category-sante","8":"tag-alcool","9":"tag-cancer","10":"tag-fr","11":"tag-france","12":"tag-health","13":"tag-sante","14":"tag-societe"},"share_on_mastodon":{"url":"https:\/\/pubeurope.com\/@fr\/114937308371914104","error":""},"_links":{"self":[{"href":"https:\/\/www.europesays.com\/fr\/wp-json\/wp\/v2\/posts\/282212","targetHints":{"allow":["GET"]}}],"collection":[{"href":"https:\/\/www.europesays.com\/fr\/wp-json\/wp\/v2\/posts"}],"about":[{"href":"https:\/\/www.europesays.com\/fr\/wp-json\/wp\/v2\/types\/post"}],"author":[{"embeddable":true,"href":"https:\/\/www.europesays.com\/fr\/wp-json\/wp\/v2\/users\/2"}],"replies":[{"embeddable":true,"href":"https:\/\/www.europesays.com\/fr\/wp-json\/wp\/v2\/comments?post=282212"}],"version-history":[{"count":0,"href":"https:\/\/www.europesays.com\/fr\/wp-json\/wp\/v2\/posts\/282212\/revisions"}],"wp:featuredmedia":[{"embeddable":true,"href":"https:\/\/www.europesays.com\/fr\/wp-json\/wp\/v2\/media\/282213"}],"wp:attachment":[{"href":"https:\/\/www.europesays.com\/fr\/wp-json\/wp\/v2\/media?parent=282212"}],"wp:term":[{"taxonomy":"category","embeddable":true,"href":"https:\/\/www.europesays.com\/fr\/wp-json\/wp\/v2\/categories?post=282212"},{"taxonomy":"post_tag","embeddable":true,"href":"https:\/\/www.europesays.com\/fr\/wp-json\/wp\/v2\/tags?post=282212"}],"curies":[{"name":"wp","href":"https:\/\/api.w.org\/{rel}","templated":true}]}}