{"id":282232,"date":"2025-07-29T15:58:09","date_gmt":"2025-07-29T15:58:09","guid":{"rendered":"https:\/\/www.europesays.com\/fr\/282232\/"},"modified":"2025-07-29T15:58:09","modified_gmt":"2025-07-29T15:58:09","slug":"elle-a-ete-heliportee-vers-le-chru-de-nancy","status":"publish","type":"post","link":"https:\/\/www.europesays.com\/fr\/282232\/","title":{"rendered":"elle a \u00e9t\u00e9 h\u00e9liport\u00e9e vers le CHRU de Nancy"},"content":{"rendered":"<p>            Par<br \/>\n        <strong><br \/>\n            <a href=\"https:\/\/actu.fr\/auteur\/amandine-mehl\" title=\"Consulter tous les articles de Amandine Mehl\" rel=\"nofollow noopener\" target=\"_blank\">Amandine Mehl<\/a><br \/>\n        <\/strong><\/p>\n<p>        Publi\u00e9 le<\/p>\n<p>            29 juil. 2025 \u00e0 17h39        <\/p>\n<p>Un <strong>grave<\/strong> <a href=\"https:\/\/actu.fr\/tag\/accident\" rel=\"nofollow noopener\" target=\"_blank\">accident<\/a> de la circulation est survenu ce mardi 29 juillet 2025, aux environs de 15h, \u00e0 <strong>Gripport<\/strong> (Meurthe-et-Moselle) sur la <strong>RD 570<\/strong>.<\/p>\n<p class=\" wall-content\">D\u2019apr\u00e8s le Service d\u00e9partemental d\u2019incendie et de secours, un automobiliste, qui circulait avec deux passag\u00e8res, a fait une <strong>sortie de route avant de percuter un poteau \u00e9lectrique<\/strong>.<\/p>\n<p>Une adolescente de 13 ans h\u00e9liport\u00e9e vers le CHRU de Nancy<\/p>\n<p class=\" wall-content\">\u00c2g\u00e9 de 20 ans, le conducteur serait <strong>l\u00e9g\u00e8rement bless\u00e9<\/strong> selon la <a href=\"https:\/\/actu.fr\/tag\/gendarmerie\" rel=\"nofollow noopener\" target=\"_blank\">gendarmerie<\/a>. La passag\u00e8re, \u00e2g\u00e9e de 18 ans, pr\u00e9senterait quant \u00e0 elle des blessures \u00ab\u00a0assez s\u00e9rieuses\u00a0\u00bb.<\/p>\n<p class=\" wall-content\">La derni\u00e8re occupante, une <strong>adolescente de 13 ans<\/strong>, est consid\u00e9r\u00e9e comme<strong> bless\u00e9e grave<\/strong> et a \u00e9t\u00e9 <strong>h\u00e9liport\u00e9e<\/strong> vers le CHRU de Nancy.\u00a0<\/p>\n<p class=\" wall-content\">Une quinzaine de <a href=\"https:\/\/actu.fr\/tag\/pompiers\" rel=\"nofollow noopener\" target=\"_blank\">pompiers<\/a> ont \u00e9t\u00e9 engag\u00e9s sur les lieux du drame. Une <strong>enqu\u00eate<\/strong> a \u00e9t\u00e9 ouverte par la gendarmerie afin de faire la lumi\u00e8re sur les causes exactes de cet accident.<\/p>\n<p class=\" wall-content\">Suivez toute l\u2019actualit\u00e9 de vos villes et m\u00e9dias favoris en vous inscrivant \u00e0 <a href=\"https:\/\/moncompte.actu.fr\" title=\"D\u00e9couvez Mon Actu\" rel=\"nofollow noopener\" data-trk=\"{&quot;cta&quot;:{&quot;action&quot;:&quot;https:\\\/\\\/moncompte.actu.fr&quot;,&quot;category&quot;:&quot;mon compte&quot;,&quot;from&quot;:&quot;article footer&quot;,&quot;name&quot;:&quot;Mon actu&quot;,&quot;type&quot;:&quot;cta&quot;}}\" target=\"_blank\">Mon Actu<\/a>.<\/p>\n","protected":false},"excerpt":{"rendered":"Par Amandine Mehl Publi\u00e9 le 29 juil. 2025 \u00e0 17h39 Un grave accident de la circulation est survenu&hellip;\n","protected":false},"author":2,"featured_media":113920,"comment_status":"","ping_status":"","sticky":false,"template":"","format":"standard","meta":{"footnotes":""},"categories":[9635],"tags":[119,1111,11,1777,674,118,1011,27,3381,775,1702,12,1311,25],"class_list":{"0":"post-282232","1":"post","2":"type-post","3":"status-publish","4":"format-standard","5":"has-post-thumbnail","7":"category-nancy","8":"tag-accident","9":"tag-actu","10":"tag-actualites","11":"tag-eu","12":"tag-europe","13":"tag-faits-divers","14":"tag-fr","15":"tag-france","16":"tag-gendarmerie","17":"tag-grand-est","18":"tag-nancy","19":"tag-news","20":"tag-pompiers","21":"tag-republique-francaise"},"share_on_mastodon":{"url":"https:\/\/pubeurope.com\/@fr\/114937351608707965","error":""},"_links":{"self":[{"href":"https:\/\/www.europesays.com\/fr\/wp-json\/wp\/v2\/posts\/282232","targetHints":{"allow":["GET"]}}],"collection":[{"href":"https:\/\/www.europesays.com\/fr\/wp-json\/wp\/v2\/posts"}],"about":[{"href":"https:\/\/www.europesays.com\/fr\/wp-json\/wp\/v2\/types\/post"}],"author":[{"embeddable":true,"href":"https:\/\/www.europesays.com\/fr\/wp-json\/wp\/v2\/users\/2"}],"replies":[{"embeddable":true,"href":"https:\/\/www.europesays.com\/fr\/wp-json\/wp\/v2\/comments?post=282232"}],"version-history":[{"count":0,"href":"https:\/\/www.europesays.com\/fr\/wp-json\/wp\/v2\/posts\/282232\/revisions"}],"wp:featuredmedia":[{"embeddable":true,"href":"https:\/\/www.europesays.com\/fr\/wp-json\/wp\/v2\/media\/113920"}],"wp:attachment":[{"href":"https:\/\/www.europesays.com\/fr\/wp-json\/wp\/v2\/media?parent=282232"}],"wp:term":[{"taxonomy":"category","embeddable":true,"href":"https:\/\/www.europesays.com\/fr\/wp-json\/wp\/v2\/categories?post=282232"},{"taxonomy":"post_tag","embeddable":true,"href":"https:\/\/www.europesays.com\/fr\/wp-json\/wp\/v2\/tags?post=282232"}],"curies":[{"name":"wp","href":"https:\/\/api.w.org\/{rel}","templated":true}]}}