{"id":282235,"date":"2025-07-29T16:00:12","date_gmt":"2025-07-29T16:00:12","guid":{"rendered":"https:\/\/www.europesays.com\/fr\/282235\/"},"modified":"2025-07-29T16:00:12","modified_gmt":"2025-07-29T16:00:12","slug":"toulon-devoile-son-maillot-exterieur-inspire-du-porte-avions-charles-de-gaulle","status":"publish","type":"post","link":"https:\/\/www.europesays.com\/fr\/282235\/","title":{"rendered":"Toulon d\u00e9voile son maillot ext\u00e9rieur inspir\u00e9 du Porte-avions Charles de Gaulle"},"content":{"rendered":"<p>Le <a href=\"https:\/\/www.laprovence.com\/article\/sports\/1131385782505914\/rugby-le-calendrier-du-top-14-est-tombe-decouvrez-les-dates-cles-de-la-saison-du-rc-toulon\" target=\"_blank\" rel=\"noopener\">Rugby Club Toulonnais<\/a> a d\u00e9voil\u00e9 ce jeudi son nouveau maillot ext\u00e9rieur \u00ab\u00a0forg\u00e9 dans le gris du <a href=\"https:\/\/www.laprovence.com\/article\/france-monde\/13469048856144\/le-porte-avions-charles-de-gaulle-repart-en-operation-apres-pres-dun-an-dindisponibilite\" target=\"_blank\" rel=\"noopener\">Porte-avions Charles de Gaulle<\/a>\u00ab\u00a0. Le club de la Rade a honor\u00e9 le patrimoine militaire et marin de la ville en s&rsquo;inspirant directement de l&rsquo;un de ses monuments qui f\u00eatera ses 25 ans de mise en service en juin 2026.<\/p>\n<p>\u00ab\u00a0Sur ce maillot, les tra\u00een\u00e9es de d\u00e9collage des avions s&rsquo;\u00e9lancent en formant un V, rappel \u00e0 la fois de la vitesse et du scapulaire historique port\u00e9 depuis des g\u00e9n\u00e9rations par les joueurs toulonnais. Le flocage des num\u00e9ros reprend la typographie utilis\u00e9e sur les coques des navires de la Marine nationale. Une police brute, sobre, militaire. \u00c0 l&rsquo;int\u00e9rieur du col, les coordonn\u00e9es GPS du Port de Toulon symbolisant les racines de cette collaboration unique entre deux bastions du territoire varois\u00a0\u00bb, \u00e9crit le club sur son site.<\/p>\n<p>La tunique est disponible en boutique et <a href=\"https:\/\/rctstore.com\/fr\/\" target=\"_blank\" rel=\"noopener\">sur le site du RCT<\/a>. L&rsquo;inflation des maillots touche n\u00e9anmoins le monde de l&rsquo;Ovalie, aussi, puisqu&rsquo;il faudra d\u00e9bourser 99,99\u20ac pour se la procurer, sans flocage.<\/p>\n","protected":false},"excerpt":{"rendered":"Le Rugby Club Toulonnais a d\u00e9voil\u00e9 ce jeudi son nouveau maillot ext\u00e9rieur \u00ab\u00a0forg\u00e9 dans le gris du Porte-avions&hellip;\n","protected":false},"author":2,"featured_media":282236,"comment_status":"","ping_status":"","sticky":false,"template":"","format":"standard","meta":{"footnotes":""},"categories":[9619],"tags":[17,1111,11,851,1777,674,4815,1011,27,42142,10274,12,882,25,479,3711,60,2310],"class_list":{"0":"post-282235","1":"post","2":"type-post","3":"status-publish","4":"format-standard","5":"has-post-thumbnail","7":"category-toulon","8":"tag-17","9":"tag-actu","10":"tag-actualites","11":"tag-devoile","12":"tag-eu","13":"tag-europe","14":"tag-exterieur","15":"tag-fr","16":"tag-france","17":"tag-inspire","18":"tag-maillot","19":"tag-news","20":"tag-provence-alpes-cote-dazur","21":"tag-republique-francaise","22":"tag-rugby","23":"tag-son","24":"tag-sports","25":"tag-toulon"},"share_on_mastodon":{"url":"https:\/\/pubeurope.com\/@fr\/114937359465480483","error":""},"_links":{"self":[{"href":"https:\/\/www.europesays.com\/fr\/wp-json\/wp\/v2\/posts\/282235","targetHints":{"allow":["GET"]}}],"collection":[{"href":"https:\/\/www.europesays.com\/fr\/wp-json\/wp\/v2\/posts"}],"about":[{"href":"https:\/\/www.europesays.com\/fr\/wp-json\/wp\/v2\/types\/post"}],"author":[{"embeddable":true,"href":"https:\/\/www.europesays.com\/fr\/wp-json\/wp\/v2\/users\/2"}],"replies":[{"embeddable":true,"href":"https:\/\/www.europesays.com\/fr\/wp-json\/wp\/v2\/comments?post=282235"}],"version-history":[{"count":0,"href":"https:\/\/www.europesays.com\/fr\/wp-json\/wp\/v2\/posts\/282235\/revisions"}],"wp:featuredmedia":[{"embeddable":true,"href":"https:\/\/www.europesays.com\/fr\/wp-json\/wp\/v2\/media\/282236"}],"wp:attachment":[{"href":"https:\/\/www.europesays.com\/fr\/wp-json\/wp\/v2\/media?parent=282235"}],"wp:term":[{"taxonomy":"category","embeddable":true,"href":"https:\/\/www.europesays.com\/fr\/wp-json\/wp\/v2\/categories?post=282235"},{"taxonomy":"post_tag","embeddable":true,"href":"https:\/\/www.europesays.com\/fr\/wp-json\/wp\/v2\/tags?post=282235"}],"curies":[{"name":"wp","href":"https:\/\/api.w.org\/{rel}","templated":true}]}}