{"id":28224,"date":"2025-04-16T02:49:11","date_gmt":"2025-04-16T02:49:11","guid":{"rendered":"https:\/\/www.europesays.com\/fr\/28224\/"},"modified":"2025-04-16T02:49:11","modified_gmt":"2025-04-16T02:49:11","slug":"le-chef-de-lotan-mark-rutte-reaffirme-son-soutien-a-lukraine-lors-dune-visite-surprise-a-odessa","status":"publish","type":"post","link":"https:\/\/www.europesays.com\/fr\/28224\/","title":{"rendered":"Le chef de l&rsquo;OTAN Mark Rutte r\u00e9affirme son soutien \u00e0 l&rsquo;Ukraine lors d&rsquo;une visite surprise \u00e0 Odessa"},"content":{"rendered":"<p>Le soutien de l&rsquo;OTAN \u00e0 l&rsquo;Ukraine reste \u00ab\u00a0in\u00e9branlable\u00a0\u00bb, affirme le secr\u00e9taire g\u00e9n\u00e9ral de l&rsquo;Alliance, soulignant que plus de 20 milliards d&rsquo;euros d&rsquo;aide \u00e0 la s\u00e9curit\u00e9 ont d\u00e9j\u00e0 \u00e9t\u00e9 promis par les alli\u00e9s de Kyiv au cours des trois premiers mois de l&rsquo;ann\u00e9e 2025.<\/p>\n<p>Mark Rutte a effectu\u00e9 <strong>une visite surprise en Ukraine mardi et a rencontr\u00e9 le pr\u00e9sident Volodymyr Zelensky dans la ville portuaire d&rsquo;Odessa<\/strong>, dans le sud du pays.<\/p>\n<p>\u00ab\u00a0Je suis ici aujourd&rsquo;hui parce que je crois que le peuple ukrainien m\u00e9rite une paix r\u00e9elle, une s\u00e9curit\u00e9 r\u00e9elle dans son pays, dans ses foyers\u00a0\u00bb, a d\u00e9clar\u00e9 le chef de l&rsquo;OTAN lors d&rsquo;une conf\u00e9rence de presse conjointe avec Volodymyr Zelensky.<\/p>\n<p>Ils ont tous deux visit\u00e9 un h\u00f4pital de la ville o\u00f9 ils ont rencontr\u00e9 des soldats ukrainiens bless\u00e9s et salu\u00e9 des membres du personnel m\u00e9dical.<\/p>\n<p>La visite de Mark Rutte intervient quelques jours apr\u00e8s que <strong>deux missiles balistiques russes ont frapp\u00e9 le centre de Soumy le dimanche des Rameaux, <a href=\"https:\/\/fr.news.yahoo.com\/apr%C3%A8s-frappes-russes-meurtri%C3%A8res-soumy-073417504.html\" data-ylk=\"slk:tuant au moins 35 personnes;elm:context_link;itc:0;sec:content-canvas;outcm:mb_qualified_link;_E:mb_qualified_link;ct:story;\" class=\"link  yahoo-link\" rel=\"nofollow noopener\" target=\"_blank\">tuant au moins 35 personnes<\/a>, dont deux enfants, et en blessant 119 autres<\/strong>.<\/p>\n<p>Cette ville du nord-est de l&rsquo;Ukraine se trouve \u00e0 une trentaine de kilom\u00e8tres de la fronti\u00e8re avec la Russie.<\/p>\n<p>Il s&rsquo;agit de la deuxi\u00e8me attaque d&rsquo;envergure en un peu plus d&rsquo;une semaine \u00e0 faire d&rsquo;importantes victimes civiles, apr\u00e8s que <a href=\"https:\/\/fr.news.yahoo.com\/au-moins-18-morts-frappes-064911876.html\" data-ylk=\"slk:19 personnes ont \u00e9t\u00e9 tu\u00e9es;elm:context_link;itc:0;sec:content-canvas;outcm:mb_qualified_link;_E:mb_qualified_link;ct:story;\" class=\"link  yahoo-link\" rel=\"nofollow noopener\" target=\"_blank\"><strong>19 personnes ont \u00e9t\u00e9 tu\u00e9es<\/strong><\/a> dans des frappes sur Kryvy\u00ef Rih.<\/p>\n<p>Discussions de la \u00ab\u00a0Coalition des volontaires\u00a0\u00bb<\/p>\n<p>Il s&rsquo;agit du premier voyage de Mark Rutte en Ukraine depuis que le pr\u00e9sident am\u00e9ricain Donald Trump a pris la t\u00eate des n\u00e9gociations sur le cessez-le-feu entre Kyiv et Moscou, qui ont comport\u00e9 plusieurs cycles de discussions en Arabie saoudite.<\/p>\n<p>\u00ab\u00a0Ces discussions ne sont pas faciles, notamment \u00e0 la suite de ces violences horribles\u00a0\u00bb, a d\u00e9clar\u00e9 le chef de l&rsquo;OTAN, faisant r\u00e9f\u00e9rence aux r\u00e9centes frappes. \u00ab\u00a0Mais nous soutenons tous les efforts du pr\u00e9sident Donald Trump en faveur de la paix\u00a0\u00bb.<\/p>\n<p>L&rsquo;Ukraine a approuv\u00e9 l&rsquo;accord de cessez-le-feu inconditionnel propos\u00e9 par les \u00c9tats-Unis, mais la Russie le rejette toujours.<\/p>\n<p><img decoding=\"async\" class=\"caas-img caas-lazy has-preview\" alt=\"De la fum\u00e9e s'\u00e9l\u00e8ve d'un b\u00e2timent apr\u00e8s l'explosion d'un drone russe \u00e0 Soumy, en Ukraine, le lundi 14 avril 2025\" src=\"https:\/\/www.europesays.com\/fr\/wp-content\/uploads\/2025\/04\/d7d63496f620476eef7f460d60ca33b5.jpeg\"\/><\/p>\n<p> De la fum\u00e9e s&rsquo;\u00e9l\u00e8ve d&rsquo;un b\u00e2timent apr\u00e8s l&rsquo;explosion d&rsquo;un drone russe \u00e0 Soumy, en Ukraine, le lundi 14 avril 2025   &#8211; AP Photo <\/p>\n<p>Dans le m\u00eame temps, <strong>l&rsquo;Ukraine et ses partenaires europ\u00e9ens continuent de d\u00e9velopper la \u00ab\u00a0Coalition des volontaires\u00a0\u00bb<\/strong>, qui vise \u00e0 agir comme une garantie de s\u00e9curit\u00e9 \u00e0 long terme pour dissuader les futures agressions russes apr\u00e8s la mise en place d&rsquo;un cessez-le-feu.<\/p>\n<p>Dans ce contexte d&rsquo;incertitude face \u00e0 l&rsquo;impr\u00e9visibilit\u00e9 de Donald Trump, cette force multinationale est consid\u00e9r\u00e9e comme un premier signe de la volont\u00e9 du continent de se d\u00e9fendre et de d\u00e9fendre ses int\u00e9r\u00eats.<\/p>\n<p>Discussions en Turquie sur la s\u00e9curit\u00e9 en mer Noire<\/p>\n<p>Volodymyr Zelensky estime que <strong>la Turquie pourrait jouer un r\u00f4le important en fournissant \u00e0 l&rsquo;Ukraine de futures garanties de s\u00e9curit\u00e9 sur la mer Noire<\/strong>.<\/p>\n<p>\u00ab\u00a0Malheureusement, il ne s&rsquo;agit pas de mettre fin \u00e0 la guerre\u00a0\u00bb, a d\u00e9clar\u00e9 le pr\u00e9sident ukrainien, commentant la r\u00e9union sur la s\u00e9curit\u00e9 organis\u00e9e par la Turquie mardi et mercredi. \u00ab\u00a0Il s&rsquo;agit de ce qui vient apr\u00e8s, c&rsquo;est-\u00e0-dire des garanties de s\u00e9curit\u00e9 pour l&rsquo;Ukraine \u00e0 la suite d&rsquo;un cessez-le-feu\u00a0\u00bb.<\/p>\n<p>Il pr\u00e9cise que les repr\u00e9sentants militaires de l&rsquo;Ukraine, de la France, du Royaume-Uni et de la Turquie \u00e9voqueraient la pr\u00e9sence d&rsquo;un contingent militaire en mer Noire dans le cadre de ces garanties.<\/p>\n<p><img decoding=\"async\" class=\"caas-img caas-lazy has-preview\" alt=\"Le secr\u00e9taire g\u00e9n\u00e9ral de l'OTAN Mark Rutte et le pr\u00e9sident ukrainien Volodymyr Zelensky rendent visite \u00e0 un soldat ukrainien bless\u00e9 dans un h\u00f4pital d'Odessa, le 15 avril 2025\" src=\"https:\/\/www.europesays.com\/fr\/wp-content\/uploads\/2025\/04\/c24ae9e789943769e2813035e9f9b640.jpeg\"\/><\/p>\n<p> Le secr\u00e9taire g\u00e9n\u00e9ral de l&rsquo;OTAN Mark Rutte et le pr\u00e9sident ukrainien Volodymyr Zelensky rendent visite \u00e0 un soldat ukrainien bless\u00e9 dans un h\u00f4pital d&rsquo;Odessa, le 15 avril 2025   &#8211; Bureau de presse de la pr\u00e9sidence ukrainienne via AP <\/p>\n<p>La r\u00e9union en Turquie intervient moins d&rsquo;un mois apr\u00e8s que les \u00c9tats-Unis ont annonc\u00e9 que la Russie et l&rsquo;Ukraine s&rsquo;\u00e9taient mises d&rsquo;accord pour \u00ab\u00a0\u00e9liminer le recours \u00e0 la force\u00a0\u00bb en mer Noire.<\/p>\n<p>Toutefois, <strong>des d\u00e9tails essentiels n&rsquo;ont pas \u00e9t\u00e9 r\u00e9gl\u00e9s et le Kremlin a conditionn\u00e9 l&rsquo;accord \u00e0 la lev\u00e9e de certaines sanctions occidentales<\/strong>.<\/p>\n<p><b class=\"c-widget-related__title__text\">Related<\/b><\/p>\n<p>Volodymyr Zelensky a par ailleurs qualifi\u00e9 de \u00ab\u00a0positives\u00a0\u00bb les discussions qui ont eu lieu la semaine derni\u00e8re \u00e0 Washington quant \u00e0 un projet r\u00e9vis\u00e9 d&rsquo;accord sur les minerais rares en Ukraine.<\/p>\n<p>Il a d\u00e9clar\u00e9 que la r\u00e9union \u00e9tait une session technique pour les \u00e9quipes d&rsquo;experts et que \u00ab\u00a0les deux parties ont conclu la r\u00e9union sur une note positive\u00a0\u00bb.<\/p>\n<p>Ces discussions &#8211; en ligne et en personne &#8211; se poursuivront tout au long de la semaine et les \u00e9quipes pr\u00e9senteront les r\u00e9sultats de leurs travaux lorsqu&rsquo;elles seront pr\u00eates, pr\u00e9cise le pr\u00e9sident ukrainien.<\/p>\n","protected":false},"excerpt":{"rendered":"Le soutien de l&rsquo;OTAN \u00e0 l&rsquo;Ukraine reste \u00ab\u00a0in\u00e9branlable\u00a0\u00bb, affirme le secr\u00e9taire g\u00e9n\u00e9ral de l&rsquo;Alliance, soulignant que plus de&hellip;\n","protected":false},"author":2,"featured_media":28225,"comment_status":"","ping_status":"","sticky":false,"template":"","format":"standard","meta":{"footnotes":""},"categories":[1590],"tags":[11,1777,674,5493,2287,12,2289,220,134],"class_list":{"0":"post-28224","1":"post","2":"type-post","3":"status-publish","4":"format-standard","5":"has-post-thumbnail","7":"category-ukraine","8":"tag-actualites","9":"tag-eu","10":"tag-europe","11":"tag-lukraine","12":"tag-mark-rutte","13":"tag-news","14":"tag-secretaire-general-de-lotan","15":"tag-ukraine","16":"tag-volodymyr-zelensky"},"share_on_mastodon":{"url":"https:\/\/pubeurope.com\/@fr\/114345368869538026","error":""},"_links":{"self":[{"href":"https:\/\/www.europesays.com\/fr\/wp-json\/wp\/v2\/posts\/28224","targetHints":{"allow":["GET"]}}],"collection":[{"href":"https:\/\/www.europesays.com\/fr\/wp-json\/wp\/v2\/posts"}],"about":[{"href":"https:\/\/www.europesays.com\/fr\/wp-json\/wp\/v2\/types\/post"}],"author":[{"embeddable":true,"href":"https:\/\/www.europesays.com\/fr\/wp-json\/wp\/v2\/users\/2"}],"replies":[{"embeddable":true,"href":"https:\/\/www.europesays.com\/fr\/wp-json\/wp\/v2\/comments?post=28224"}],"version-history":[{"count":0,"href":"https:\/\/www.europesays.com\/fr\/wp-json\/wp\/v2\/posts\/28224\/revisions"}],"wp:featuredmedia":[{"embeddable":true,"href":"https:\/\/www.europesays.com\/fr\/wp-json\/wp\/v2\/media\/28225"}],"wp:attachment":[{"href":"https:\/\/www.europesays.com\/fr\/wp-json\/wp\/v2\/media?parent=28224"}],"wp:term":[{"taxonomy":"category","embeddable":true,"href":"https:\/\/www.europesays.com\/fr\/wp-json\/wp\/v2\/categories?post=28224"},{"taxonomy":"post_tag","embeddable":true,"href":"https:\/\/www.europesays.com\/fr\/wp-json\/wp\/v2\/tags?post=28224"}],"curies":[{"name":"wp","href":"https:\/\/api.w.org\/{rel}","templated":true}]}}