{"id":282241,"date":"2025-07-29T16:03:09","date_gmt":"2025-07-29T16:03:09","guid":{"rendered":"https:\/\/www.europesays.com\/fr\/282241\/"},"modified":"2025-07-29T16:03:09","modified_gmt":"2025-07-29T16:03:09","slug":"pourquoi-lentreprise-elite-pare-brise-a-ferme-ses-portes-a-rouen-et-au-havre","status":"publish","type":"post","link":"https:\/\/www.europesays.com\/fr\/282241\/","title":{"rendered":"Pourquoi l&rsquo;entreprise \u00c9lite Pare-Brise a ferm\u00e9 ses portes \u00e0 Rouen et au Havre"},"content":{"rendered":"<p>            Par<br \/>\n        <strong><br \/>\n            <a href=\"https:\/\/actu.fr\/auteur\/adrien-filoche\" title=\"Consulter tous les articles de Adrien Filoche\" rel=\"nofollow noopener\" target=\"_blank\">Adrien Filoche<\/a><br \/>\n        <\/strong><\/p>\n<p>        Publi\u00e9 le<\/p>\n<p>            29 juil. 2025 \u00e0 17h00        <\/p>\n<p><strong>Aucune issue n\u2019a \u00e9t\u00e9 trouv\u00e9e.<\/strong> En octobre\u00a02024, l\u2019entreprise \u00c9lite Pare-Brise, dont le si\u00e8ge social est \u00e0 <a href=\"https:\/\/actu.fr\/normandie\/mont-saint-aignan_76451\" rel=\"nofollow noopener\" target=\"_blank\">Mont-Saint-Aignan (Seine-Maritime)<\/a>, pr\u00e8s de Rouen, avait \u00e9t\u00e9 plac\u00e9e <a href=\"https:\/\/actu.fr\/normandie\/rouen_76540\/exclu-cette-entreprise-bien-connue-de-rouen-placee-en-redressement-judiciaire-ce-que-l-on-sait_61960432.html\" rel=\"nofollow noopener\" target=\"_blank\">en redressement judiciaire.<\/a> \u00c0 cette \u00e9poque, la soci\u00e9t\u00e9 esp\u00e9rait un \u00e9ventuel repreneur. Mais en d\u00e9but d\u2019ann\u00e9e 2025,<strong> la liquidation judiciaire<\/strong> a \u00e9t\u00e9 prononc\u00e9e par le tribunal de commerce de Rouen. Depuis, les fermetures de ses nombreux centres en France, dont celui de Rouen et du Havre, ont suivi.<\/p>\n<p>Le si\u00e8ge social \u00e9tait \u00e0 Mont-Saint-Aignan<\/p>\n<p class=\" wall-content\">En <strong>situation de cessation de paiements<\/strong> suite \u00e0 un contentieux qui l\u2019oppose avec des assureurs, la soci\u00e9t\u00e9 qui d\u00e9non\u00e7ait alors une situation de \u00ab\u2009concurrence d\u00e9loyale\u2009\u00bb aupr\u00e8s de 76actu, faisait face \u00e0 un<strong> trou important dans sa tr\u00e9sorerie.<\/strong> La soci\u00e9t\u00e9 a finalement \u00e9t\u00e9 plac\u00e9e en liquidation judiciaire en janvier\u00a02025, signifiant la fin de ses activit\u00e9s.<\/p>\n<p class=\" wall-content\">A contrario, l\u2019entreprise avait \u00e9t\u00e9 \u00e9pingl\u00e9e pour ses pratiques commerciales agressives, \u00e0 base de cadeaux offerts aux clients.<\/p>\n<p class=\" wall-content\">\u00c9lite Pare-Brise disposait d\u2019une trentaine de centres dans toute la France \u2014 dont un boulevard des Belges \u00e0 Rouen et un autre boulevard de Strasbourg au Havre, aujourd\u2019hui ferm\u00e9 \u2014 et employait environ 150 salari\u00e9s, dont une quarantaine au si\u00e8ge social situ\u00e9 \u00e0 Mont-Saint-Aignan.<\/p>\n<p class=\" wall-content\">Contact\u00e9, le directeur de l\u2019entreprise n\u2019a pas souhait\u00e9 r\u00e9pondre \u00e0 nos questions.<\/p>\n<p>Suivez l\u2019actualit\u00e9 de Rouen sur <a href=\"https:\/\/www.whatsapp.com\/channel\/0029VaKfnf99hXF2ddApFB1D\" rel=\"nofollow noopener\" target=\"_blank\">notre cha\u00eene WhatsApp<\/a> et sur <a href=\"https:\/\/www.tiktok.com\/@76actu.fr?lang=fr\" rel=\"nofollow noopener\" target=\"_blank\">notre compte TikTok<\/a><\/p>\n<p class=\" wall-content\">Suivez toute l\u2019actualit\u00e9 de vos villes et m\u00e9dias favoris en vous inscrivant \u00e0 <a href=\"https:\/\/moncompte.actu.fr\" title=\"D\u00e9couvez Mon Actu\" rel=\"nofollow noopener\" data-trk=\"{&quot;cta&quot;:{&quot;action&quot;:&quot;https:\\\/\\\/moncompte.actu.fr&quot;,&quot;category&quot;:&quot;mon compte&quot;,&quot;from&quot;:&quot;article footer&quot;,&quot;name&quot;:&quot;Mon actu&quot;,&quot;type&quot;:&quot;cta&quot;}}\" target=\"_blank\">Mon Actu<\/a>.<\/p>\n<p>                    <script async src=\"\/\/www.tiktok.com\/embed.js\"><\/script><\/p>\n","protected":false},"excerpt":{"rendered":"Par Adrien Filoche Publi\u00e9 le 29 juil. 2025 \u00e0 17h00 Aucune issue n\u2019a \u00e9t\u00e9 trouv\u00e9e. En octobre\u00a02024, l\u2019entreprise&hellip;\n","protected":false},"author":2,"featured_media":282242,"comment_status":"","ping_status":"","sticky":false,"template":"","format":"standard","meta":{"footnotes":""},"categories":[9587],"tags":[1111,11,215,33,1777,674,1011,27,303,12,5161,25,9590],"class_list":{"0":"post-282241","1":"post","2":"type-post","3":"status-publish","4":"format-standard","5":"has-post-thumbnail","7":"category-rouen","8":"tag-actu","9":"tag-actualites","10":"tag-commerce","11":"tag-economie","12":"tag-eu","13":"tag-europe","14":"tag-fr","15":"tag-france","16":"tag-justice","17":"tag-news","18":"tag-normandie","19":"tag-republique-francaise","20":"tag-rouen"},"share_on_mastodon":{"url":"https:\/\/pubeurope.com\/@fr\/114937371300037039","error":""},"_links":{"self":[{"href":"https:\/\/www.europesays.com\/fr\/wp-json\/wp\/v2\/posts\/282241","targetHints":{"allow":["GET"]}}],"collection":[{"href":"https:\/\/www.europesays.com\/fr\/wp-json\/wp\/v2\/posts"}],"about":[{"href":"https:\/\/www.europesays.com\/fr\/wp-json\/wp\/v2\/types\/post"}],"author":[{"embeddable":true,"href":"https:\/\/www.europesays.com\/fr\/wp-json\/wp\/v2\/users\/2"}],"replies":[{"embeddable":true,"href":"https:\/\/www.europesays.com\/fr\/wp-json\/wp\/v2\/comments?post=282241"}],"version-history":[{"count":0,"href":"https:\/\/www.europesays.com\/fr\/wp-json\/wp\/v2\/posts\/282241\/revisions"}],"wp:featuredmedia":[{"embeddable":true,"href":"https:\/\/www.europesays.com\/fr\/wp-json\/wp\/v2\/media\/282242"}],"wp:attachment":[{"href":"https:\/\/www.europesays.com\/fr\/wp-json\/wp\/v2\/media?parent=282241"}],"wp:term":[{"taxonomy":"category","embeddable":true,"href":"https:\/\/www.europesays.com\/fr\/wp-json\/wp\/v2\/categories?post=282241"},{"taxonomy":"post_tag","embeddable":true,"href":"https:\/\/www.europesays.com\/fr\/wp-json\/wp\/v2\/tags?post=282241"}],"curies":[{"name":"wp","href":"https:\/\/api.w.org\/{rel}","templated":true}]}}