{"id":282257,"date":"2025-07-29T16:13:11","date_gmt":"2025-07-29T16:13:11","guid":{"rendered":"https:\/\/www.europesays.com\/fr\/282257\/"},"modified":"2025-07-29T16:13:11","modified_gmt":"2025-07-29T16:13:11","slug":"police-de-proximite-la-ville-de-nice-ouvre-ses-kiosques-daccueil-multiservices","status":"publish","type":"post","link":"https:\/\/www.europesays.com\/fr\/282257\/","title":{"rendered":"Police de proximit\u00e9 : la ville de Nice ouvre ses kiosques d&rsquo;accueil multiservices"},"content":{"rendered":"<p><strong>Annonc\u00e9e par la m\u00e9tropole de Nice en mai dernier, Christian Estrosi, maire de Nice, a officialis\u00e9, le 28 juillet, l\u2019ouverture de deux kiosques multifonction exp\u00e9rimentaux sur la place Mass\u00e9na et Garibaldi.<\/strong><\/p>\n<p>Les nouveaux dispositifs exp\u00e9rimentaux de la <a href=\"https:\/\/www.nicepremium.fr\/actualite\/un-nouveau-poste-de-police-municipale-au-port-de-nice\/\" target=\"_blank\" rel=\"noreferrer noopener nofollow\">police municipale <\/a>ont \u00e9t\u00e9 inaugur\u00e9s sur les places <strong>Mass\u00e9na et Garibaldi <\/strong>par le pr\u00e9sident de la M\u00e9tropole de Nice C\u00f4te d\u2019Azur (MNCA), <strong>Christian Estrosi<\/strong>, le 28 juillet. Les agents de la police municipale et de l\u2019office du tourisme tiennent les gu\u00e9rites pour recueillir dol\u00e9ances, signalement d\u2019incivilit\u00e9s ou troubles \u00e0 la tranquillit\u00e9 publique. \u00ab Le meilleur moyen pour \u00eatre pris en contact avec le service de s\u00e9curit\u00e9, c\u2019est d\u2019\u00eatre connect\u00e9 \u00bb, insiste le maire Horizon. Une connexion num\u00e9rique et humaine est prise en charge par les forces de l\u2019ordre, selon le premier magistrat de Nice.<\/p>\n<p><strong>Multifonction des kiosques<\/strong><\/p>\n<p>\u00c0 l\u2019origine, les gu\u00e9rites ont \u00e9t\u00e9 implant\u00e9es pour accueillir les forces de l\u2019ordre. Les habitants et les touristes du littoral peuvent, selon la municipalit\u00e9, demander des informations et des prestations administratives, sans aller au <strong><a href=\"https:\/\/www.departement06.fr\/annuaire-general\/centre-administratif-departemental-des-alpes-maritimes\" target=\"_blank\" rel=\"noreferrer noopener nofollow\">Centre administratif du d\u00e9partement<\/a><\/strong>. Des dol\u00e9ances sont enregistr\u00e9es et trait\u00e9es dans un d\u00e9lai de 24 heures. Avec sa connexion \u00e0 la police municipale, les centres multifonctions sont \u00e9quip\u00e9s pour r\u00e9pondre aux demandes quotidiennes. Parmi ces demandes, on compte l\u2019impression de documents, l\u2019orientation de touristes et le renseignement.<\/p>\n<p>Chaque jour, des patrouilles \u00e0 pied ou en VTT sont mobilis\u00e9es de la Promenade du Paillon \u00e0 F\u00e9lix Faure jusqu\u2019\u00e0 Jean Jaur\u00e8s.<\/p>\n<p>Apr\u00e8s l\u2019annonce, <strong>Jean-Pierre Scarfone<\/strong>, pr\u00e9sident des commer\u00e7ants de la rue Bonaparte, ne cache pas son enthousiasme : \u00ab c\u2019est super, les kiosques multiservices vont permettre de fournir des informations aux Ni\u00e7ois et aux touristes \u00bb, a-t-il lanc\u00e9. C\u00f4t\u00e9 s\u00e9curit\u00e9, la pr\u00e9sence polici\u00e8re ou des agents de surveillance de la voie publique (ASVP), selon le patron des commer\u00e7ants, rassurent les r\u00e9sidents et les marchands.<\/p>\n<p><strong>Projet lanc\u00e9 \u00e0 l\u2019UNOC et fix\u00e9 jusqu\u2019en septembre 2025<\/strong><\/p>\n<p>En 11 jours, pendant la <strong><a href=\"https:\/\/www.nicepremium.fr\/actualite\/un-traite-deja-mis-en-oeuvre-emmanuel-macron-ouvre-lunoc-3-a-nice-ce-lundi-9-juin\/\" target=\"_blank\" rel=\"noreferrer noopener nofollow\">Conf\u00e9rence des Nations unies sur l\u2019Oc\u00e9an<\/a><\/strong> (UNOC), la municipalit\u00e9 a comptabilis\u00e9 <strong>6 000 personnes<\/strong>, sur le quai des \u00c9tats-Unis, \u00e0 Garibaldi et au port. Si le projet convainc la ville, d\u2019autres points strat\u00e9giques seront mis en place. La gare Thiers, l\u2019avenue Jean M\u00e9decin (\u00e0 hauteur de Nice \u00c9toile, ndlr), le port ou la Promenade des Anglais sont des lieux \u00e9tudi\u00e9s par la mairie.<\/p>\n<p><strong>Th\u00e9o Cireddu<\/strong><\/p>\n","protected":false},"excerpt":{"rendered":"Annonc\u00e9e par la m\u00e9tropole de Nice en mai dernier, Christian Estrosi, maire de Nice, a officialis\u00e9, le 28&hellip;\n","protected":false},"author":2,"featured_media":282258,"comment_status":"","ping_status":"","sticky":false,"template":"","format":"standard","meta":{"footnotes":""},"categories":[2819],"tags":[1111,11,1777,674,1011,27,12,2401,882,25],"class_list":{"0":"post-282257","1":"post","2":"type-post","3":"status-publish","4":"format-standard","5":"has-post-thumbnail","7":"category-nice","8":"tag-actu","9":"tag-actualites","10":"tag-eu","11":"tag-europe","12":"tag-fr","13":"tag-france","14":"tag-news","15":"tag-nice","16":"tag-provence-alpes-cote-dazur","17":"tag-republique-francaise"},"share_on_mastodon":{"url":"https:\/\/pubeurope.com\/@fr\/114937410628900794","error":""},"_links":{"self":[{"href":"https:\/\/www.europesays.com\/fr\/wp-json\/wp\/v2\/posts\/282257","targetHints":{"allow":["GET"]}}],"collection":[{"href":"https:\/\/www.europesays.com\/fr\/wp-json\/wp\/v2\/posts"}],"about":[{"href":"https:\/\/www.europesays.com\/fr\/wp-json\/wp\/v2\/types\/post"}],"author":[{"embeddable":true,"href":"https:\/\/www.europesays.com\/fr\/wp-json\/wp\/v2\/users\/2"}],"replies":[{"embeddable":true,"href":"https:\/\/www.europesays.com\/fr\/wp-json\/wp\/v2\/comments?post=282257"}],"version-history":[{"count":0,"href":"https:\/\/www.europesays.com\/fr\/wp-json\/wp\/v2\/posts\/282257\/revisions"}],"wp:featuredmedia":[{"embeddable":true,"href":"https:\/\/www.europesays.com\/fr\/wp-json\/wp\/v2\/media\/282258"}],"wp:attachment":[{"href":"https:\/\/www.europesays.com\/fr\/wp-json\/wp\/v2\/media?parent=282257"}],"wp:term":[{"taxonomy":"category","embeddable":true,"href":"https:\/\/www.europesays.com\/fr\/wp-json\/wp\/v2\/categories?post=282257"},{"taxonomy":"post_tag","embeddable":true,"href":"https:\/\/www.europesays.com\/fr\/wp-json\/wp\/v2\/tags?post=282257"}],"curies":[{"name":"wp","href":"https:\/\/api.w.org\/{rel}","templated":true}]}}