{"id":282266,"date":"2025-07-29T16:18:11","date_gmt":"2025-07-29T16:18:11","guid":{"rendered":"https:\/\/www.europesays.com\/fr\/282266\/"},"modified":"2025-07-29T16:18:11","modified_gmt":"2025-07-29T16:18:11","slug":"rendez-vous-seniors-en-aout-pour-un-ete-actif-et-connecte-haute-garonne-toulouse","status":"publish","type":"post","link":"https:\/\/www.europesays.com\/fr\/282266\/","title":{"rendered":"Rendez-vous Seniors\u00a0\u00bb en ao\u00fbt pour un \u00e9t\u00e9 actif et connect\u00e9 &#8211; Haute Garonne &#8211; Toulouse"},"content":{"rendered":"<p><strong>Con\u00e7u pour les seniors toulousains d\u00e9tenteurs de la carte \u00ab\u00a0montoulouse Senior\u00a0\u00bb, ce programme vise \u00e0 offrir un \u00e9ventail d&rsquo;activit\u00e9s culturelles, sportives et num\u00e9riques, afin de maintenir le lien social et favoriser le bien-\u00eatre tout l&rsquo;\u00e9t\u00e9.<\/strong>&#13;<br \/>\n&#13;<br \/>\nAu programme :\u00a0Activit\u00e9s Physiques : des sorties piscine sont pr\u00e9vues les jeudis matin (7 et 21 ao\u00fbt) \u00e0 la piscine Nakache au tarif de 2,50\u20ac. Les amateurs de Swin-Golf pourront s&rsquo;exercer les lundis 11, 18 et 25 ao\u00fbt. Marche nordique sera \u00e0 d\u00e9couvrir les mardis 12, 19 et 26 ao\u00fbt, et les jeudis 14, 21 et 28 ao\u00fbt. Le tarif pour ces activit\u00e9s physiques est de 3,15\u20ac.&#13;<br \/>\n&#13;<br \/>\nPromenades : des parcours de 5 \u00e0 6 km d&rsquo;environ 1h30 sont organis\u00e9s dans diff\u00e9rents cadres : des berges du Touch (11 et 12 ao\u00fbt), de la coul\u00e9e verte (18 et 19 ao\u00fbt) et du parc du Grand Noble \u00e0 Blagnac (25 et 26 ao\u00fbt). Le tarif pour ces promenades est de 2,50 \u20ac. Des journ\u00e9es \u00ab\u00a0Balade initiation photo\u00a0\u00bb sont propos\u00e9es les 20 et 22 ao\u00fbt \u00e0 9h30, pour 3,50\u20ac (rendez-vous \u00e0 9h20 place int\u00e9rieure Saint-Cyprien).&#13;<br \/>\n&#13;<br \/>\nConf\u00e9rences : des conf\u00e9rences sont propos\u00e9es \u00e0 la salle du S\u00e9n\u00e9chal chaque lundi et jeudi aux dates suivantes : 4, 7, 11, 14, 18, 21, 25 et 28 ao\u00fbt. L&rsquo;entr\u00e9e est libre, dans la limite des places disponibles. Ces rendez-vous sont l&rsquo;occasion de d\u00e9couvrir des villes, des pays, des civilisations, et parfois m\u00eame de s&rsquo;\u00e9vader en musique \u00e0 travers des voyages en chansons.&#13;<br \/>\n&#13;<br \/>\nEspaces Seniors : les Espaces Seniors du S\u00e9n\u00e9chal, de la Reynerie et de la Terrasse proposent un acc\u00e8s libre \u00e0 des activit\u00e9s pour les d\u00e9tenteurs du Pass Espace Seniors (10\u20ac\/an). Le S\u00e9n\u00e9chal propose des jeux de soci\u00e9t\u00e9, ateliers m\u00e9moire et karaok\u00e9s. La Reynerie organise des ateliers jeux et loisirs cr\u00e9atifs. La Terrasse propose des activit\u00e9s de p\u00e9tanque, des rencontres interg\u00e9n\u00e9rationnelles.&#13;<br \/>\n&#13;<br \/>\nProgramme disponible en ligne ou \u00e0 contacter le Point Info Seniors au 0 800 042 444 (appel gratuit).<\/p>\n<p>                Cet article est r\u00e9serv\u00e9 aux abonn\u00e9s.<\/p>\n<p class=\"signature\" itemscope=\"\" itemprop=\"Author\" itemtype=\"http:\/\/schema.org\/Person\">\n                VLoz\n            <\/p>\n","protected":false},"excerpt":{"rendered":"Con\u00e7u pour les seniors toulousains d\u00e9tenteurs de la carte \u00ab\u00a0montoulouse Senior\u00a0\u00bb, ce programme vise \u00e0 offrir un \u00e9ventail&hellip;\n","protected":false},"author":2,"featured_media":23669,"comment_status":"","ping_status":"","sticky":false,"template":"","format":"standard","meta":{"footnotes":""},"categories":[2816],"tags":[1111,11,1777,674,1011,27,12,2680,301,25,2312],"class_list":{"0":"post-282266","1":"post","2":"type-post","3":"status-publish","4":"format-standard","5":"has-post-thumbnail","7":"category-toulouse","8":"tag-actu","9":"tag-actualites","10":"tag-eu","11":"tag-europe","12":"tag-fr","13":"tag-france","14":"tag-news","15":"tag-occitanie","16":"tag-premium","17":"tag-republique-francaise","18":"tag-toulouse"},"share_on_mastodon":{"url":"https:\/\/pubeurope.com\/@fr\/114937430248612710","error":""},"_links":{"self":[{"href":"https:\/\/www.europesays.com\/fr\/wp-json\/wp\/v2\/posts\/282266","targetHints":{"allow":["GET"]}}],"collection":[{"href":"https:\/\/www.europesays.com\/fr\/wp-json\/wp\/v2\/posts"}],"about":[{"href":"https:\/\/www.europesays.com\/fr\/wp-json\/wp\/v2\/types\/post"}],"author":[{"embeddable":true,"href":"https:\/\/www.europesays.com\/fr\/wp-json\/wp\/v2\/users\/2"}],"replies":[{"embeddable":true,"href":"https:\/\/www.europesays.com\/fr\/wp-json\/wp\/v2\/comments?post=282266"}],"version-history":[{"count":0,"href":"https:\/\/www.europesays.com\/fr\/wp-json\/wp\/v2\/posts\/282266\/revisions"}],"wp:featuredmedia":[{"embeddable":true,"href":"https:\/\/www.europesays.com\/fr\/wp-json\/wp\/v2\/media\/23669"}],"wp:attachment":[{"href":"https:\/\/www.europesays.com\/fr\/wp-json\/wp\/v2\/media?parent=282266"}],"wp:term":[{"taxonomy":"category","embeddable":true,"href":"https:\/\/www.europesays.com\/fr\/wp-json\/wp\/v2\/categories?post=282266"},{"taxonomy":"post_tag","embeddable":true,"href":"https:\/\/www.europesays.com\/fr\/wp-json\/wp\/v2\/tags?post=282266"}],"curies":[{"name":"wp","href":"https:\/\/api.w.org\/{rel}","templated":true}]}}