{"id":282275,"date":"2025-07-29T16:23:17","date_gmt":"2025-07-29T16:23:17","guid":{"rendered":"https:\/\/www.europesays.com\/fr\/282275\/"},"modified":"2025-07-29T16:23:17","modified_gmt":"2025-07-29T16:23:17","slug":"haifa-raturee-de-la-liste-des-villes-jumelles-sur-un-panneau-dentree-dagglomeration","status":"publish","type":"post","link":"https:\/\/www.europesays.com\/fr\/282275\/","title":{"rendered":"Ha\u00effa ratur\u00e9e de la liste des villes jumelles sur un panneau d\u2019entr\u00e9e d\u2019agglom\u00e9ration"},"content":{"rendered":"<p>Un panneau qui liste les diff\u00e9rentes villes jumel\u00e9es avec Marseille a \u00e9t\u00e9 victime de d\u00e9gradations. La ville isra\u00e9lienne d\u2019Ha\u00effa a \u00e9t\u00e9 barr\u00e9e d\u2019un trait noir, avant que le panneau ne soit remplac\u00e9 par la ville.<\/p>\n<p class=\"fig-paragraph\">La pr\u00e9sidente du conseil de l\u2019antenne marseillaise du<a href=\"http:\/\/www.lefigaro.fr\/marseille\/marseille-prison-ferme-pour-l-homme-accuse-de-menaces-de-mort-envers-le-crif-20250724\" data-fig-type=\"NewsFlash\" data-gtm-custom-categorie=\"navigation\" data-gtm-custom-action=\"crossclick\" data-gtm-custom-label=\"Contextuel\" data-gtm-event=\"customEventSPE\" data-fig-domain=\"LEFIGARO\" target=\"_blank\" rel=\"noopener\">\u00a0conseil repr\u00e9sentatif des institutions juives de France\u00a0<\/a>(Crif) d\u00e9nonce sur X \u00abun geste l\u00e2che\u00bb et \u00abune tentative d\u2019effacement\u00bb mus par \u00abla haine.\u00bb \u00c0 l\u2019entr\u00e9e de Marseille, \u00e0 la lisi\u00e8re de Sept\u00e8mes-les-Vallons, le panneau qui liste les diff\u00e9rentes villes jumel\u00e9es \u00e0 la cit\u00e9 phoc\u00e9enne a \u00e9t\u00e9 victime de d\u00e9gradations.<\/p>\n<p class=\"fig-paragraph\">Selon une photo publi\u00e9e par le collectif d\u2019\u00e9lus et de militants de la droite marseillaise \u00abUne g\u00e9n\u00e9ration pour Marseille\u00bb, on peut ainsi distinguer un trait noir peint sur la ville isra\u00e9lienne\u00a0<a href=\"http:\/\/www.lefigaro.fr\/marseille\/marseille-les-insoumis-appuient-la-demande-des-ecologistes-sur-la-fin-du-jumelage-avec-haifa-en-israel-20250617\" data-fig-type=\"NewsFlash\" data-gtm-custom-categorie=\"navigation\" data-gtm-custom-action=\"crossclick\" data-gtm-custom-label=\"Contextuel\" data-gtm-event=\"customEventSPE\" data-fig-domain=\"LEFIGARO\" target=\"_blank\" rel=\"noopener\">d\u2019Ha\u00effa<\/a>, afin qu\u2019elle soit ray\u00e9e de la liste. \u00abCeux qui veulent l\u2019effacer veulent nous fracturer, \u00e9crit le collectif. Beno\u00eet Payan, r\u00e9agissez enfin\u00a0!\u00bb<\/p>\n<p>                                    <a class=\"fig-a11y-skip a11y-hidden\" href=\"#fig-a11y-skip-main-inarticle\"><br \/>\n        Passer la publicit\u00e9<br \/>\n    <\/a><\/p>\n<p>Un jumelage contest\u00e9<\/p>\n<p class=\"fig-paragraph\">Contact\u00e9, l\u2019entourage de Beno\u00eet Payan confirme la d\u00e9gradation et pr\u00e9cise que \u00able panneau a \u00e9t\u00e9 nettoy\u00e9 et remplac\u00e9 [dans la] nuit\u00bb. Selon cette m\u00eame source, aucune plainte n\u2019a \u00e9t\u00e9 d\u00e9pos\u00e9e par la mairie de Marseille.<\/p>\n<p class=\"fig-paragraph\">En juin dernier, plusieurs \u00e9lus et militants de gauche \u00e0 Marseille ont appel\u00e9 \u00e0 mettre fin au jumelage avec la ville portuaire d\u2019<a href=\"http:\/\/www.lefigaro.fr\/marseille\/marseille-des-elus-demandent-la-suspension-d-un-jumelage-en-israel-payan-en-annonce-un-autre-en-palestine-20250610\" data-fig-type=\"NewsFlash\" data-gtm-custom-categorie=\"navigation\" data-gtm-custom-action=\"crossclick\" data-gtm-custom-label=\"Contextuel\" data-gtm-event=\"customEventSPE\" data-fig-domain=\"LEFIGARO\" target=\"_blank\" rel=\"noopener\">Ha\u00effa<\/a>\u00a0en Isra\u00ebl, une demande \u00e0 laquelle s\u2019oppose le maire divers gauche Beno\u00eet Payan, estimant qu\u2019il serait \u00abinjuste\u00bb de \u00abpunir\u00bb Ha\u00effa. La ville de Marseille a annonc\u00e9 par ailleurs sa volont\u00e9 de se jumeler avec une ville palestinienne, pr\u00e9cisant que des discussions \u00e9taient ouvertes avec deux villes en Cisjordanie.<\/p>\n","protected":false},"excerpt":{"rendered":"Un panneau qui liste les diff\u00e9rentes villes jumel\u00e9es avec Marseille a \u00e9t\u00e9 victime de d\u00e9gradations. La ville isra\u00e9lienne&hellip;\n","protected":false},"author":2,"featured_media":282276,"comment_status":"","ping_status":"","sticky":false,"template":"","format":"standard","meta":{"footnotes":""},"categories":[2814],"tags":[1111,11,6469,1777,674,1011,27,664,884,12,882,25],"class_list":{"0":"post-282275","1":"post","2":"type-post","3":"status-publish","4":"format-standard","5":"has-post-thumbnail","7":"category-marseille","8":"tag-actu","9":"tag-actualites","10":"tag-benoit-payan","11":"tag-eu","12":"tag-europe","13":"tag-fr","14":"tag-france","15":"tag-israel","16":"tag-marseille","17":"tag-news","18":"tag-provence-alpes-cote-dazur","19":"tag-republique-francaise"},"share_on_mastodon":{"url":"https:\/\/pubeurope.com\/@fr\/114937450082985311","error":""},"_links":{"self":[{"href":"https:\/\/www.europesays.com\/fr\/wp-json\/wp\/v2\/posts\/282275","targetHints":{"allow":["GET"]}}],"collection":[{"href":"https:\/\/www.europesays.com\/fr\/wp-json\/wp\/v2\/posts"}],"about":[{"href":"https:\/\/www.europesays.com\/fr\/wp-json\/wp\/v2\/types\/post"}],"author":[{"embeddable":true,"href":"https:\/\/www.europesays.com\/fr\/wp-json\/wp\/v2\/users\/2"}],"replies":[{"embeddable":true,"href":"https:\/\/www.europesays.com\/fr\/wp-json\/wp\/v2\/comments?post=282275"}],"version-history":[{"count":0,"href":"https:\/\/www.europesays.com\/fr\/wp-json\/wp\/v2\/posts\/282275\/revisions"}],"wp:featuredmedia":[{"embeddable":true,"href":"https:\/\/www.europesays.com\/fr\/wp-json\/wp\/v2\/media\/282276"}],"wp:attachment":[{"href":"https:\/\/www.europesays.com\/fr\/wp-json\/wp\/v2\/media?parent=282275"}],"wp:term":[{"taxonomy":"category","embeddable":true,"href":"https:\/\/www.europesays.com\/fr\/wp-json\/wp\/v2\/categories?post=282275"},{"taxonomy":"post_tag","embeddable":true,"href":"https:\/\/www.europesays.com\/fr\/wp-json\/wp\/v2\/tags?post=282275"}],"curies":[{"name":"wp","href":"https:\/\/api.w.org\/{rel}","templated":true}]}}