{"id":282301,"date":"2025-07-29T16:37:12","date_gmt":"2025-07-29T16:37:12","guid":{"rendered":"https:\/\/www.europesays.com\/fr\/282301\/"},"modified":"2025-07-29T16:37:12","modified_gmt":"2025-07-29T16:37:12","slug":"grece-portugal-turquie-le-point-sur-les-incendies-en-cours-en-europe","status":"publish","type":"post","link":"https:\/\/www.europesays.com\/fr\/282301\/","title":{"rendered":"Gr\u00e8ce, Portugal, Turquie\u2026 Le point sur les incendies en cours en Europe"},"content":{"rendered":"<p class=\"article-p mdl\">Les feux sont nombreux en Europe. <strong>Le Portugal lutte contre plusieurs incendies<\/strong>, notamment dans les r\u00e9gions nord et centre du pays, attis\u00e9s par des conditions m\u00e9t\u00e9orologiques d\u00e9favorables, avec des temp\u00e9ratures \u00e9lev\u00e9es et des vents soutenus, selon la protection civile.<\/p>\n<p class=\"article-p mdl\">Pr\u00e8s de 2.000 pompiers,\u00a0<a class=\"link\" href=\"https:\/\/www.rtl.fr\/actu\/justice-faits-divers\/edito-incendies-on-n-a-toujours-que-12-canadairs-hors-d-age-pour-faire-face-aux-feux-deplore-isabelle-saporta-7900522520\" title=\"\u00c9DITO - Incendies : &quot;On n\u2019a toujours que 12 Canadairs hors d\u2019\u00e2ge pour faire face aux feux&quot;, d\u00e9plore Isabelle Saporta\" rel=\"nofollow noopener\" target=\"_blank\">aid\u00e9s de 26 moyens a\u00e9riens<\/a>, \u00e9taient mobilis\u00e9s ce mardi 29 juillet en milieu de journ\u00e9e \u00e0 travers le pays pour combattre <strong>des feux de for\u00eat et de broussailles<\/strong>, surtout dans le nord et le centre, selon le dernier point de l&rsquo;Autorit\u00e9 nationale de la protection civile.<\/p>\n<p class=\"article-p mdl\">La situation la plus pr\u00e9occupante se concentrait dans une zone d\u2019eucalyptus pr\u00e8s de la commune d\u2019Arouca (centre), mobilisant <strong>quelque 600 professionnels et 195 moyens terrestres<\/strong>.<\/p>\n<p class=\"article-p mdl\">D\u00e9clench\u00e9 samedi pr\u00e8s de la fronti\u00e8re espagnole, cet incendie avait menac\u00e9 plusieurs habitations, si bien que plusieurs personnes avaient d\u00fb \u00eatre \u00e9vacu\u00e9es vers une \u00e9glise voisine. Ce brasier a d\u00e9j\u00e0 consum\u00e9<strong> \u00ab\u00a0pr\u00e8s de 2.000 hectares\u00a0\u00bb<\/strong>, selon des estimations provisoires. Les autorit\u00e9s redoutent une aggravation de la situation au cours des prochains jours <strong>en raison de la chaleur persistante<\/strong> et appellent \u00e0 la vigilance.<\/p>\n<p>            Dix-neuf villages \u00e9vacu\u00e9s en Turquie<\/p>\n<p class=\"article-p mdl\">La Turquie bataille toujours, depuis lundi 28 juillet, contre <strong>quatre incendies majeurs, dont celui de Bursa<\/strong>, quatri\u00e8me ville du pays et vaste site industriel dans le nord-ouest, a indiqu\u00e9 le ministre de l&rsquo;Agriculture et des For\u00eats.<\/p>\n<p class=\"article-p mdl\">Outre Bursa, o\u00f9 le feu fait rage depuis samedi soir, la r\u00e9gion de Karab\u00fck (nord), la plus bois\u00e9e du pays qui abrite notamment la petite ville touristique de Safranbolu, et celle de Kahramanmaras (sud) sont \u00e9galement touch\u00e9es, a d\u00e9taill\u00e9 Ibrahim Yumakli.<\/p>\n<p class=\"article-p mdl\">\u00ab\u00a0Cinq foyers ont \u00e9t\u00e9 ma\u00eetris\u00e9s dans quatre provinces\u00a0\u00bb mais le travail des pompiers est rendu difficile <strong>par la force du vent qui attise les flammes<\/strong>, a-t-il expliqu\u00e9 sans pr\u00e9ciser l&rsquo;\u00e9tendue des zones sinistr\u00e9es.<\/p>\n<p class=\"article-p mdl\">\u00ab\u00a0Compte tenu de la taille et de\u00a0<a class=\"link\" href=\"https:\/\/www.rtl.fr\/actu\/meteo\/les-infos-de-12h30-feux-dans-l-aude-c-est-un-desastre-beatrice-decrit-sur-rtl-la-devastation-de-son-champ-par-les-flammes-7900526341\" title=\"Les infos de 12h30 \u2013 &quot;Un champ de ruines&quot; : B\u00e9atrice d\u00e9crit sur RTL la d\u00e9vastation de son champ par les incendies dans l&#039;Aude\" rel=\"nofollow noopener\" target=\"_blank\">l&rsquo;intensit\u00e9 des incendies<\/a>, la capacit\u00e9 de l&rsquo;\u00c9tat \u00e0 r\u00e9agir rapidement dans de telles catastrophes est parfois limit\u00e9e\u00a0\u00bb a ajout\u00e9 lundi le ministre. \u00ab\u00a0S&rsquo;il y a du vent, il n&rsquo;y a pas d&rsquo;avions, et il faut des heures pour que vous en preniez le contr\u00f4le, il faut m\u00eame des jours\u00a0\u00bb a-t-il indiqu\u00e9 en appelant les \u00ab\u00a086 millions de nos citoyens \u00e0 garder cette pr\u00e9cision en t\u00eate\u00a0\u00bb.<\/p>\n<p class=\"article-p mdl\">Dix-neuf villages <strong>ont d\u00fb \u00eatre \u00e9vacu\u00e9s<\/strong> dans la r\u00e9gion de Safranbolu, et plus de 3.500 personnes autour de Bursa.<\/p>\n<p>            Plus de \u00ab\u00a0foyer actif\u00a0\u00bb en Gr\u00e8ce<\/p>\n<p class=\"article-p mdl\">En Gr\u00e8ce,\u00a0<a class=\"link\" href=\"https:\/\/www.rtl.fr\/actu\/international\/grece-des-incendies-ravageurs-touchent-le-peloponnese-de-nombreux-departs-de-feu-comptabilises-7900526345\" title=\"Gr\u00e8ce : des incendies ravageurs touchent le P\u00e9loponn\u00e8se, de nombreux d\u00e9parts de feu comptabilis\u00e9s\" rel=\"nofollow noopener\" target=\"_blank\">apr\u00e8s un week-end de forte mobilisation<\/a>, les pompiers grecs ont assur\u00e9 lundi 28 juillet qu&rsquo;il n&rsquo;y avait plus de \u00ab\u00a0foyer actif\u00a0\u00bb mais la vigilance reste de rigueur dans certaines parties du pays.<\/p>\n<p>Lundi apr\u00e8s-midi, un nouveau feu de for\u00eat s&rsquo;est d\u00e9clench\u00e9 pr\u00e8s du campus universitaire \u00e0 Zografou, \u00e0 l&rsquo;est d&rsquo;Ath\u00e8nes. Selon les pompiers, <strong>65 sapeurs-pompiers, 20 v\u00e9hicules<\/strong>, 7 h\u00e9licopt\u00e8res et 6 avions ont \u00e9t\u00e9 mobilis\u00e9s. Un message d&rsquo;alerte de la protection civile a \u00e9t\u00e9 envoy\u00e9 aux habitants de la r\u00e9gion \u00e9largie, les invitant \u00e0 rester vigilants et \u00e0 suivre les instructions des autorit\u00e9s.<\/p>\n<p>Malgr\u00e9 le recul de la vague de canicule prolong\u00e9e qui avait frapp\u00e9 le pays la semaine derni\u00e8re avec des temp\u00e9ratures ayant atteint <strong>plus de 45\u00b0C dans l&rsquo;ouest du pays<\/strong> et plus de 42\u00b0C \u00e0 Ath\u00e8nes, les autorit\u00e9s ont maintenu lundi la vigilance orange dans certaines r\u00e9gions, surtout dans l&rsquo;est et le sud du pays.<\/p>\n<p>Dimanche, les pompiers ont lutt\u00e9 pour la deuxi\u00e8me journ\u00e9e cons\u00e9cutive contre les incendies, nourris par des vents forts \u00e0 Kryoneri et Drosopigi, \u00e0 30 km d&rsquo;Ath\u00e8nes, <strong>ainsi que dans le P\u00e9loponn\u00e8se (sud)<\/strong>, sur l&rsquo;\u00eele d&rsquo;Eub\u00e9e (ouest),les \u00eeles de Cyth\u00e8re et la Cr\u00e8te (sud).<\/p>\n<p>Les autorit\u00e9s avaient appel\u00e9 samedi les habitants \u00e0 \u00e9vacuer Drosopigi et Kryoneri o\u00f9 certaines maisons ont br\u00fbl\u00e9.<\/p>\n<p>    La r\u00e9daction vous recommande<\/p>\n<p class=\"s-newsletter__title\">\n                L\u2019actualit\u00e9 par la r\u00e9daction de RTL dans votre bo\u00eete mail.\n            <\/p>\n<p class=\"s-newsletter__subtitle\">\n                Gr\u00e2ce \u00e0 votre compte RTL abonnez-vous \u00e0 la newsletter RTL info pour suivre toute l&rsquo;actualit\u00e9 au quotidien\n            <\/p>\n<p>\n                                    Lire la suite\n                                <\/p>\n","protected":false},"excerpt":{"rendered":"Les feux sont nombreux en Europe. Le Portugal lutte contre plusieurs incendies, notamment dans les r\u00e9gions nord et&hellip;\n","protected":false},"author":2,"featured_media":282302,"comment_status":"","ping_status":"","sticky":false,"template":"","format":"standard","meta":{"footnotes":""},"categories":[1586],"tags":[11,1777,674,107,1011,27,8906,1310,12,6996,25,3496],"class_list":{"0":"post-282301","1":"post","2":"type-post","3":"status-publish","4":"format-standard","5":"has-post-thumbnail","7":"category-europe","8":"tag-actualites","9":"tag-eu","10":"tag-europe","11":"tag-fil-info","12":"tag-fr","13":"tag-france","14":"tag-grece","15":"tag-incendie","16":"tag-news","17":"tag-portugal","18":"tag-republique-francaise","19":"tag-turquie"},"share_on_mastodon":{"url":"https:\/\/pubeurope.com\/@fr\/114937505013598495","error":""},"_links":{"self":[{"href":"https:\/\/www.europesays.com\/fr\/wp-json\/wp\/v2\/posts\/282301","targetHints":{"allow":["GET"]}}],"collection":[{"href":"https:\/\/www.europesays.com\/fr\/wp-json\/wp\/v2\/posts"}],"about":[{"href":"https:\/\/www.europesays.com\/fr\/wp-json\/wp\/v2\/types\/post"}],"author":[{"embeddable":true,"href":"https:\/\/www.europesays.com\/fr\/wp-json\/wp\/v2\/users\/2"}],"replies":[{"embeddable":true,"href":"https:\/\/www.europesays.com\/fr\/wp-json\/wp\/v2\/comments?post=282301"}],"version-history":[{"count":0,"href":"https:\/\/www.europesays.com\/fr\/wp-json\/wp\/v2\/posts\/282301\/revisions"}],"wp:featuredmedia":[{"embeddable":true,"href":"https:\/\/www.europesays.com\/fr\/wp-json\/wp\/v2\/media\/282302"}],"wp:attachment":[{"href":"https:\/\/www.europesays.com\/fr\/wp-json\/wp\/v2\/media?parent=282301"}],"wp:term":[{"taxonomy":"category","embeddable":true,"href":"https:\/\/www.europesays.com\/fr\/wp-json\/wp\/v2\/categories?post=282301"},{"taxonomy":"post_tag","embeddable":true,"href":"https:\/\/www.europesays.com\/fr\/wp-json\/wp\/v2\/tags?post=282301"}],"curies":[{"name":"wp","href":"https:\/\/api.w.org\/{rel}","templated":true}]}}